{"id":138966,"date":"2026-01-16T09:03:08","date_gmt":"2026-01-16T09:03:08","guid":{"rendered":"https:\/\/www.europesays.com\/no\/138966\/"},"modified":"2026-01-16T09:03:08","modified_gmt":"2026-01-16T09:03:08","slug":"renner-inn-med-smaulykker-smasleipt-og-ubehagelig","status":"publish","type":"post","link":"https:\/\/www.europesays.com\/no\/138966\/","title":{"rendered":"Renner inn med sm\u00e5ulykker: \u2013 Sm\u00e5sleipt og ubehagelig"},"content":{"rendered":"\n<p class=\"_lead_o9xde_2 _lead_xtcu6_50 layout-component text-serif-m layout-normal text-serif-l layout-component layout-wide layout-padded _wide_17hqh_1 layout-padded\">Det har v\u00e6rt nok \u00e5 gj\u00f8re for bilbergerne p\u00e5 \u00d8stlandet morgentimene. <\/p>\n<p><img alt=\"En personbil og en lastebil er involvert i en trafikkulykke p\u00e5 E18, rett utenfor Bring\u00e5kertunnelen, s\u00f8rg\u00e5ende l\u00f8p. Foto: Statens vegvesen\" class=\"_image_qp4xg_65 layout-component layout-wide\" data-fullscreen- data-track-element-type=\"Article image fullscreen\" data-track-name=\"ImageFullscreen\" fetchpriority=\"high\" decoding=\"sync\" loading=\"eager\" height=\"1146\" itemprop=\"image\"  src=\"https:\/\/www.europesays.com\/no\/wp-content\/uploads\/2026\/01\/c448cf47-6f17-422f-bab1-9e1597696c70.jpeg\"  style=\"object-position:0% 0%\" width=\"2046\"\/>En personbil og en lastebil er involvert i en trafikkulykke p\u00e5 E18, rett utenfor Bring\u00e5kertunnelen, s\u00f8rg\u00e5ende l\u00f8p. Foto: Statens vegvesen<\/p>\n<ul aria-hidden=\"true\" class=\"_images_ntbth_112\">\n<li><a class=\"_link_ntbth_117\" href=\"https:\/\/www.vg.no\/forfatter\/magnus-borlaug-eriksen\" style=\"z-index:2\" title=\"Magnus Borlaug Eriksen\" rel=\"nofollow noopener\" target=\"_blank\"><img alt=\"Bilde av Magnus Borlaug Eriksen\" class=\"_image_ntbth_93\" fetchpriority=\"low\" loading=\"lazy\" decoding=\"async\" itemprop=\"image\"  src=\"https:\/\/www.europesays.com\/no\/wp-content\/uploads\/2026\/01\/1768554188_669_877378e9-5217-48a4-b6dc-629bc6b22663.png\"  width=\"480\"\/><\/a><\/li>\n<li><a class=\"_link_ntbth_117\" href=\"https:\/\/www.vg.no\/forfatter\/vilde-elgaaen\" style=\"z-index:1\" title=\"Vilde Elgaaen\" rel=\"nofollow noopener\" target=\"_blank\"><img alt=\"Bilde av Vilde Elgaaen\" class=\"_image_ntbth_93\" fetchpriority=\"low\" loading=\"lazy\" decoding=\"async\" itemprop=\"image\"  src=\"https:\/\/www.europesays.com\/no\/wp-content\/uploads\/2026\/01\/d7abc11e-e453-4b15-b473-933209ff5fea.jpeg\"  width=\"480\"\/><\/a><\/li>\n<\/ul>\n<p> Oppdatert fredag 16. januar kl. 09:55    <\/p>\n<ul class=\"_list_o9xde_3 _list_64s2r_85 _unordered_o9xde_106 text-sans-m\">\n<li class=\"_item_o9xde_30\">Krevende kj\u00f8reforhold har f\u00f8rt til flere ulykker og trafikkproblemer p\u00e5 \u00d8stlandet.<\/li>\n<li class=\"_item_o9xde_30\">Politiet og trafikkoperat\u00f8rer oppfordrer bilistene til \u00e5 kj\u00f8re forsiktig og tilpasse farten etter forholdene.<\/li>\n<\/ul>\n<p>Vis mer <\/p>\n<p class=\"_paragraph_o9xde_4 _paragraph_xtcu6_10 layout-component text-serif-m layout-normal text-serif-m layout-padded\">\u2013 Det ramler inn med meldinger!<\/p>\n<p class=\"_paragraph_o9xde_4 _paragraph_xtcu6_10 layout-component text-serif-m layout-normal text-serif-m layout-padded\">Det sier operasjonsleder Jan Tore Gregersen i S\u00f8r-\u00d8st politidistrikt om de trafikale problemene i distriktet hans. <\/p>\n<p class=\"_paragraph_o9xde_4 _paragraph_xtcu6_10 layout-component text-serif-m layout-normal text-serif-m layout-padded\">\u2013 Det er krevende kj\u00f8reforhold flere steder. Vi er p\u00e5 tre ulykker p\u00e5 E18 akkurat n\u00e5, sier han rett f\u00f8r klokken ni. <\/p>\n<p class=\"_paragraph_o9xde_4 _paragraph_xtcu6_10 layout-component text-serif-m layout-normal text-serif-m layout-padded\">I loggen til politidistriktet kan man lese f\u00f8lgende: <\/p>\n<ul class=\"_list_o9xde_3 _list_xtcu6_9 _unordered_o9xde_106 layout-component text-serif-m layout-normal text-serif-m layout-padded\">\n<li class=\"_item_o9xde_30\">08.51: N\u00f8detater er p\u00e5 vei til E18, litt nord for Bolstadtunnelen, nordg\u00e5ende l\u00f8p. En personbil har kj\u00f8rt inn i autovernet<\/li>\n<li class=\"_item_o9xde_30\">08.54: N\u00f8detater er p\u00e5 vei til en trafikkulykke p\u00e5 E18, rett utenfor Bring\u00e5kertunnelen, s\u00f8rg\u00e5ende l\u00f8p. En personbil og en lastebil er involvert, det fremst\u00e5r ikke til \u00e5 v\u00e6re alvorlige skader. <\/li>\n<li class=\"_item_o9xde_30\">08.28: Politi og bilberger er p\u00e5 vei til E134, ca. 1 km nord for \u00c5mot, retning Haukeli. En lastebil kommer seg ikke videre og sperrer deler av veien. Ingen ulykke, det sn\u00f8r p\u00e5 stedet og er glatt veibane.<\/li>\n<\/ul>\n<p class=\"_paragraph_o9xde_4 _paragraph_xtcu6_10 layout-component text-serif-m layout-normal text-serif-m layout-padded\">Operasjonsleder Gregersen oppfordrer bilistene i distriktet hans til \u00e5 v\u00e6re ekstra \u00e5rv\u00e5kne. <\/p>\n<p class=\"_paragraph_o9xde_4 _paragraph_xtcu6_10 layout-component text-serif-m layout-normal text-serif-m layout-padded\">\u2013 Kj\u00f8r forsiktig, holdt god avstand. Bruk heller litt lengre tid. Vi vil at alle skal komme trygt frem dit de skal. Kj\u00f8r etter forholdene rett og slett. <\/p>\n<p class=\"_paragraph_o9xde_4 _paragraph_xtcu6_10 layout-component text-serif-m layout-normal text-serif-m layout-padded\">Men det er ikke bare i S\u00f8r-\u00d8st de har problemer. <\/p>\n<p class=\"_paragraph_o9xde_4 _paragraph_xtcu6_10 layout-component text-serif-m layout-normal text-serif-m layout-padded\">Operasjonsleder H\u00e5kon Hatle i \u00d8st politidistrikt forteller at bilbergerne i hans distrikt har nok \u00e5 gj\u00f8re n\u00e5. <\/p>\n<p class=\"_paragraph_o9xde_4 _paragraph_xtcu6_10 layout-component text-serif-m layout-normal text-serif-m layout-padded\">\u2013 Det fremst\u00e5r som at det er litt sm\u00e5leit og ubehagelig f\u00f8re rundt omkring. Eksempelvis Follo og <a href=\"https:\/\/www.vg.no\/tag\/oestfold?utm_source=vg-article&amp;utm_medium=auto-tagger&amp;utm_campaign=Gxa8Q6\" class=\"_link_o9xde_39\" rel=\"nofollow noopener\" target=\"_blank\">\u00d8stfold<\/a>. Jeg merket det selv p\u00e5 vei til jobben. Man tror det er bar asfalt, og det er det ikke.<\/p>\n<p class=\"_paragraph_o9xde_4 _paragraph_xtcu6_10 layout-component text-serif-m layout-normal text-serif-m layout-padded\">Operasjonslederen sier de har hatt \u00aben god del\u00bb trafikkuhell s\u00e5 langt i dag, men at det ingen av dem fremst\u00e5r alvorlige. <\/p>\n<p class=\"_paragraph_o9xde_4 _paragraph_xtcu6_10 layout-component text-serif-m layout-normal text-serif-m layout-padded\">\u2013 Men det blir jo materielle skader. Jeg vil tro Viking og de andre bilbergerne har nok \u00e5 gj\u00f8re. Det er vel s\u00e5nn dagen i dag vil bli tror jeg, sier Hatle. <\/p>\n<p class=\"_paragraph_o9xde_4 _paragraph_xtcu6_10 layout-component text-serif-m layout-normal text-serif-m layout-padded\">Hatle forteller at det spesielt har v\u00e6rt problemer ved en p\u00e5kj\u00f8ring til Son, og en avkj\u00f8ring fra Son. Mens han er p\u00e5 tr\u00e5den st\u00e5r trafikken bom stille i retning Son fra Oslo. <\/p>\n<p class=\"_paragraph_o9xde_4 _paragraph_xtcu6_10 layout-component text-serif-m layout-normal text-serif-m layout-padded\">\u2013 I sted kj\u00f8rte to biler ut p\u00e5 p\u00e5kj\u00f8ringsrampen, n\u00e5 er avkj\u00f8ringsrampen i s\u00f8rg\u00e5ende retning hvor et vogntog har kj\u00f8rt seg fast. Det er en bilberger i omr\u00e5det som egentlig skal berge en bil som st\u00e5r bak vogntoget. Det baller p\u00e5 seg!<\/p>\n<p>        <video id=\"video0229002_1\" controls=\"\" width=\"100%\" autoplay=\"\" muted=\"\" playsinline=\"\"\/><\/p>\n<p id=\"veikameraVideo0229002_1\" style=\"font-size:13px; line-height:1.33; margin: 0 16px\">\n             E6 Sonsveien. Retning MOT MOSS. Webkamera: Statens vegvesen\n        <\/p>\n<p>        \u2013 Utvis varsomhet<\/p>\n<p class=\"_paragraph_o9xde_4 _paragraph_xtcu6_10 layout-component text-serif-m layout-normal text-serif-m layout-padded\">Meteorolog Espen Byseth Granan ved Meteorologisk institutt sier at det er temperaturforskjeller mellom kysten og indre str\u00f8k p\u00e5 \u00d8stlandet fredag. <\/p>\n<p class=\"_paragraph_o9xde_4 _paragraph_xtcu6_10 layout-component text-serif-m layout-normal text-serif-m layout-padded\">\u2013 Det har sn\u00f8dd mye tidligere i uka. N\u00e5 er det mildv\u00e6r og regn flere steder. Den kombinasjonen kan f\u00f8re til glatte veier, sier Granan. <\/p>\n<p class=\"_paragraph_o9xde_4 _paragraph_xtcu6_10 layout-component text-serif-m layout-normal text-serif-m layout-padded\">Han sier at en kombinasjon av sn\u00f8, is og regn i veibanen kan f\u00f8re til glatte forhold, og oppfordrer bilister til \u00e5 utvise varsomhet. <\/p>\n<p class=\"_paragraph_o9xde_4 _paragraph_xtcu6_10 layout-component text-serif-m layout-normal text-serif-m layout-padded\">\u2013 Det er noen lokale forskjeller. Det er absolutt grunn til \u00e5 v\u00e6re mer forsiktig enn vanlig, sier han om forholdene p\u00e5 \u00d8stlandet. <\/p>\n<p>\u2013 Litt klabb og babb <\/p>\n<p class=\"_paragraph_o9xde_4 _paragraph_xtcu6_10 layout-component text-serif-m layout-normal text-serif-m layout-padded\">Trafikkoperat\u00f8r Gunnar Dovland i Vegtrafikksentralen \u00d8st sier til VG at det har v\u00e6rt en del hendelser hvor folk har sklidd av veien og f\u00e5tt hjulene i sn\u00f8slaps. <\/p>\n<p class=\"_paragraph_o9xde_4 _paragraph_xtcu6_10 layout-component text-serif-m layout-normal text-serif-m layout-padded\">Ogs\u00e5 Dovland trekker frem de trafikale problemene ved Son. <\/p>\n<p class=\"_paragraph_o9xde_4 _paragraph_xtcu6_10 layout-component text-serif-m layout-normal text-serif-m layout-padded\">\u2013 Der er det litt klabb og babb.<\/p>\n<p class=\"_paragraph_o9xde_4 _paragraph_xtcu6_10 layout-component text-serif-m layout-normal text-serif-m layout-padded\">Det hele startet med at to biler skled ut av p\u00e5kj\u00f8ringsfeltet. <\/p>\n<p class=\"_paragraph_o9xde_4 _paragraph_xtcu6_10 layout-component text-serif-m layout-normal text-serif-m layout-padded\">\u2013 De er berget, men vi satte ned bommen med blinkende lys, og den er det noen som har kj\u00f8rt inn i og s\u00e5 stukket fra stedet. S\u00e5 n\u00e5 m\u00e5 vi f\u00e5 sjekket om bommen fungerer, sier han oppgitt. <\/p>\n<p class=\"_paragraph_o9xde_4 _paragraph_xtcu6_10 layout-component text-serif-m layout-normal text-serif-m layout-padded\">I samme avkj\u00f8ringen, men i motsatt retning, har et vogntog havnet av veien.<\/p>\n<p class=\"_paragraph_o9xde_4 _paragraph_xtcu6_10 layout-component text-serif-m layout-normal text-serif-m layout-padded\">\u2013 Og en varebil bak ham har motorstopp. S\u00e5 der st\u00e5r trafikken, og det har den gjort en stund. Der er det litt klabb og babb. <\/p>\n<p class=\"_paragraph_o9xde_4 _paragraph_xtcu6_10 layout-component text-serif-m layout-normal text-serif-m layout-padded\">09.36 opplyser politiet at veien er \u00e5pen for ferdsel igjen. <\/p>\n<p class=\"_paragraph_o9xde_4 _paragraph_xtcu6_10 layout-component text-serif-m layout-normal text-serif-m layout-padded\">Dovland oppfordrer bilistene p\u00e5 \u00d8stlandet til \u00e5 tilpasse farten etter forholdene. <\/p>\n<p class=\"_paragraph_o9xde_4 _paragraph_xtcu6_10 layout-component text-serif-m layout-normal text-serif-m layout-padded\">\u2013 Det er lokale variasjoner. Noen steder er det en del vann i veien. Man m\u00e5 f\u00f8lge med, oppfordrer trafikkoperat\u00f8ren. <\/p>\n","protected":false},"excerpt":{"rendered":"Det har v\u00e6rt nok \u00e5 gj\u00f8re for bilbergerne p\u00e5 \u00d8stlandet morgentimene. En personbil og en lastebil er involvert&hellip;\n","protected":false},"author":2,"featured_media":138967,"comment_status":"","ping_status":"","sticky":false,"template":"","format":"standard","meta":{"footnotes":""},"categories":[10],"tags":[20,21,24,25,15,22,23,13,30,28,29,14,16,415,656,3201,26,27],"class_list":{"0":"post-138966","1":"post","2":"type-post","3":"status-publish","4":"format-standard","5":"has-post-thumbnail","7":"category-norge","8":"tag-breaking-news","9":"tag-breakingnews","10":"tag-featured-news","11":"tag-featurednews","12":"tag-headlines","13":"tag-latest-news","14":"tag-latestnews","15":"tag-news","16":"tag-no","17":"tag-norge","18":"tag-norway","19":"tag-nyheter","20":"tag-overskrifter","21":"tag-ost-politidistrikt","22":"tag-ostfold","23":"tag-sor-ost-politidistrikt","24":"tag-top-stories","25":"tag-topstories"},"share_on_mastodon":{"url":"https:\/\/pubeurope.com\/@no\/115903974781711015","error":""},"_links":{"self":[{"href":"https:\/\/www.europesays.com\/no\/wp-json\/wp\/v2\/posts\/138966","targetHints":{"allow":["GET"]}}],"collection":[{"href":"https:\/\/www.europesays.com\/no\/wp-json\/wp\/v2\/posts"}],"about":[{"href":"https:\/\/www.europesays.com\/no\/wp-json\/wp\/v2\/types\/post"}],"author":[{"embeddable":true,"href":"https:\/\/www.europesays.com\/no\/wp-json\/wp\/v2\/users\/2"}],"replies":[{"embeddable":true,"href":"https:\/\/www.europesays.com\/no\/wp-json\/wp\/v2\/comments?post=138966"}],"version-history":[{"count":0,"href":"https:\/\/www.europesays.com\/no\/wp-json\/wp\/v2\/posts\/138966\/revisions"}],"wp:featuredmedia":[{"embeddable":true,"href":"https:\/\/www.europesays.com\/no\/wp-json\/wp\/v2\/media\/138967"}],"wp:attachment":[{"href":"https:\/\/www.europesays.com\/no\/wp-json\/wp\/v2\/media?parent=138966"}],"wp:term":[{"taxonomy":"category","embeddable":true,"href":"https:\/\/www.europesays.com\/no\/wp-json\/wp\/v2\/categories?post=138966"},{"taxonomy":"post_tag","embeddable":true,"href":"https:\/\/www.europesays.com\/no\/wp-json\/wp\/v2\/tags?post=138966"}],"curies":[{"name":"wp","href":"https:\/\/api.w.org\/{rel}","templated":true}]}}