{"id":138984,"date":"2026-01-16T09:34:07","date_gmt":"2026-01-16T09:34:07","guid":{"rendered":"https:\/\/www.europesays.com\/no\/138984\/"},"modified":"2026-01-16T09:34:07","modified_gmt":"2026-01-16T09:34:07","slug":"mdg-kan-trekke-seg-fra-bystyret-i-trondheim-etter-krangel-om-sektorisering-av-midtbyen-nrk-trondelag-lokale-nyheter-tv-og-radio","status":"publish","type":"post","link":"https:\/\/www.europesays.com\/no\/138984\/","title":{"rendered":"MDG kan trekke seg fra bystyret i Trondheim etter krangel om sektorisering av Midtbyen \u2013 NRK Tr\u00f8ndelag \u2013 Lokale nyheter, TV og radio"},"content":{"rendered":"<p>Det sier gruppeleder for Milj\u00f8partiet de gr\u00f8nne i Trondheim, Tore Dyrendahl, til NRK.<\/p>\n<p>\u2013 Jeg tror nok at det er bred enighet om at vi b\u00f8r forlate byr\u00e5det, men jeg m\u00e5 vente og se hva gruppa sier.<\/p>\n<p><strong>Torsdag ble det endelig klart at H\u00f8yre ikke blir med p\u00e5 det forslaget byr\u00e5det presenterte i h\u00f8st. De har bestemt seg for \u00e5 sende samferdselsplanen tilbake for bearbeiding.<\/strong><\/p>\n<p>\u2013 Vi \u00f8nsker \u00e5 s\u00f8ke et flertall i bystyret som gir oss dette, sa gruppeleder i H\u00f8yre Mats Ramo torsdag kveld.<\/p>\n<p>Dermed ligger det an til at det ikke blir soneinndeling i sentrum av Trondheim til sommeren.<\/p>\n<p>Klokken 16.30 i ettermiddag skal MDG ha et gruppem\u00f8te. Her skal de ta en endelig beslutning for hva de skal gj\u00f8re.<\/p>\n<p><strong>\u2013 Men det ser veldig m\u00f8rkt ut for MDGs deltakelse i byr\u00e5d, fastsl\u00e5r Dyrendahl til NRK.<\/strong><\/p>\n<p>MDG mener det H\u00f8yre n\u00e5 gj\u00f8r er et klart avtalebrudd.<\/p>\n<p><strong>\u2013 <\/strong>Det st\u00e5r i plattformen at vi skal minimere gjennomgangstrafikken i midtbyen, og at vi skal ta flere andre gode grep for Midtbyen. Vi har ikke sett noen skisse til l\u00f8sning som ivaretar dette.<\/p>\n<p><img decoding=\"async\"   src=\"data:image\/gif;base64,R0lGODlhAQABAIAAAAAAAP\/\/\/yH5BAEAAAAALAAAAAABAAEAAAIBRAA7\" loading=\"eager\" alt=\"Kart for inn og utkj\u00f8ring av Trondheim sentrum\" title=\"Foto: Byr\u00e5det i Trondheim\"\/><\/p>\n<p class=\"\">Dette forslaget presenterte byr\u00e5det i h\u00f8st.<\/p>\n<p>Foto: Byr\u00e5det i Trondheim<\/p>\n<p>\u2013 Utrolig synd<\/p>\n<p>MDG synes det er utrolig synd at H\u00f8yre har gjort det vedtaket de gjorde i g\u00e5r kveld, og at de ikke vil v\u00e6re med p\u00e5 sektorinndelinga av Midtbyen.<\/p>\n<p>\u2013 Og det er f\u00f8rst og fremst aller mest synd p\u00e5 beboerne i Midtbyen og sentrum, som har stor trafikkbelastning og d\u00e5rlig bomilj\u00f8, sier Dyrendahl.<\/p>\n<p>Han mener det er behov for en tryggere sykkelby.<\/p>\n<p>\u2013 Og for de titusenvis av busspassasjerer som n\u00e5 fortsatt m\u00e5 st\u00e5 i k\u00f8 gjennom sentrum.<\/p>\n<p>\u2013 Hva er videre konsekvenser for MDGs deltakelse og bestemmelse i Trondheimspolitikken?<\/p>\n<p>\u2013 Vi vil jo fortsatt kunne f\u00e5 til flertall for flere av v\u00e5re viktige saker i bystyret. Det er jo ikke et trygt parlamentarisk grunnlag for byr\u00e5det hvis vi ender opp med \u00e5 g\u00e5 ut her n\u00e5, sier gruppeleder.<\/p>\n<p>Han gjentar at han synes det er synd at H\u00f8yre har lagt opp til at byen skal styres p\u00e5 denne m\u00e5ten.<\/p>\n<p>Fikk kritikk fra flere hold<\/p>\n<p><a href=\"https:\/\/www.nrk.no\/trondelag\/byradet-i-trondheim-vil-gjore-store-trafikkendringer-i-trondheim-1.17638497\" ec-id=\"pp:article:1.17638497\" ec-name=\"I november i fjor presenterte byr\u00e5det i Trondheim, som best\u00e5r av H\u00f8yre, MDG og Venstre, planen om \u00e5 stenge Midtbyen for gjennomgangstrafikk\" rel=\"nofollow noopener\" target=\"_blank\">I november i fjor presenterte byr\u00e5det i Trondheim, som best\u00e5r av H\u00f8yre, MDG og Venstre, planen om \u00e5 stenge Midtbyen for gjennomgangstrafikk<\/a>. \u00d8nsket et er en inndeling der du m\u00e5 kj\u00f8re ut av byen fra den samme sonen som du kj\u00f8rte inn.<\/p>\n<p>Forslaget m\u00f8tte sterk kritikk, blant annet fra N\u00e6ringsforeningen, som mener handelsstanden i Midtbyen vil tape p\u00e5 forslaget. <a href=\"https:\/\/www.nrk.no\/trondelag\/yngve-brox-mener-planene-for-midtbyen-minner-om-berlin-etter-krigen-med-virtuelle-berlinmurer-1.17655618\" ec-id=\"pp:article:1.17655618\" ec-name=\"Tidligere H\u00f8yre-topp i Trondheim, Yngve Brox, var ute og sammenligna sektorinndelinga med Berlinmuren.\" rel=\"nofollow noopener\" target=\"_blank\">Tidligere H\u00f8yre-topp i Trondheim, Yngve Brox, var ute og sammenligna sektorinndelinga med Berlinmuren. <\/a><\/p>\n<p>Januar var bare 6 dager gammel da H\u00f8yre opplyste at de br\u00f8yt samarbeidet om planen deres eget byr\u00e5d presenterte i h\u00f8st.<\/p>\n<p>\u2013 Det har v\u00e6rt en politisk sak der det har v\u00e6rt stort trykk og som det har blitt lagt mye politisk prestisje i, sa Ramo den dagen.<\/p>\n<p><a href=\"https:\/\/www.nrk.no\/trondelag\/mdg-i-trondheim-bryter-med-byradet-om-hoyre-ikke-ombestemmer-seg-1.17716812\" ec-id=\"pp:article:1.17716812\" ec-name=\"MDG svarte med en gang at de kommer til \u00e5 forlate byr\u00e5det om H\u00f8yre ikke ombestemte seg.\" rel=\"nofollow noopener\" target=\"_blank\">MDG svarte med en gang at de kommer til \u00e5 forlate byr\u00e5det om H\u00f8yre ikke ombestemte seg.<\/a><\/p>\n<p>\u2013 MDG g\u00e5r ut av byr\u00e5det og Sentrum-H\u00f8yre-samarbeidet dersom vi ikke f\u00e5r gjennomf\u00f8rt samferdselsplanen som inkluderer en sektorisert l\u00f8sning, sa Tore Dyrendahl 6. januar.<\/p>\n<p>Publisert<\/p>\n<p>16.01.2026, kl. 09.50<\/p>\n<p>Oppdatert<\/p>\n<p>16.01.2026, kl. 10.06<\/p>\n","protected":false},"excerpt":{"rendered":"Det sier gruppeleder for Milj\u00f8partiet de gr\u00f8nne i Trondheim, Tore Dyrendahl, til NRK. \u2013 Jeg tror nok at&hellip;\n","protected":false},"author":2,"featured_media":138985,"comment_status":"","ping_status":"","sticky":false,"template":"","format":"standard","meta":{"footnotes":""},"categories":[10],"tags":[20,21,24,25,15,22,23,13,30,28,29,14,16,26,27],"class_list":{"0":"post-138984","1":"post","2":"type-post","3":"status-publish","4":"format-standard","5":"has-post-thumbnail","7":"category-norge","8":"tag-breaking-news","9":"tag-breakingnews","10":"tag-featured-news","11":"tag-featurednews","12":"tag-headlines","13":"tag-latest-news","14":"tag-latestnews","15":"tag-news","16":"tag-no","17":"tag-norge","18":"tag-norway","19":"tag-nyheter","20":"tag-overskrifter","21":"tag-top-stories","22":"tag-topstories"},"share_on_mastodon":{"url":"https:\/\/pubeurope.com\/@no\/115904096687618430","error":""},"_links":{"self":[{"href":"https:\/\/www.europesays.com\/no\/wp-json\/wp\/v2\/posts\/138984","targetHints":{"allow":["GET"]}}],"collection":[{"href":"https:\/\/www.europesays.com\/no\/wp-json\/wp\/v2\/posts"}],"about":[{"href":"https:\/\/www.europesays.com\/no\/wp-json\/wp\/v2\/types\/post"}],"author":[{"embeddable":true,"href":"https:\/\/www.europesays.com\/no\/wp-json\/wp\/v2\/users\/2"}],"replies":[{"embeddable":true,"href":"https:\/\/www.europesays.com\/no\/wp-json\/wp\/v2\/comments?post=138984"}],"version-history":[{"count":0,"href":"https:\/\/www.europesays.com\/no\/wp-json\/wp\/v2\/posts\/138984\/revisions"}],"wp:featuredmedia":[{"embeddable":true,"href":"https:\/\/www.europesays.com\/no\/wp-json\/wp\/v2\/media\/138985"}],"wp:attachment":[{"href":"https:\/\/www.europesays.com\/no\/wp-json\/wp\/v2\/media?parent=138984"}],"wp:term":[{"taxonomy":"category","embeddable":true,"href":"https:\/\/www.europesays.com\/no\/wp-json\/wp\/v2\/categories?post=138984"},{"taxonomy":"post_tag","embeddable":true,"href":"https:\/\/www.europesays.com\/no\/wp-json\/wp\/v2\/tags?post=138984"}],"curies":[{"name":"wp","href":"https:\/\/api.w.org\/{rel}","templated":true}]}}