{"id":138990,"date":"2026-01-16T09:41:07","date_gmt":"2026-01-16T09:41:07","guid":{"rendered":"https:\/\/www.europesays.com\/no\/138990\/"},"modified":"2026-01-16T09:41:07","modified_gmt":"2026-01-16T09:41:07","slug":"grov-vold-narkotika-utsatt-for-grov-vold-midt-i-sentrum-et-stort-sjokk-for-ham","status":"publish","type":"post","link":"https:\/\/www.europesays.com\/no\/138990\/","title":{"rendered":"Grov vold, Narkotika | Utsatt for grov vold midt i sentrum: \u2013 Et stort sjokk for ham"},"content":{"rendered":"\n<p>Voldsepisoden skjedde utenfor Hotel Norge <a href=\"https:\/\/www.ba.no\/travel-natt-for-politiet\/s\/5-8-3281791\" rel=\"Follow nofollow noopener\" target=\"_blank\">natt til torsdag.<\/a><\/p>\n<p>De to mennene skal ha sl\u00e5tt og sparket en annen mann i 20-\u00e5rene, f\u00f8r de l\u00f8p fra stedet.<\/p>\n<p>Hendelsen ble meldt inn til politiet 0406, og de fikk kontroll p\u00e5 alle tre.<\/p>\n<p>Mens de mistenkte mennene i 20- og 30-\u00e5rene ble kj\u00f8rt i arresten, ble voldsofferet kj\u00f8rt til legevakten. Han skal ha bl\u00f8dd mye fra ansiktet.<\/p>\n<p><b>\u2013 Forn\u00e6rmede beskriver hendelsen som et stort sjokk. Gjerningspersonene er ukjente for ham, forteller mannens bistandsadvokat, Malene Lillebostad Svendsen.<\/b><\/p>\n<p>\u2013 Har det vanskelig<\/p>\n<p>Bistandsadvokaten sier videre at mannen i 20-\u00e5rene er sterkt preget av det som har skjedd.<\/p>\n<p>\u2013 Han har det vanskelig, skriver hun i en tekstmelding til BA.<\/p>\n<p>Fredag skal de to siktede mennene fremstilles for fengsling. Politiet mener det b\u00e5de er gjentakelsesfare og bevisforspillelsesfare i saken.<\/p>\n<p><b>\u2013 De er siktet for grov kroppsskade. Siktelsen er ogs\u00e5 utvidet til \u00e5 gjelde oppbevaring av narkotika, forteller politiadvokat Andreas H\u00f8ynes Hagenes til BA.<\/b><\/p>\n<p>Hentet inn videooverv\u00e5king<\/p>\n<p>Politiet har hentet inn videooverv\u00e5king fra stedet.<\/p>\n<p>Begge de siktede har straffehistorikk fra f\u00f8r, opplyser H\u00f8ynes Hagenes.<\/p>\n<p>P\u00e5talemyndigheten har begj\u00e6rt dem fengslet i fire uker med brev- og bes\u00f8ksforbud mens de etterforsker saken videre.<\/p>\n<p>\u2013 Vi har ogs\u00e5 bedt om delvis isolasjon i to av ukene, forteller politiadvokaten.<\/p>\n<p>Det er forel\u00f8pig ikke kjent hvordan de stiller seg til siktelsen.<\/p>\n","protected":false},"excerpt":{"rendered":"Voldsepisoden skjedde utenfor Hotel Norge natt til torsdag. De to mennene skal ha sl\u00e5tt og sparket en annen&hellip;\n","protected":false},"author":2,"featured_media":138991,"comment_status":"","ping_status":"","sticky":false,"template":"","format":"standard","meta":{"footnotes":""},"categories":[10],"tags":[36,1982,20,21,24,25,15823,15822,15,983,22,23,212,13,30,28,29,14,16,1510,26,27],"class_list":{"0":"post-138990","1":"post","2":"type-post","3":"status-publish","4":"format-standard","5":"has-post-thumbnail","7":"category-norge","8":"tag-art","9":"tag-bergen-sentrum","10":"tag-breaking-news","11":"tag-breakingnews","12":"tag-featured-news","13":"tag-featurednews","14":"tag-fengslingsmote","15":"tag-grov-vold","16":"tag-headlines","17":"tag-krim","18":"tag-latest-news","19":"tag-latestnews","20":"tag-narkotika","21":"tag-news","22":"tag-no","23":"tag-norge","24":"tag-norway","25":"tag-nyheter","26":"tag-overskrifter","27":"tag-story","28":"tag-top-stories","29":"tag-topstories"},"share_on_mastodon":{"url":"https:\/\/pubeurope.com\/@no\/115904124385359602","error":""},"_links":{"self":[{"href":"https:\/\/www.europesays.com\/no\/wp-json\/wp\/v2\/posts\/138990","targetHints":{"allow":["GET"]}}],"collection":[{"href":"https:\/\/www.europesays.com\/no\/wp-json\/wp\/v2\/posts"}],"about":[{"href":"https:\/\/www.europesays.com\/no\/wp-json\/wp\/v2\/types\/post"}],"author":[{"embeddable":true,"href":"https:\/\/www.europesays.com\/no\/wp-json\/wp\/v2\/users\/2"}],"replies":[{"embeddable":true,"href":"https:\/\/www.europesays.com\/no\/wp-json\/wp\/v2\/comments?post=138990"}],"version-history":[{"count":0,"href":"https:\/\/www.europesays.com\/no\/wp-json\/wp\/v2\/posts\/138990\/revisions"}],"wp:featuredmedia":[{"embeddable":true,"href":"https:\/\/www.europesays.com\/no\/wp-json\/wp\/v2\/media\/138991"}],"wp:attachment":[{"href":"https:\/\/www.europesays.com\/no\/wp-json\/wp\/v2\/media?parent=138990"}],"wp:term":[{"taxonomy":"category","embeddable":true,"href":"https:\/\/www.europesays.com\/no\/wp-json\/wp\/v2\/categories?post=138990"},{"taxonomy":"post_tag","embeddable":true,"href":"https:\/\/www.europesays.com\/no\/wp-json\/wp\/v2\/tags?post=138990"}],"curies":[{"name":"wp","href":"https:\/\/api.w.org\/{rel}","templated":true}]}}