{"id":138998,"date":"2026-01-16T09:48:10","date_gmt":"2026-01-16T09:48:10","guid":{"rendered":"https:\/\/www.europesays.com\/no\/138998\/"},"modified":"2026-01-16T09:48:10","modified_gmt":"2026-01-16T09:48:10","slug":"undersoker-om-danske-soldater-avfyrte-skudd-mot-wideroe-fly","status":"publish","type":"post","link":"https:\/\/www.europesays.com\/no\/138998\/","title":{"rendered":"Unders\u00f8ker om danske soldater avfyrte skudd mot Wider\u00f8e-fly"},"content":{"rendered":"\n<p class=\"_lead_o9xde_2 _lead_xtcu6_50 layout-component text-serif-m layout-normal text-serif-l layout-component layout-wide layout-padded _wide_17hqh_1 layout-padded\">Wider\u00f8e vil ha svar p\u00e5 om milit\u00e6ret tok feil av fly og drone.<\/p>\n<p><img alt=\"Wider\u00f8e-fly p\u00e5 Torp lufthavn i Sandefjord. Illustrasjonsfoto. Foto: Trond R. Teigen \/ NTB\" class=\"_image_qp4xg_65 layout-component layout-wide\" data-fullscreen- data-track-element-type=\"Article image fullscreen\" data-track-name=\"ImageFullscreen\" fetchpriority=\"high\" decoding=\"sync\" loading=\"eager\" height=\"4000\" itemprop=\"image\"  src=\"https:\/\/www.europesays.com\/no\/wp-content\/uploads\/2026\/01\/ca5392f9-7b7a-4d2f-b9a5-93c4522ae7f6.jpeg\"  style=\"object-position:0% 0%\" width=\"6000\"\/>Wider\u00f8e-fly p\u00e5 Torp lufthavn i Sandefjord. Illustrasjonsfoto. Foto: Trond R. Teigen \/ NTB<\/p>\n<ul aria-hidden=\"true\" class=\"_images_ntbth_112\">\n<li><a class=\"_link_ntbth_117\" href=\"https:\/\/www.vg.no\/forfatter\/bendik-hansen\" style=\"z-index:1\" title=\"Bendik Hansen\" rel=\"nofollow noopener\" target=\"_blank\"><img alt=\"Bilde av Bendik Hansen\" class=\"_image_ntbth_93\" fetchpriority=\"low\" loading=\"lazy\" decoding=\"async\" itemprop=\"image\"  src=\"https:\/\/www.europesays.com\/no\/wp-content\/uploads\/2026\/01\/1768556888_151_236bc5a3-2236-4046-b957-81f29d024aa6.jpeg\"  width=\"480\"\/><\/a><\/li>\n<\/ul>\n<p> Oppdatert fredag 16. januar kl. 10:36     <\/p>\n<p class=\"_paragraph_o9xde_4 _paragraph_xtcu6_10 layout-component text-serif-m layout-normal text-serif-m layout-padded\">Det norske flyselskapet <a href=\"https:\/\/www.vg.no\/tag\/wideroee?utm_source=vg-article&amp;utm_medium=auto-tagger&amp;utm_campaign=bOndad\" class=\"_link_o9xde_39\" rel=\"nofollow noopener\" target=\"_blank\">Wider\u00f8e<\/a> har bedt myndighetene om \u00e5 unders\u00f8ke om danske soldater ved en feil skj\u00f8t mot et av deres passasjerfly.<\/p>\n<p class=\"_paragraph_o9xde_4 _paragraph_xtcu6_10 layout-component text-serif-m layout-normal text-serif-m layout-padded\">Bakgrunnen er en hendelse 28. september i fjor, da en dansk soldat avfyrte skudd mot det han trodde var en \u00abukjent drone\u00bb over Borrislejren, melder\u00a0<a href=\"https:\/\/radio4.dk\/nyheder\/norsk-flyselskab-soeger-svar-om-dansk-dronehaendelse-EZ91nCCi65qf1P2RwR8b\" class=\"_link_o9xde_39\" rel=\"nofollow noopener\" target=\"_blank\">Radio4<\/a>.<\/p>\n<p class=\"_paragraph_o9xde_4 _paragraph_xtcu6_10 layout-component text-serif-m layout-normal text-serif-m layout-padded\"><strong class=\"_strong_o9xde_25\">Et Wider\u00f8e-fly befant seg i luftrommet over den danske milit\u00e6rleiren p\u00e5 samme tidspunkt som lokale \u00f8yenvitner h\u00f8rte skudd fra leiren.<\/strong><\/p>\n<p class=\"_paragraph_o9xde_4 _paragraph_xtcu6_10 layout-component text-serif-m layout-normal text-serif-m layout-padded\">VG har fors\u00f8kt \u00e5 komme i kontakt med Wider\u00f8e, forel\u00f8pig uten hell.<\/p>\n<p>Aktiver kart<\/p>\n<p class=\"_paragraph_o9xde_4 _paragraph_xtcu6_10 layout-component text-serif-m layout-normal text-serif-m layout-padded\">I desember tok flyselskapet derfor kontakt med norske myndigheter, som igjen henvendte seg til danske Trafikstyrelsen.<\/p>\n<p class=\"_paragraph_o9xde_4 _paragraph_xtcu6_10 layout-component text-serif-m layout-normal text-serif-m layout-padded\">\u2013 Luftfartsstyrelsen har mottatt en anmodning fra Wider\u00f8es Flyveselskap her i Norge om tilbakemelding p\u00e5 en mulig hendelse den 28. september 2025 i dansk luftrom, st\u00e5r det i en e-post Radio4 har f\u00e5tt innsyn i.<\/p>\n<p class=\"_paragraph_o9xde_4 _paragraph_xtcu6_10 layout-component text-serif-m layout-normal text-serif-m layout-padded\"><strong class=\"_strong_o9xde_25\">Wider\u00f8e skriver at den danske pressedekningen av hendelsen har skapt bekymring i selskapet. Samtidig understreker de at de ikke selv har noen indikasjoner p\u00e5 at flyet deres ble beskutt.<\/strong><\/p>\n<p class=\"_paragraph_o9xde_4 _paragraph_xtcu6_10 layout-component text-serif-m layout-normal text-serif-m layout-padded\">Danske myndigheter sier de ikke kjenner til episoden og har ikke mottatt noen hendelsesrapporter om forholdet.<\/p>\n<p class=\"_paragraph_o9xde_4 _paragraph_xtcu6_10 layout-component text-serif-m layout-normal text-serif-m layout-padded\">Det danske forsvaret har gjennom hele forl\u00f8pet nektet \u00e5 uttale seg om hendelsen.<\/p>\n<p>    <img decoding=\"async\" alt=\"Tips oss illustrasjon\" src=\"https:\/\/www.europesays.com\/no\/wp-content\/uploads\/2025\/10\/pssst-small.webp.webp\"\/>    <\/p>\n<p class=\"title-serif-s\">Har du tips?<\/p>\n<p class=\"text-sans-m\">Send oss informasjon, bilder eller video.<\/p>\n<p>  <a href=\"https:\/\/www.vg.no\/tips-oss\" rel=\"nofollow noopener\" target=\"_blank\"> Tips oss <\/a>      <\/p>\n","protected":false},"excerpt":{"rendered":"Wider\u00f8e vil ha svar p\u00e5 om milit\u00e6ret tok feil av fly og drone. Wider\u00f8e-fly p\u00e5 Torp lufthavn i&hellip;\n","protected":false},"author":2,"featured_media":138999,"comment_status":"","ping_status":"","sticky":false,"template":"","format":"standard","meta":{"footnotes":""},"categories":[10],"tags":[20,21,1524,1014,24,25,15,22,23,13,30,28,29,14,16,26,27,299],"class_list":{"0":"post-138998","1":"post","2":"type-post","3":"status-publish","4":"format-standard","5":"has-post-thumbnail","7":"category-norge","8":"tag-breaking-news","9":"tag-breakingnews","10":"tag-danmark","11":"tag-droner","12":"tag-featured-news","13":"tag-featurednews","14":"tag-headlines","15":"tag-latest-news","16":"tag-latestnews","17":"tag-news","18":"tag-no","19":"tag-norge","20":"tag-norway","21":"tag-nyheter","22":"tag-overskrifter","23":"tag-top-stories","24":"tag-topstories","25":"tag-wideroe"},"share_on_mastodon":{"url":"https:\/\/pubeurope.com\/@no\/115904151864555347","error":""},"_links":{"self":[{"href":"https:\/\/www.europesays.com\/no\/wp-json\/wp\/v2\/posts\/138998","targetHints":{"allow":["GET"]}}],"collection":[{"href":"https:\/\/www.europesays.com\/no\/wp-json\/wp\/v2\/posts"}],"about":[{"href":"https:\/\/www.europesays.com\/no\/wp-json\/wp\/v2\/types\/post"}],"author":[{"embeddable":true,"href":"https:\/\/www.europesays.com\/no\/wp-json\/wp\/v2\/users\/2"}],"replies":[{"embeddable":true,"href":"https:\/\/www.europesays.com\/no\/wp-json\/wp\/v2\/comments?post=138998"}],"version-history":[{"count":0,"href":"https:\/\/www.europesays.com\/no\/wp-json\/wp\/v2\/posts\/138998\/revisions"}],"wp:featuredmedia":[{"embeddable":true,"href":"https:\/\/www.europesays.com\/no\/wp-json\/wp\/v2\/media\/138999"}],"wp:attachment":[{"href":"https:\/\/www.europesays.com\/no\/wp-json\/wp\/v2\/media?parent=138998"}],"wp:term":[{"taxonomy":"category","embeddable":true,"href":"https:\/\/www.europesays.com\/no\/wp-json\/wp\/v2\/categories?post=138998"},{"taxonomy":"post_tag","embeddable":true,"href":"https:\/\/www.europesays.com\/no\/wp-json\/wp\/v2\/tags?post=138998"}],"curies":[{"name":"wp","href":"https:\/\/api.w.org\/{rel}","templated":true}]}}