{"id":139008,"date":"2026-01-16T09:58:07","date_gmt":"2026-01-16T09:58:07","guid":{"rendered":"https:\/\/www.europesays.com\/no\/139008\/"},"modified":"2026-01-16T09:58:07","modified_gmt":"2026-01-16T09:58:07","slug":"vinterturisme-guide-tar-grep-om-nordlysturisme-haper-dette-etterleves-med-en-gang-nord24-no","status":"publish","type":"post","link":"https:\/\/www.europesays.com\/no\/139008\/","title":{"rendered":"Vinterturisme, Guide | Tar grep om nordlysturisme: \u2013 H\u00e5per dette etterleves med en gang &#8211; nord24.no"},"content":{"rendered":"<ol>\n<li><a href=\"https:\/\/news.google.com\/rss\/articles\/CBMingFBVV95cUxQODJnNTdXLUZjNGRKaG4zVWk3YkZ1WncwUTgyTzZPYXZ6UWJBOTFrNkowbkNNNHRUMUpXN08ybEVJZDVhNDJqN0U2TUJaWnhDX05XbVZNZmF5SFotSUZFSDlvNWVCRXI0bHhiWFA4SUt0R2F2ekp0Tmh0dWk0bGxfRVdfbW5RODZ0Z3B6aEFrbFg0RmVIWklCbkxKeG1aUQ?oc=5\" target=\"_blank\" rel=\"nofollow noopener\">Vinterturisme, Guide | Tar grep om nordlysturisme: \u2013 H\u00e5per dette etterleves med en gang<\/a>&nbsp;&nbsp;nord24.no<\/li>\n<li><a href=\"https:\/\/news.google.com\/rss\/articles\/CBMiqAFBVV95cUxNYTlWMFdsWDBuR0t2OHp5a2hncHdpWTFHbzBUck5kN3lldVBkb3Y4Vl9CWDRUMkZycmFyS1pVX3ZxRldnRUh1QlF2eFUxUENvVWltSjVEVTlpTFlsclBmZFVuSEg3NElXWEdudmJnX0d0RHVwc0ExZlRjRjVSbFJUTWlrVHhoNl9Ic1pFR3NxZEdvWTNtRko5Mi1vSEl0STc1aU1zNEJXbTk?oc=5\" target=\"_blank\" rel=\"nofollow noopener\">Driver ulovlig nordlysturisme i stor stil \u2013 12 personer utvist fra Norge p\u00e5 tre m\u00e5neder<\/a>&nbsp;&nbsp;NRK<\/li>\n<li><a href=\"https:\/\/news.google.com\/rss\/articles\/CBMinwFBVV95cUxOV0FQWENkTGVJVGtQdzVRM0NVOEQzeG9wTE5Od1ZzZkpvRHI1TFFlVjhpZmxmRk00ZWp0Z19QVks5eUdvV1NrVlFBNDd4endnckI1cGlnblhLV0RjNDNmNkNpbDR5aUh6ZkZjYUZMMFp6dVRqRlhJWjdZemhmdHdKaWVJanVRc1g0R1ZqTDVsZXRSWG45M3V4MlZsdnE3ZW8?oc=5\" target=\"_blank\" rel=\"nofollow noopener\">Turismen gj\u00f8r oss utsatt for organisert kriminalitet<\/a>&nbsp;&nbsp;Nordnorsk debatt<\/li>\n<li><a href=\"https:\/\/news.google.com\/rss\/articles\/CBMiqAFBVV95cUxOb002QWZ0akIyY3hlWGhPd0FSbDNMU0pHZGhCRHFkSmpBNWFDODlIbEppTy12NHd6cVo1LTNtM0NpNkg5blNXdnpNcVdEdmdveW51MXVOVVJ6MW5CZE42N01QVjNObmRxVWtfNTRMV1JSdDN4MHpNNWp0a0Zla25HTHhkcW9IdnBleFVGQ2VPX0pmRGVuYmd3OGNjSFFnVEptYW5EQ3lyY0Y?oc=5\" target=\"_blank\" rel=\"nofollow noopener\">Ny veileder skal informere om trygg og ansvarlig nordlysturisme<\/a>&nbsp;&nbsp;Troms\u00f8 kommune<\/li>\n<li><a href=\"https:\/\/news.google.com\/rss\/articles\/CBMifkFVX3lxTE1OT2pNcEhfQmVhbEtaU19YTDBWcXhfUGFGM2puT0pwTnM1Y0NDZXhMcU1BeHJyRnlwaXRqS3o3cDV4aTBfRGt1ck1vSHB3RmJlTmRjdXFkQ3VuZ2EzcTdqb2V5U0YxZHFKaXhlZDhsZi14RmdFVlptdDZ3LXZOZw?oc=5\" target=\"_blank\" rel=\"nofollow noopener\">N\u00e6ringsliv, Reiseliv | N\u00e5 er 12 useri\u00f8se akt\u00f8rer tatt<\/a>&nbsp;&nbsp;Lofot-Tidende<\/li>\n<\/ol>\n","protected":false},"excerpt":{"rendered":"Vinterturisme, Guide | Tar grep om nordlysturisme: \u2013 H\u00e5per dette etterleves med en gang&nbsp;&nbsp;nord24.no Driver ulovlig nordlysturisme i&hellip;\n","protected":false},"author":2,"featured_media":139009,"comment_status":"","ping_status":"","sticky":false,"template":"","format":"standard","meta":{"footnotes":""},"categories":[10],"tags":[20,21,24,25,15,22,23,13,30,28,29,14,16,26,27],"class_list":{"0":"post-139008","1":"post","2":"type-post","3":"status-publish","4":"format-standard","5":"has-post-thumbnail","7":"category-norge","8":"tag-breaking-news","9":"tag-breakingnews","10":"tag-featured-news","11":"tag-featurednews","12":"tag-headlines","13":"tag-latest-news","14":"tag-latestnews","15":"tag-news","16":"tag-no","17":"tag-norge","18":"tag-norway","19":"tag-nyheter","20":"tag-overskrifter","21":"tag-top-stories","22":"tag-topstories"},"share_on_mastodon":{"url":"https:\/\/pubeurope.com\/@no\/115904191132497317","error":""},"_links":{"self":[{"href":"https:\/\/www.europesays.com\/no\/wp-json\/wp\/v2\/posts\/139008","targetHints":{"allow":["GET"]}}],"collection":[{"href":"https:\/\/www.europesays.com\/no\/wp-json\/wp\/v2\/posts"}],"about":[{"href":"https:\/\/www.europesays.com\/no\/wp-json\/wp\/v2\/types\/post"}],"author":[{"embeddable":true,"href":"https:\/\/www.europesays.com\/no\/wp-json\/wp\/v2\/users\/2"}],"replies":[{"embeddable":true,"href":"https:\/\/www.europesays.com\/no\/wp-json\/wp\/v2\/comments?post=139008"}],"version-history":[{"count":0,"href":"https:\/\/www.europesays.com\/no\/wp-json\/wp\/v2\/posts\/139008\/revisions"}],"wp:featuredmedia":[{"embeddable":true,"href":"https:\/\/www.europesays.com\/no\/wp-json\/wp\/v2\/media\/139009"}],"wp:attachment":[{"href":"https:\/\/www.europesays.com\/no\/wp-json\/wp\/v2\/media?parent=139008"}],"wp:term":[{"taxonomy":"category","embeddable":true,"href":"https:\/\/www.europesays.com\/no\/wp-json\/wp\/v2\/categories?post=139008"},{"taxonomy":"post_tag","embeddable":true,"href":"https:\/\/www.europesays.com\/no\/wp-json\/wp\/v2\/tags?post=139008"}],"curies":[{"name":"wp","href":"https:\/\/api.w.org\/{rel}","templated":true}]}}