{"id":139010,"date":"2026-01-16T09:59:37","date_gmt":"2026-01-16T09:59:37","guid":{"rendered":"https:\/\/www.europesays.com\/no\/139010\/"},"modified":"2026-01-16T09:59:37","modified_gmt":"2026-01-16T09:59:37","slug":"varsler-vat-helg","status":"publish","type":"post","link":"https:\/\/www.europesays.com\/no\/139010\/","title":{"rendered":"Varsler v\u00e5t helg"},"content":{"rendered":"<p class=\"kicker \" style=\"\">V\u00e6ret<\/p>\n<p>    Det blir en v\u00e5t helg flere steder i landet, melder meteorologene. Vegtrafikksentralen varsler om glatte veier.<\/p>\n<p>\n    DET BLIR V\u00c5TT: Fredag formiddag klokka 11 kan det bli v\u00e5tt i store deler av S\u00f8r-Norge.\n  <\/p>\n<p>&#8211; Det blir en overgang til mildv\u00e6r for store deler av S\u00f8r-Norge, sier vakthavende meteorolog Haldis Berge til Dagbladet.<\/p>\n<p>Allerede torsdag ettermiddag og kveld gikk sn\u00f8en over til regn langs store deler av S\u00f8rlandskysten. Utover natt til fredag har dette bare \u00f8kt &#8211; som f\u00f8lge av milde temperaturer.<\/p>\n<p class=\"font-weight-bold m-font-weight-bold\" data-lab-font_weight=\"font-weight-bold\">&#8211; Sludd og sn\u00f8 g\u00e5r over til regn, sier hun.<\/p>\n<p>Berge forklarer at store deler av S\u00f8r-Norge f\u00e5r regn fram til fredag kveld, og igjen fra l\u00f8rdag kveld og s\u00f8ndag.<\/p>\n<p>&#8211; N\u00e5r vi kommer opp i fjellet blir det sn\u00f8, men det er en gradvis overgang. Det vil nok falle som regn helt opp til fem til sju hundre meter over havet. Over det blir det sn\u00f8, sier hun.<\/p>\n<p class=\"font-weight-bold m-font-weight-bold\" data-lab-font_weight=\"font-weight-bold\">Meteorologen forteller at det kan falle mellom 10 og 20 millimeter nedb\u00f8r, litt avhengig av omr\u00e5de.<\/p>\n<p>&#8211; Kystn\u00e6re omr\u00e5der f\u00e5r mest regn, sier Berge.<\/p>\n<p>P\u00e5 Vestlandet blir det lignende v\u00e6r som p\u00e5 S\u00f8rlandet og \u00d8stlandet.<\/p>\n<p>&#8211; Det er mildv\u00e6r med nedb\u00f8r p\u00e5 Vestlandet ogs\u00e5. Da som sn\u00f8 fra 500 til 800 meter over havet.<\/p>\n<p>        <img loading=\"lazy\" decoding=\"async\" src=\"https:\/\/www.europesays.com\/no\/wp-content\/uploads\/2026\/01\/84105033.webp.webp\" width=\"980\" height=\"559\" title=\"TR\u00d8BBEL: Onsdag var det tr\u00f8bbel p\u00e5 grunn av sn\u00f8v\u00e6r flere steder i S\u00f8r-Norge. Foto: Stian Lysberg Solum \/ NTB\" alt=\"\" class=\"\" style=\"--aspect-ratio-image: 1.75; \"\/><\/p>\n<p>\n        TR\u00d8BBEL: Onsdag var det tr\u00f8bbel p\u00e5 grunn av sn\u00f8v\u00e6r flere steder i S\u00f8r-Norge. Foto: Stian Lysberg Solum \/ NTB\n    <\/p>\n<p>&#8211; G\u00e5r mot minus\t<\/p>\n<p>Det er varmere luft som kommer fra s\u00f8r-vest som er regn-synderen, forklarer Berge. Nord-Norge slipper heller ikke helt unna.<\/p>\n<p>&#8211; Det blir noe mildere i Nordland fredag. I Troms er det stort sett l\u00f8rdagen nedb\u00f8ren kommer. Den kan komme som regn i kystn\u00e6re omr\u00e5der, for det blir noe mildere der ogs\u00e5.<\/p>\n<p>Men vinterfantaster burde ikke pakke inn skia de s\u00e5vidt har f\u00e5tt brukt helt med en gang, skal vi tro meteorologens ord. Til uka blir det nemlig kaldere igjen.<\/p>\n<p>&#8211; Det blir kj\u00f8ligere neste uke. Fredag er den varmeste dagen. Etter hvert vil det bli varierende kaldere b\u00e5de l\u00f8rdag, s\u00f8ndag og mandag, sier Berge og legger til:<\/p>\n<p>&#8211; Det g\u00e5r mot minusgrader neste uke.<\/p>\n<p>        FARLIG: P\u00e5 vei for \u00e5 hente datteren i barnehagen opplevde Leif-Oves samboer og svigermor noe skremmende p\u00e5 H\u00e5galandsbrua i Nordland. Video: Leif-Ove Halonen \/ NTB. Reporter: Silja Furset \/ Dagbladet TV.<\/p>\n<p>Kan bli glatt\t<\/p>\n<p>Vegtrafikksentralen <a href=\"https:\/\/www.vegvesen.no\/trafikk\/hvaskjer?layers=hlk&amp;lat=64.76595&amp;lng=14.1581&amp;zoom=4\" rel=\"nofollow noopener\" target=\"_blank\">ansl\u00e5r at veiene<\/a> flere steder i S\u00f8r-Norge blir sv\u00e6rt glatte fredag morgen.<\/p>\n<p>Blant annet er store deler av E18 mellom Arendal og Larvik varslet \u00e5 kunne bli glatt, viser prognosene p\u00e5 nettsiden til Statens Vegvesen.<\/p>\n<p>        <img loading=\"lazy\" decoding=\"async\" src=\"https:\/\/www.europesays.com\/no\/wp-content\/uploads\/2026\/01\/84105027.webp.webp\" width=\"667\" height=\"381\" title=\"GLATT: Jo m\u00f8rkere bl\u00e5farge, jo st\u00f8rre sannsynlighet for glatt vei. Foto: Skjermdump Statens Vegvesen\" alt=\"\" class=\"\" style=\"--aspect-ratio-image: 1.75; \"\/><\/p>\n<p>\n        GLATT: Jo m\u00f8rkere bl\u00e5farge, jo st\u00f8rre sannsynlighet for glatt vei. Foto: Skjermdump Statens Vegvesen\n    <\/p>\n<p>I store deler av Vestfold, Akershus og Rundt Oslo er det markert m\u00f8rkebl\u00e5tt for\u00a0\u00abh\u00f8y risiko\u00bb for glatt vei klokka 06.00 fredag morgen.<\/p>\n<p>Til sammenligning er alle veiene fra Trondheim og nord til Kirkenes markert som\u00a0\u00abmoderat\u00bb- eller\u00a0\u00abh\u00f8y risiko\u00bb i samme tidsrom fredag.<\/p>\n","protected":false},"excerpt":{"rendered":"V\u00e6ret Det blir en v\u00e5t helg flere steder i landet, melder meteorologene. Vegtrafikksentralen varsler om glatte veier. DET&hellip;\n","protected":false},"author":2,"featured_media":139011,"comment_status":"","ping_status":"","sticky":false,"template":"","format":"standard","meta":{"footnotes":""},"categories":[5],"tags":[20,21,24,25,15,19,2539,22,23,17,18,13,30,28,29,14,16,26,27],"class_list":{"0":"post-139010","1":"post","2":"type-post","3":"status-publish","4":"format-standard","5":"has-post-thumbnail","7":"category-overskrifter","8":"tag-breaking-news","9":"tag-breakingnews","10":"tag-featured-news","11":"tag-featurednews","12":"tag-headlines","13":"tag-hovedoppslag","14":"tag-innenriks","15":"tag-latest-news","16":"tag-latestnews","17":"tag-main-news","18":"tag-mainnews","19":"tag-news","20":"tag-no","21":"tag-norge","22":"tag-norway","23":"tag-nyheter","24":"tag-overskrifter","25":"tag-top-stories","26":"tag-topstories"},"share_on_mastodon":{"url":"https:\/\/pubeurope.com\/@no\/115904194964479029","error":""},"_links":{"self":[{"href":"https:\/\/www.europesays.com\/no\/wp-json\/wp\/v2\/posts\/139010","targetHints":{"allow":["GET"]}}],"collection":[{"href":"https:\/\/www.europesays.com\/no\/wp-json\/wp\/v2\/posts"}],"about":[{"href":"https:\/\/www.europesays.com\/no\/wp-json\/wp\/v2\/types\/post"}],"author":[{"embeddable":true,"href":"https:\/\/www.europesays.com\/no\/wp-json\/wp\/v2\/users\/2"}],"replies":[{"embeddable":true,"href":"https:\/\/www.europesays.com\/no\/wp-json\/wp\/v2\/comments?post=139010"}],"version-history":[{"count":0,"href":"https:\/\/www.europesays.com\/no\/wp-json\/wp\/v2\/posts\/139010\/revisions"}],"wp:featuredmedia":[{"embeddable":true,"href":"https:\/\/www.europesays.com\/no\/wp-json\/wp\/v2\/media\/139011"}],"wp:attachment":[{"href":"https:\/\/www.europesays.com\/no\/wp-json\/wp\/v2\/media?parent=139010"}],"wp:term":[{"taxonomy":"category","embeddable":true,"href":"https:\/\/www.europesays.com\/no\/wp-json\/wp\/v2\/categories?post=139010"},{"taxonomy":"post_tag","embeddable":true,"href":"https:\/\/www.europesays.com\/no\/wp-json\/wp\/v2\/tags?post=139010"}],"curies":[{"name":"wp","href":"https:\/\/api.w.org\/{rel}","templated":true}]}}