{"id":139018,"date":"2026-01-16T10:08:27","date_gmt":"2026-01-16T10:08:27","guid":{"rendered":"https:\/\/www.europesays.com\/no\/139018\/"},"modified":"2026-01-16T10:08:27","modified_gmt":"2026-01-16T10:08:27","slug":"star-for-alt-det-putin-forsoker-a-odelegge","status":"publish","type":"post","link":"https:\/\/www.europesays.com\/no\/139018\/","title":{"rendered":"\u2013 St\u00e5r for alt det Putin fors\u00f8ker \u00e5 \u00f8delegge"},"content":{"rendered":"<p>Bidraget \u2013 som tilsvarer 270 millioner kroner \u2013 gj\u00f8r at britenes samlede st\u00f8tte til Ukrainas energisektor er oppe i over 470 millioner pund. Pengene skal g\u00e5 til \u00e5 reparere og beskytte Ukrainas enerforsyning og til \u00e5 holde oppvarmingen i gang i boliger over hele landet under vanskelige vinterforhold.<\/p>\n<p>\u2013 V\u00e5rt 100 \u00e5r gamle partnerskap med Ukraina st\u00e5r for alt det Vladimir Putin fors\u00f8ker \u00e5 \u00f8delegge. Det bringer h\u00e5p, muligheter og styrket sikkerhet til v\u00e5re to land, sier britenes statsminister Keir Starmer.<\/p>\n<p>\u2013 Det ukrainske folk skal ikke v\u00e6re i tvil om at vi st\u00e5r sammen med dere i dag, i morgen og i de neste 100 \u00e5rene, b\u00e5de hjemme og internasjonalt, for det som skjer i Ukraina, er viktig for oss alle, sier Starmer.<\/p>\n","protected":false},"excerpt":{"rendered":"Bidraget \u2013 som tilsvarer 270 millioner kroner \u2013 gj\u00f8r at britenes samlede st\u00f8tte til Ukrainas energisektor er oppe&hellip;\n","protected":false},"author":2,"featured_media":139019,"comment_status":"","ping_status":"","sticky":false,"template":"","format":"standard","meta":{"footnotes":""},"categories":[5],"tags":[20,21,24,25,15,19,22,23,17,18,13,30,28,29,14,16,26,27],"class_list":{"0":"post-139018","1":"post","2":"type-post","3":"status-publish","4":"format-standard","5":"has-post-thumbnail","7":"category-overskrifter","8":"tag-breaking-news","9":"tag-breakingnews","10":"tag-featured-news","11":"tag-featurednews","12":"tag-headlines","13":"tag-hovedoppslag","14":"tag-latest-news","15":"tag-latestnews","16":"tag-main-news","17":"tag-mainnews","18":"tag-news","19":"tag-no","20":"tag-norge","21":"tag-norway","22":"tag-nyheter","23":"tag-overskrifter","24":"tag-top-stories","25":"tag-topstories"},"share_on_mastodon":{"url":"https:\/\/pubeurope.com\/@no\/115904230368662895","error":""},"_links":{"self":[{"href":"https:\/\/www.europesays.com\/no\/wp-json\/wp\/v2\/posts\/139018","targetHints":{"allow":["GET"]}}],"collection":[{"href":"https:\/\/www.europesays.com\/no\/wp-json\/wp\/v2\/posts"}],"about":[{"href":"https:\/\/www.europesays.com\/no\/wp-json\/wp\/v2\/types\/post"}],"author":[{"embeddable":true,"href":"https:\/\/www.europesays.com\/no\/wp-json\/wp\/v2\/users\/2"}],"replies":[{"embeddable":true,"href":"https:\/\/www.europesays.com\/no\/wp-json\/wp\/v2\/comments?post=139018"}],"version-history":[{"count":0,"href":"https:\/\/www.europesays.com\/no\/wp-json\/wp\/v2\/posts\/139018\/revisions"}],"wp:featuredmedia":[{"embeddable":true,"href":"https:\/\/www.europesays.com\/no\/wp-json\/wp\/v2\/media\/139019"}],"wp:attachment":[{"href":"https:\/\/www.europesays.com\/no\/wp-json\/wp\/v2\/media?parent=139018"}],"wp:term":[{"taxonomy":"category","embeddable":true,"href":"https:\/\/www.europesays.com\/no\/wp-json\/wp\/v2\/categories?post=139018"},{"taxonomy":"post_tag","embeddable":true,"href":"https:\/\/www.europesays.com\/no\/wp-json\/wp\/v2\/tags?post=139018"}],"curies":[{"name":"wp","href":"https:\/\/api.w.org\/{rel}","templated":true}]}}