{"id":139022,"date":"2026-01-16T10:13:36","date_gmt":"2026-01-16T10:13:36","guid":{"rendered":"https:\/\/www.europesays.com\/no\/139022\/"},"modified":"2026-01-16T10:13:36","modified_gmt":"2026-01-16T10:13:36","slug":"klar-beskjed-vi-som-skal-bestemme","status":"publish","type":"post","link":"https:\/\/www.europesays.com\/no\/139022\/","title":{"rendered":"Klar beskjed: &#8211; Vi som skal bestemme"},"content":{"rendered":"<p class=\"kicker \" style=\"\">Milit\u00e6r opptrapping p\u00e5 Gr\u00f8nland:\u00a0<\/p>\n<p>    Den gr\u00f8nlandske politikeren Pele Broberg sender en tydelig beskjed til Danmark. Og Donald Trump.\u00a0\u00a0<\/p>\n<p>\n    IKKE DANSK, IKKE AMERIKANSK: Til tross for at Pele Broberg er f\u00f8dt i K\u00f8benhavn, fastholder han at det er gr\u00f8nlandsk han er. Foto: Nicolai Alcaniz\n  <\/p>\n<p>NUUK, GR\u00d8NLAND \/ OSLO (Dagbladet): Mens hele verdens \u00f8yne er rettet mot Gr\u00f8nland og det som kan se ut som en intern krig blant Nato-allierte om hvem som skal ha\u00a0eierskapet\u00a0 til verdens st\u00f8rste \u00f8y, sitter partileder i selvstendighetspartiet Naleraq, Pele Broberg, og rister p\u00e5 hodet.\u00a0<\/p>\n<p> Ved parlamentsvalget i fjor, ble Naleraq tredje st\u00f8rste parti. Broberg regnes som en av de mer \u00abTrump-vennlige\u00bb politikerne, og har en klar brodd mot den tidligere kolonimakten Danmark.\u00a0<\/p>\n<p>Mens Danmark sender soldater til Nuuk, rasler Donald Trump med milit\u00e6r invasjon i kulissene.\u00a0<\/p>\n<p>        <img loading=\"lazy\" decoding=\"async\" src=\"https:\/\/www.europesays.com\/no\/wp-content\/uploads\/2026\/01\/84104981.webp.webp\" width=\"980\" height=\"559\" title=\"JUBEL: Pele Broberg og partifellene feirer valgresultatet i mars i fjor. Foto: Odd ANDERSEN \/ AFP \/ NTB\" alt=\"\" class=\"\" style=\"--aspect-ratio-image: 1.75; \"\/><\/p>\n<p>\n        JUBEL: Pele Broberg og partifellene feirer valgresultatet i mars i fjor. Foto: Odd ANDERSEN \/ AFP \/ NTB\n    <\/p>\n<p>    <a itemprop=\"url\" href=\"https:\/\/www.dagbladet.no\/nyheter\/her-er-norge-pa-plass\/84102048\" rel=\"nofollow noopener\" target=\"_blank\"><\/p>\n<p>        <img loading=\"lazy\" decoding=\"async\" src=\"https:\/\/www.europesays.com\/no\/wp-content\/uploads\/2026\/01\/1768558414_519_84102089.webp.webp\" width=\"980\" height=\"441\" title=\"Her er Norge p\u00e5 plass\" alt=\"\" class=\"lazyload\" style=\"--aspect-ratio-image: 2.22; \"\/><\/p>\n<p>        Her er Norge p\u00e5 plass<\/p>\n<p>    <\/a><\/p>\n<p>Danmarks overtakelse\t<\/p>\n<p>Overfor Dagbladet avviser Broberg at han er spesielt Trump-vennlig, eller USA-vennlig for den del. Broberg er opptatt av at gr\u00f8nlenderne selv skal f\u00e5 definere hvem de er.\u00a0<\/p>\n<p class=\"font-weight-bold m-font-weight-bold\" data-lab-font_weight=\"font-weight-bold\">&#8211; Vi vil ikke v\u00e6re amerikanere. Vi vil ikke v\u00e6re dansker. Vi vil v\u00e6re gr\u00f8nlendere. Vi ble fratatt v\u00e5r identitet i 1953 da Danmark annekterte Gr\u00f8nland, sier Broberg til Dagbladet.\u00a0<\/p>\n<p>&#8211; I stedet for \u00e5 avkolonisere oss, som FN-folkeretten krevde, s\u00e5 valgte man uten en gr\u00f8nlandsk folkeavstemming og opplysning \u00e5 bare si at n\u00e5 er dere en del av Danmark, fortsetter han.\u00a0<\/p>\n<p>        NUUK: Dagbladets team p\u00e5 Gr\u00f8nland observerte norsk milit\u00e6rpersonell i hovedstaden Nuuk 15. januar. Reporter: Nicolai Alcaniz. Kommentator: Sigrid Hvidsten<\/p>\n<p>&#8211; Hva tenker du om at Trump sier at han vil ha Gr\u00f8nland?\u00a0<\/p>\n<p>&#8211; Jamen jeg forst\u00e5r jo godt at han, som alle andre, syns at Gr\u00f8nland er verdens beste land og gjerne vil eie det, men det er ikke s\u00e5 fett \u00e5 bli omtalt av andre enn danskene som en eiendom.\u00a0<\/p>\n<p>&#8211; Vi har jo kjempet for selvstendighet for nettopp \u00e5 slippe \u00e5 v\u00e6re Danmarks eiendom, ikke for at noen andre da skal tenke at de kan overta.\u00a0<\/p>\n<p>    <a itemprop=\"url\" href=\"https:\/\/www.dagbladet.no\/nyheter\/etter-mote-alvorlig\/84101979\" rel=\"nofollow noopener\" target=\"_blank\"><\/p>\n<p>        <img loading=\"lazy\" decoding=\"async\" src=\"https:\/\/www.europesays.com\/no\/wp-content\/uploads\/2026\/01\/1768558415_193_84102003.webp.webp\" width=\"980\" height=\"441\" title=\"Etter m\u00f8te: - Alvorlig\" alt=\"\" class=\"lazyload\" style=\"--aspect-ratio-image: 2.22; \"\/><\/p>\n<p>        Etter m\u00f8te: &#8211; Alvorlig<\/p>\n<p>    <\/a><\/p>\n<p>Vil bestemme selv\t<\/p>\n<p>Broberg mener Danmark spesielt, og europeere generelt, ikke forst\u00e5r noe annet spr\u00e5k enn det kolonialistiske, alts\u00e5 at man eier land og landomr\u00e5der. Folkeretten, mener Broberg, gir gr\u00f8nlenderne en\u00a0rett\u00a0 til \u00e5 v\u00e6re selvstendige og selv kunne velge hvem de vil\u00a0samarbeide\u00a0 med.\u00a0<\/p>\n<p class=\"font-weight-bold m-font-weight-bold\" data-lab-font_weight=\"font-weight-bold\">&#8211; S\u00e5 \u00e5 h\u00f8re at andre omtaler oss som at vi enten skal v\u00e6re eid av Danmark eller USA, s\u00e5 betyr det at man ikke vil f\u00f8lge folkeretten. Vi vil oppfordre p\u00e5 det sterkeste til \u00e5 holde oss til den og internasjonale konvensjoner. Det er vi som skal bestemme n\u00e5r vi vil v\u00e6re selvstendige, ikke at vi skal tilh\u00f8re noen, sier Broberg.\u00a0<\/p>\n<p>        KONTROVERSIELL: Statuen av den norskf\u00f8dte presten Hans Egede p\u00e5 Gr\u00f8nland er kontroversiell og har blitt utsatt for h\u00e6rverk gjentatte ganger. Video: Nicolai Alcaniz. Reporter: Sigrid Hvidsten<\/p>\n<p>Partilederen mener Gr\u00f8nland m\u00e5 f\u00e5 avgj\u00f8re hvilket land de eventuelt \u00f8nsker \u00e5 samarbeide med, enten det handler om handel eller andre ting. Helsevesen og utdanning har gr\u00f8nlenderne b\u00e5de tatt h\u00e5nd om og betalt for selv i mange \u00e5r allerede, forteller han.\u00a0<\/p>\n<p>Broberg \u00f8nsker en s\u00e5kalt free association-avtale. Det betyr at Gr\u00f8nland som selvstendig stat inng\u00e5r en avtale med en annen stat om hvordan forholdet dem imellom skal v\u00e6re. En slik avtale m\u00e5 forhandles, og kan for eksempel inneholde punkter om handel, milit\u00e6r tilstedev\u00e6relse og \u00f8konomisk kompensasjon for det. USA har i dag free association-avtaler med stillehavs\u00f8yene Palau, Mikronesia og Marshall-\u00f8yene.\u00a0<\/p>\n<p>    <a itemprop=\"url\" href=\"https:\/\/www.dagbladet.no\/nyheter\/haner-danmark-vil-drite-i-buksa\/84101541\" rel=\"nofollow noopener\" target=\"_blank\"><\/p>\n<p>        <img loading=\"lazy\" decoding=\"async\" src=\"https:\/\/www.europesays.com\/no\/wp-content\/uploads\/2026\/01\/1768558416_501_84101593.webp.webp\" width=\"980\" height=\"441\" title=\"H\u00e5ner Danmark: - Vil drite i buksa\" alt=\"\" class=\"lazyload\" style=\"--aspect-ratio-image: 2.22; \"\/><\/p>\n<p>        H\u00e5ner Danmark: &#8211; Vil drite i buksa<\/p>\n<p>    <\/a><\/p>\n<p>&#8211; Vi, i hvert fall jeg, har g\u00e5tt til valg siden 2018 p\u00e5 en free\u00a0\u00a0association-avtale\u00a0med Danmark. Vi vil ha en forsvarsavtale med sikkerhetsgarantier fra USA, men free association med Danmark. S\u00e5 er det verdt \u00e5 beklage at Danmark ikke har \u00f8nsket en free association-avtale med Gr\u00f8nland, s\u00e5 f\u00e5r vi jo se om de endrer mening om det n\u00e5, sier Broberg.\u00a0<\/p>\n<p>Enige om USAs rolle\t<\/p>\n<p>Med en assosiasjonsavtale med Danmark mener han at Gr\u00f8nland oppn\u00e5r selvstendighet som nasjon, og at det ogs\u00e5 kan bidra til \u00e5 bedre det betente forholdet til Danmark.\u00a0<\/p>\n<p>&#8211; Det vil bety mer frihet for gr\u00f8nlendere uansett, uavhengig av Donald Trump eller ikke.\u00a0<\/p>\n<p>        ALDRI OPPLEVD: Hans Christian N\u00f8rgaard, som har bodd p\u00e5 Gr\u00f8nland i mange \u00e5r, leverte anmeldelse mot USAs president Donald Trump og h\u00e5per flere vil gj\u00f8re det samme. Reporter: Nicolai Alcaniz<\/p>\n<p class=\"italic m-italic\" data-lab-italic=\"italic\">&#8211; Hva tenker du om at Trump sier at han ikke kan utelukke \u00e5 ta Gr\u00f8nland milit\u00e6rt?\u00a0<\/p>\n<p class=\"font-weight-bold m-font-weight-bold\" data-lab-font_weight=\"font-weight-bold\">&#8211; Der kan jeg bare referere til den felles uttalelsen vi kom med alle sammen her. Vi vil ikke v\u00e6re amerikanere, vi vil v\u00e6re gr\u00f8nlendere. Og vi vil heller ikke v\u00e6re dansker, selvf\u00f8lgelig. Men like under det, skrev vi ogs\u00e5 at USA er og blir v\u00e5r viktigste allierte, sier Broberg.\u00a0<\/p>\n<p>&#8211; S\u00e5 alle partiene p\u00e5 Gr\u00f8nland g\u00e5r inn for at det er USA som er v\u00e5r beskytter. Det er ikke Danmark, det er ikke Europa, det er USA. Vi vet at det er v\u00e5r viktigste allierte, s\u00e5 det tror jeg m\u00e5 v\u00e6re svaret p\u00e5 sp\u00f8rsm\u00e5let ditt.\u00a0<\/p>\n","protected":false},"excerpt":{"rendered":"Milit\u00e6r opptrapping p\u00e5 Gr\u00f8nland:\u00a0 Den gr\u00f8nlandske politikeren Pele Broberg sender en tydelig beskjed til Danmark. Og Donald Trump.\u00a0\u00a0&hellip;\n","protected":false},"author":2,"featured_media":139023,"comment_status":"","ping_status":"","sticky":false,"template":"","format":"standard","meta":{"footnotes":""},"categories":[12],"tags":[20,21,24,25,2112,15,22,23,13,30,28,29,14,16,26,27,412,42,43,44,45],"class_list":{"0":"post-139022","1":"post","2":"type-post","3":"status-publish","4":"format-standard","5":"has-post-thumbnail","7":"category-verden","8":"tag-breaking-news","9":"tag-breakingnews","10":"tag-featured-news","11":"tag-featurednews","12":"tag-gronland","13":"tag-headlines","14":"tag-latest-news","15":"tag-latestnews","16":"tag-news","17":"tag-no","18":"tag-norge","19":"tag-norway","20":"tag-nyheter","21":"tag-overskrifter","22":"tag-top-stories","23":"tag-topstories","24":"tag-utenriks","25":"tag-verden","26":"tag-world","27":"tag-world-news","28":"tag-worldnews"},"share_on_mastodon":{"url":"https:\/\/pubeurope.com\/@no\/115904250123845281","error":""},"_links":{"self":[{"href":"https:\/\/www.europesays.com\/no\/wp-json\/wp\/v2\/posts\/139022","targetHints":{"allow":["GET"]}}],"collection":[{"href":"https:\/\/www.europesays.com\/no\/wp-json\/wp\/v2\/posts"}],"about":[{"href":"https:\/\/www.europesays.com\/no\/wp-json\/wp\/v2\/types\/post"}],"author":[{"embeddable":true,"href":"https:\/\/www.europesays.com\/no\/wp-json\/wp\/v2\/users\/2"}],"replies":[{"embeddable":true,"href":"https:\/\/www.europesays.com\/no\/wp-json\/wp\/v2\/comments?post=139022"}],"version-history":[{"count":0,"href":"https:\/\/www.europesays.com\/no\/wp-json\/wp\/v2\/posts\/139022\/revisions"}],"wp:featuredmedia":[{"embeddable":true,"href":"https:\/\/www.europesays.com\/no\/wp-json\/wp\/v2\/media\/139023"}],"wp:attachment":[{"href":"https:\/\/www.europesays.com\/no\/wp-json\/wp\/v2\/media?parent=139022"}],"wp:term":[{"taxonomy":"category","embeddable":true,"href":"https:\/\/www.europesays.com\/no\/wp-json\/wp\/v2\/categories?post=139022"},{"taxonomy":"post_tag","embeddable":true,"href":"https:\/\/www.europesays.com\/no\/wp-json\/wp\/v2\/tags?post=139022"}],"curies":[{"name":"wp","href":"https:\/\/api.w.org\/{rel}","templated":true}]}}