{"id":139024,"date":"2026-01-16T10:14:10","date_gmt":"2026-01-16T10:14:10","guid":{"rendered":"https:\/\/www.europesays.com\/no\/139024\/"},"modified":"2026-01-16T10:14:10","modified_gmt":"2026-01-16T10:14:10","slug":"vaer-trafikk-farevarsel-na-blir-det-glatt","status":"publish","type":"post","link":"https:\/\/www.europesays.com\/no\/139024\/","title":{"rendered":"V\u00e6r, Trafikk | Farevarsel: N\u00e5 blir det glatt"},"content":{"rendered":"\n<p><a href=\"https:\/\/www.varsom.no\/vaervarsling\/varsel\/152788\" rel=\"Follow nofollow noopener\" target=\"_blank\">Varsom.no<\/a> har fredag morgen sendt ut farevarsel om is p\u00e5 vegene i Tr\u00f8ndelag. Farevarselet er p\u00e5 gult niv\u00e5, og gjelder fra fredag ettermiddag klokken 17.00 til midnatt.<\/p>\n<p>Det er meldt mildv\u00e6r og regn fredag ettermiddag og l\u00f8rdag formiddag.<\/p>\n<p>Meteorologene advarer om lokalt vanskelige kj\u00f8reforhold og fare for h\u00e5lkef\u00f8re.<\/p>\n<p>\u2013 Det er lokal fare regn som fryser p\u00e5 kald bakke. Regn kan fryse til is p\u00e5 vegbanen, p\u00e5 kj\u00f8ret\u00f8y og p\u00e5 andre gjenstander, heter det i farevarselet fra <a href=\"https:\/\/www.varsom.no\/vaervarsling\/varsel\/152788\" rel=\"Follow nofollow noopener\" target=\"_blank\">varsom.no<\/a>.<\/p>\n<p><b>R\u00e5dene er som f\u00f8lger:<\/b><\/p>\n<ul>\n<li>Beregn ekstra tid til transport og kj\u00f8ring. <\/li>\n<li>Bruk riktige dekk og kj\u00f8r etter forholdene. <\/li>\n<li>Vurder bruk av brodder eller piggsko <\/li>\n<li>V\u00e6r oppmerksom p\u00e5 at isen kan v\u00e6re vanskelig \u00e5 se. <\/li>\n<li>F\u00f8lg med p\u00e5 oppdaterte farevarsler. <\/li>\n<li>Sjekk veimeldinger p\u00e5 <a href=\"https:\/\/www.vegvesen.no\/trafikk\/\" rel=\"Follow nofollow noopener\" target=\"_blank\">vegvesen.no\/trafikk<\/a>.<\/li>\n<\/ul>\n","protected":false},"excerpt":{"rendered":"Varsom.no har fredag morgen sendt ut farevarsel om is p\u00e5 vegene i Tr\u00f8ndelag. Farevarselet er p\u00e5 gult niv\u00e5,&hellip;\n","protected":false},"author":2,"featured_media":139025,"comment_status":"","ping_status":"","sticky":false,"template":"","format":"standard","meta":{"footnotes":""},"categories":[10],"tags":[36,20,21,102,24,25,15825,15,22,23,13,30,28,29,14,16,1510,26,27,224,553],"class_list":{"0":"post-139024","1":"post","2":"type-post","3":"status-publish","4":"format-standard","5":"has-post-thumbnail","7":"category-norge","8":"tag-art","9":"tag-breaking-news","10":"tag-breakingnews","11":"tag-farevarsel","12":"tag-featured-news","13":"tag-featurednews","14":"tag-glatte-veger","15":"tag-headlines","16":"tag-latest-news","17":"tag-latestnews","18":"tag-news","19":"tag-no","20":"tag-norge","21":"tag-norway","22":"tag-nyheter","23":"tag-overskrifter","24":"tag-story","25":"tag-top-stories","26":"tag-topstories","27":"tag-trafikk","28":"tag-vaer"},"share_on_mastodon":{"url":"https:\/\/pubeurope.com\/@no\/115904254081746727","error":""},"_links":{"self":[{"href":"https:\/\/www.europesays.com\/no\/wp-json\/wp\/v2\/posts\/139024","targetHints":{"allow":["GET"]}}],"collection":[{"href":"https:\/\/www.europesays.com\/no\/wp-json\/wp\/v2\/posts"}],"about":[{"href":"https:\/\/www.europesays.com\/no\/wp-json\/wp\/v2\/types\/post"}],"author":[{"embeddable":true,"href":"https:\/\/www.europesays.com\/no\/wp-json\/wp\/v2\/users\/2"}],"replies":[{"embeddable":true,"href":"https:\/\/www.europesays.com\/no\/wp-json\/wp\/v2\/comments?post=139024"}],"version-history":[{"count":0,"href":"https:\/\/www.europesays.com\/no\/wp-json\/wp\/v2\/posts\/139024\/revisions"}],"wp:featuredmedia":[{"embeddable":true,"href":"https:\/\/www.europesays.com\/no\/wp-json\/wp\/v2\/media\/139025"}],"wp:attachment":[{"href":"https:\/\/www.europesays.com\/no\/wp-json\/wp\/v2\/media?parent=139024"}],"wp:term":[{"taxonomy":"category","embeddable":true,"href":"https:\/\/www.europesays.com\/no\/wp-json\/wp\/v2\/categories?post=139024"},{"taxonomy":"post_tag","embeddable":true,"href":"https:\/\/www.europesays.com\/no\/wp-json\/wp\/v2\/tags?post=139024"}],"curies":[{"name":"wp","href":"https:\/\/api.w.org\/{rel}","templated":true}]}}