{"id":139026,"date":"2026-01-16T10:15:09","date_gmt":"2026-01-16T10:15:09","guid":{"rendered":"https:\/\/www.europesays.com\/no\/139026\/"},"modified":"2026-01-16T10:15:09","modified_gmt":"2026-01-16T10:15:09","slug":"mdg-nyhetsvarsel-mdg-bekrefter-gar-mot-brudd-i-trondheim","status":"publish","type":"post","link":"https:\/\/www.europesays.com\/no\/139026\/","title":{"rendered":"MDG, Nyhetsvarsel | MDG bekrefter: G\u00e5r mot brudd i Trondheim"},"content":{"rendered":"\n<p>\u2013 Det ser veldig m\u00f8rkt ut for MDGs deltakelse i byr\u00e5d, sier gruppeleder for MDG i Trondheim, Tore Dyrendahl, <a href=\"https:\/\/www.nrk.no\/trondelag\/mdg-kan-trekke-seg-fra-bystyret-i-trondheim-etter-krangel-om-sektorisering-av-midtbyen-1.17730138\" rel=\"Follow nofollow noopener\" target=\"_blank\">til NRK<\/a>.<\/p>\n<p>P\u00e5 torsdag ble det klart at H\u00f8yre ikke blir med p\u00e5 forslaget som byr\u00e5det presenterte i h\u00f8st. Forslaget g\u00e5r ut p\u00e5 en sektorinndeling av Midtbyen i Trondheim, som H\u00f8yre alts\u00e5 ikke stiller seg bak.<\/p>\n<p><b>Les ogs\u00e5:<\/b> <a href=\"https:\/\/www.nettavisen.no\/nyheter\/mdg-sikrer-flertall-for-kjop-av-koreanske-raketter\/s\/5-95-2827987\" rel=\"Follow nofollow noopener\" target=\"_blank\">MDG sikrer flertall for kj\u00f8p av koreanske raketter: \u2013 Forsvarspolitikk er ikke distriktspolitikk<\/a><\/p>\n<p>MDG, sammen med H\u00f8yre og Venstre presentere i november i fjor en plan om \u00e5 stenge Midtbyen for gjennomgangstrafikk, skriver NRK.<\/p>\n<p><a href=\"https:\/\/www.nidaros.no\/mdg-byradet-kan-ryke-pa-denne-saken\/s\/5-113-802416\" rel=\"Follow nofollow noopener\" target=\"_blank\">I starten av januar gjorde imidlertid H\u00f8yre en helomvending<\/a>. De ville ikke lenger bli med p\u00e5 samarbeidet med MDG og Venstre, selv om alle tre partier sitter i byr\u00e5det sammen.<\/p>\n<p>MDG truet umiddelbart om \u00e5 forlate byr\u00e5det etter H\u00f8yres beslutning, og n\u00e5 ser det ut som at det blir en realitet.<\/p>\n","protected":false},"excerpt":{"rendered":"\u2013 Det ser veldig m\u00f8rkt ut for MDGs deltakelse i byr\u00e5d, sier gruppeleder for MDG i Trondheim, Tore&hellip;\n","protected":false},"author":2,"featured_media":139027,"comment_status":"","ping_status":"","sticky":false,"template":"","format":"standard","meta":{"footnotes":""},"categories":[5],"tags":[20,21,24,25,15,19,22,23,17,18,13,30,28,29,14,16,26,27],"class_list":{"0":"post-139026","1":"post","2":"type-post","3":"status-publish","4":"format-standard","5":"has-post-thumbnail","7":"category-overskrifter","8":"tag-breaking-news","9":"tag-breakingnews","10":"tag-featured-news","11":"tag-featurednews","12":"tag-headlines","13":"tag-hovedoppslag","14":"tag-latest-news","15":"tag-latestnews","16":"tag-main-news","17":"tag-mainnews","18":"tag-news","19":"tag-no","20":"tag-norge","21":"tag-norway","22":"tag-nyheter","23":"tag-overskrifter","24":"tag-top-stories","25":"tag-topstories"},"share_on_mastodon":{"url":"https:\/\/pubeurope.com\/@no\/115904258017780570","error":""},"_links":{"self":[{"href":"https:\/\/www.europesays.com\/no\/wp-json\/wp\/v2\/posts\/139026","targetHints":{"allow":["GET"]}}],"collection":[{"href":"https:\/\/www.europesays.com\/no\/wp-json\/wp\/v2\/posts"}],"about":[{"href":"https:\/\/www.europesays.com\/no\/wp-json\/wp\/v2\/types\/post"}],"author":[{"embeddable":true,"href":"https:\/\/www.europesays.com\/no\/wp-json\/wp\/v2\/users\/2"}],"replies":[{"embeddable":true,"href":"https:\/\/www.europesays.com\/no\/wp-json\/wp\/v2\/comments?post=139026"}],"version-history":[{"count":0,"href":"https:\/\/www.europesays.com\/no\/wp-json\/wp\/v2\/posts\/139026\/revisions"}],"wp:featuredmedia":[{"embeddable":true,"href":"https:\/\/www.europesays.com\/no\/wp-json\/wp\/v2\/media\/139027"}],"wp:attachment":[{"href":"https:\/\/www.europesays.com\/no\/wp-json\/wp\/v2\/media?parent=139026"}],"wp:term":[{"taxonomy":"category","embeddable":true,"href":"https:\/\/www.europesays.com\/no\/wp-json\/wp\/v2\/categories?post=139026"},{"taxonomy":"post_tag","embeddable":true,"href":"https:\/\/www.europesays.com\/no\/wp-json\/wp\/v2\/tags?post=139026"}],"curies":[{"name":"wp","href":"https:\/\/api.w.org\/{rel}","templated":true}]}}