{"id":139037,"date":"2026-01-16T10:28:07","date_gmt":"2026-01-16T10:28:07","guid":{"rendered":"https:\/\/www.europesays.com\/no\/139037\/"},"modified":"2026-01-16T10:28:07","modified_gmt":"2026-01-16T10:28:07","slug":"debattinnlegg-naja-amanda-lynge-moretro-knyter-seg-i-magen","status":"publish","type":"post","link":"https:\/\/www.europesays.com\/no\/139037\/","title":{"rendered":"Debattinnlegg: Naja Amanda Lynge M\u00f8retr\u00f8: \u00abKnyter seg i magen\u00bb"},"content":{"rendered":"\n<p class=\"_paragraph_o9xde_4 _paragraph_xtcu6_10 layout-component text-serif-m layout-normal text-serif-m layout-padded\">Som nordmann med gr\u00f8nlandsk-dansk familiebakgrunn, som har bodd i Nuuk det siste halve \u00e5ret og n\u00e5 bor i K\u00f8benhavn, har jeg noen perspektiver \u00e5 komme med som jeg savner i den norske debatten om Trumps trusler om \u00e5 ta <a href=\"https:\/\/www.vg.no\/tag\/groenland?utm_source=vg-article&amp;utm_medium=auto-tagger&amp;utm_campaign=ExpLA3\" class=\"_link_o9xde_39\" rel=\"nofollow noopener\" target=\"_blank\">Gr\u00f8nland<\/a>.<\/p>\n<p class=\"_paragraph_o9xde_4 _paragraph_xtcu6_10 layout-component text-serif-m layout-normal text-serif-m layout-padded\">Det knyter seg i magen hver gang Gr\u00f8nland f\u00f8rst og fremst omtales som et strategisk, geopolitisk og milit\u00e6rt viktig omr\u00e5de. <\/p>\n<p><img alt=\"\u00abGr\u00f8nland er mer enn et sikkerhetspolitisk sp\u00f8rsm\u00e5l\u00bb, skriver Naja Amanda Lynge M\u00f8retr\u00f8 (29).   Foto: Malik Br\u00f8ns\" class=\"_image_qp4xg_65 layout-component layout-normal\" data-fullscreen- data-track-element-type=\"Article image fullscreen\" data-track-name=\"ImageFullscreen\" decoding=\"async\" loading=\"lazy\" height=\"1453\" itemprop=\"image\"  src=\"https:\/\/www.europesays.com\/no\/wp-content\/uploads\/2026\/01\/1d41a708-d38a-4c08-95b8-84ea167969ab.jpeg\"  style=\"object-position:0% 0%\" width=\"2180\"\/>\u00abGr\u00f8nland er mer enn et sikkerhetspolitisk sp\u00f8rsm\u00e5l\u00bb, skriver Naja Amanda Lynge M\u00f8retr\u00f8 (29).   Foto: Malik Br\u00f8ns<\/p>\n<p class=\"_paragraph_o9xde_4 _paragraph_xtcu6_10 layout-component text-serif-m layout-normal text-serif-m layout-padded\">I den norske offentligheten fremst\u00e5r Gr\u00f8nland ofte som en brikke i et stormaktsspill, og ikke som et land med et eget folk med sin egen historie og egne dr\u00f8mmer om hvordan fremtiden skal se ut.<\/p>\n<p class=\"_paragraph_o9xde_4 _paragraph_xtcu6_10 layout-component text-serif-m layout-normal text-serif-m layout-padded\">Da jeg s\u00e5 NRK Debatten med tittelen \u00abB\u00f8r Trump f\u00e5 Gr\u00f8nland?\u00bb 8. januar, ble jeg overrasket over at en 40 minutters lang sending om Gr\u00f8nland kunne foreg\u00e5 uten at menneskene som bor der og deres meninger ble nevnt en eneste gang. <\/p>\n<p class=\"_paragraph_o9xde_4 _paragraph_xtcu6_10 layout-component text-serif-m layout-normal text-serif-m layout-padded\">Det var som om Gr\u00f8nland var et tomt territorium, under Danmark, klart til \u00e5 diskuteres, og i ytterste konsekvens handles med eller tas av andre. <\/p>\n<p class=\"_paragraph_o9xde_4 _paragraph_xtcu6_10 layout-component text-serif-m layout-normal text-serif-m layout-padded\">Dette er dessverre ikke et enkelttilfelle, men en del av et st\u00f8rre m\u00f8nster, preget av en kolonial historie og en tankegang som fortsatt lever videre i dag.<\/p>\n<p class=\"_paragraph_o9xde_4 _paragraph_xtcu6_10 layout-component text-serif-m layout-normal text-serif-m layout-padded\">For \u00e5 forbedre debatten mener jeg vi i det minste m\u00e5 ta inn f\u00f8lgende:<\/p>\n<p class=\"_paragraph_o9xde_4 _paragraph_xtcu6_10 layout-component text-serif-m layout-normal text-serif-m layout-padded\"><strong class=\"_strong_o9xde_25\">For det f\u00f8rste: <\/strong>Gr\u00f8nland er et land med et eget folk, spr\u00e5k, kultur og historie. <\/p>\n<p class=\"_paragraph_o9xde_4 _paragraph_xtcu6_10 layout-component text-serif-m layout-normal text-serif-m layout-padded\">Gr\u00f8nland heter egentlig Kalaallit Nunaat, som betyr \u00abgr\u00f8nlendernes land\u00bb, og er del av en flere tusen \u00e5rs inuithistorie som strekker seg fra dagens Russland, Alaska og Canada til Gr\u00f8nland. <\/p>\n<p class=\"_paragraph_o9xde_4 _paragraph_xtcu6_10 layout-component text-serif-m layout-normal text-serif-m layout-padded\">Denne historien lever videre i dag, ikke som noe statisk eller musealtmusealtGammeldags, men som et levende, moderne samfunn. <\/p>\n<p class=\"_paragraph_o9xde_4 _paragraph_xtcu6_10 layout-component text-serif-m layout-normal layout-padded\"><strong class=\"_strong_o9xde_25\">Les ogs\u00e5:<\/strong> <a href=\"https:\/\/www.vg.no\/i\/pBAVjE\" data-track-element-type=\"Link\" data-track-id=\"link:pBAVjE\" class=\"_link_o9xde_39\" rel=\"nofollow noopener\" target=\"_blank\">Gr\u00f8nlands minister til VG: \u2013 Rett til \u00e5 bestemme over v\u00e5r egen fremtid<\/a><\/p>\n<p class=\"_paragraph_o9xde_4 _paragraph_xtcu6_10 layout-component text-serif-m layout-normal text-serif-m layout-padded\">Det gr\u00f8nlandske folket har overlevd ekstreme arktiske forhold, men ogs\u00e5<br \/>kolonialisme og alvorlige overgrep, f\u00f8rst under Danmark-Norge, senere Danmark. <\/p>\n<p class=\"_paragraph_o9xde_4 _paragraph_xtcu6_10 layout-component text-serif-m layout-normal text-serif-m layout-padded\">Denne historiske konteksten er avgj\u00f8rende, men kan fort forsvinne i den norske debatten.<\/p>\n<p class=\"_paragraph_o9xde_4 _paragraph_xtcu6_10 layout-component text-serif-m layout-normal text-serif-m layout-padded\"><strong class=\"_strong_o9xde_25\">For det andre: <\/strong>Gr\u00f8nlendere vil hverken v\u00e6re amerikanske eller danske \u2013 de vil v\u00e6re gr\u00f8nlendere. <\/p>\n<p class=\"_paragraph_o9xde_4 _paragraph_xtcu6_10 layout-component text-serif-m layout-normal text-serif-m layout-padded\">Det er bred konsensus om dette i Gr\u00f8nland. <\/p>\n<p class=\"_paragraph_o9xde_4 _paragraph_xtcu6_10 layout-component text-serif-m layout-normal text-serif-m layout-padded\">Likevel kan det i norske diskusjoner se ut som om alternativene begrenses til \u00abDanmark eller USA\u00bb. <\/p>\n<p class=\"_paragraph_o9xde_4 _paragraph_xtcu6_10 layout-component text-serif-m layout-normal text-serif-m layout-padded\"><strong class=\"_strong_o9xde_25\">Det er en grunnleggende og problematisk misforst\u00e5else. <\/strong><\/p>\n<p><img alt=\"Det amerikanske konsulatet i Nuuk, hovedstaden p\u00e5 Gr\u00f8nland.   Foto: Jevgenij Maloletka \/ AP \/ NTB\" class=\"_image_qp4xg_65 layout-component layout-normal\" data-fullscreen- data-track-element-type=\"Article image fullscreen\" data-track-name=\"ImageFullscreen\" decoding=\"async\" loading=\"lazy\" height=\"5760\" itemprop=\"image\"  src=\"https:\/\/www.europesays.com\/no\/wp-content\/uploads\/2026\/01\/e119fde7-8510-4ba0-9a98-a37f5a1f1f38.jpeg\"  style=\"object-position:0% 0%\" width=\"8640\"\/>Det amerikanske konsulatet i Nuuk, hovedstaden p\u00e5 Gr\u00f8nland.   Foto: Jevgenij Maloletka \/ AP \/ NTB<\/p>\n<p class=\"_paragraph_o9xde_4 _paragraph_xtcu6_10 layout-component text-serif-m layout-normal text-serif-m layout-padded\">Siden andre verdenskrig har Gr\u00f8nland v\u00e6rt gjennom kontinuerlige avkoloniserings\u00adprosesser og politiske kamper for \u00f8kt selvstyre.<\/p>\n<p class=\"_paragraph_o9xde_4 _paragraph_xtcu6_10 layout-component text-serif-m layout-normal text-serif-m layout-padded\">Denne utviklingen stopper ikke. <\/p>\n<p class=\"_paragraph_o9xde_4 _paragraph_xtcu6_10 layout-component text-serif-m layout-normal text-serif-m layout-padded\">Samtidig betyr ikke dette, for den overveldende majoriteten, et \u00f8nske om \u00e5 bli underlagt USA, s\u00e5 langt der ifra. <\/p>\n<p class=\"_paragraph_o9xde_4 _paragraph_xtcu6_10 layout-component text-serif-m layout-normal text-serif-m layout-padded\">\u00d8nsket er selvbestemmelse og samarbeid p\u00e5 likeverdige premisser, uten \u00e5 v\u00e6re underdanig noen.<\/p>\n<p class=\"_paragraph_o9xde_4 _paragraph_xtcu6_10 layout-component text-serif-m layout-normal text-serif-m layout-padded\"><strong class=\"_strong_o9xde_25\">For det tredje: <\/strong>N\u00e5r vi i dagens debatt snakker om \u00e5 forsvare den liberale, internasjonalt regelbaserte verdensorden som har preget tiden etter andre verdenskrig, og verdier som diplomati fremfor maktbruk, sm\u00e5 staters plass i det internasjonale systemet og respekt for folkeretten, m\u00e5 disse prinsippene ogs\u00e5 gjelde n\u00e5r Gr\u00f8nland st\u00e5r p\u00e5 spill.<\/p>\n<p class=\"_paragraph_o9xde_4 _paragraph_xtcu6_10 layout-component text-serif-m layout-normal text-serif-m layout-padded\">Menneskerettigheter og urfolks rettigheter er ikke tilleggspoenger, men en del av selve fundamentet. <\/p>\n<p class=\"_paragraph_o9xde_4 _paragraph_xtcu6_10 layout-component text-serif-m layout-normal text-serif-m layout-padded\">Likevel er det nettopp disse som ofte tones ned eller glemmes n\u00e5r presset \u00f8ker. <\/p>\n<p class=\"_paragraph_o9xde_4 _paragraph_xtcu6_10 layout-component text-serif-m layout-normal text-serif-m layout-padded\">Norge har forpliktet seg til disse rammeverkene, og det er v\u00e5rt ansvar \u00e5 holde oss selv til disse forpliktelsene.<\/p>\n<p class=\"_paragraph_o9xde_4 _paragraph_xtcu6_10 layout-component text-serif-m layout-normal text-serif-m layout-padded\">Som forskningssjef Tone Huse <a href=\"https:\/\/www.vg.no\/nyheter\/i\/3pJWb9\/forskningssjef-tone-huse-groenland-tilhoerer-groenlenderne?fbclid=IwY2xjawPRAdRleHRuA2FlbQIxMQBzcnRjBmFwcF9pZBAyMjIwMzkxNzg4MjAwODkyAAEe7vbf_REsV7PBkOkDY-eDHv76g0JfjPzor9IK6WLRL7dZw8eAVKe_e2x6Tpk_aem_KbJ1Iu33OMjLHoUCtgfHgw\" data-track-element-type=\"Link\" data-track-id=\"link:3pJWb9\" class=\"_link_o9xde_39\" rel=\"nofollow noopener\" target=\"_blank\">har p\u00e5pekt i VG<\/a>, er det ikke tilstrekkelig med velmente<br \/>formuleringer n\u00e5r presset utenfra tiltar. <\/p>\n<p class=\"_paragraph_o9xde_4 _paragraph_xtcu6_10 layout-component text-serif-m layout-normal text-serif-m layout-padded\">De klare og bindende rammene som ligger til grunn for samarbeidet m\u00e5 etterleves.<\/p>\n<p class=\"_paragraph_o9xde_4 _paragraph_xtcu6_10 layout-component text-serif-m layout-normal text-serif-m layout-padded\">Ingen endringer i milit\u00e6r tilstedev\u00e6relse eller avtaleverk p\u00e5 gr\u00f8nlandsk territorium uten forh\u00e5ndsgodkjenning fra Gr\u00f8nlands folkevalgte. <\/p>\n<p class=\"_paragraph_o9xde_4 _paragraph_xtcu6_10 layout-component text-serif-m layout-normal text-serif-m layout-padded\">Gr\u00f8nlands befolkning har rett til \u00e5 si nei. <\/p>\n<p class=\"_paragraph_o9xde_4 _paragraph_xtcu6_10 layout-component text-serif-m layout-normal text-serif-m layout-padded\">Som Huse ogs\u00e5 p\u00e5peker, er avstanden mellom danske politiske erkl\u00e6ringer og faktisk praksis fortsatt betydelig.<\/p>\n<p class=\"_paragraph_o9xde_4 _paragraph_xtcu6_10 layout-component text-serif-m layout-normal text-serif-m layout-padded\">Hvis Norge faktisk mener alvor med selvbestemmelse, rettsorden og likeverd, m\u00e5 disse prinsippene ogs\u00e5 gjelde for det Gr\u00f8nland og det gr\u00f8nlandske folk. <\/p>\n<p class=\"_paragraph_o9xde_4 _paragraph_xtcu6_10 layout-component text-serif-m layout-normal text-serif-m layout-padded\">Det helt sentrale poenget forsvinner likevel gang p\u00e5 gang: <\/p>\n<p class=\"_paragraph_o9xde_4 _paragraph_xtcu6_10 layout-component text-serif-m layout-normal text-serif-m layout-padded\">Gr\u00f8nland tilh\u00f8rer gr\u00f8nlenderne, og er n\u00f8dt til \u00e5 gj\u00f8re det inn i fremtiden. <\/p>\n<p class=\"_paragraph_o9xde_4 _paragraph_xtcu6_10 layout-component text-serif-m layout-normal text-serif-m layout-padded\"><strong class=\"_strong_o9xde_25\">Ikke Danmark. Ikke USA. <\/strong><\/p>\n<p class=\"_paragraph_o9xde_4 _paragraph_xtcu6_10 layout-component text-serif-m layout-normal text-serif-m layout-padded\">Jeg skulle \u00f8nske det ble reflektert i den norske debatten.<\/p>\n<p class=\"_paragraph_o9xde_4 _paragraph_xtcu6_10 layout-component text-serif-m layout-normal text-serif-m layout-padded\">\u00abInnlegget er levert av\u00a0<a href=\"https:\/\/www.ungdebatt.no\/\" class=\"_link_o9xde_39\" rel=\"nofollow noopener\" target=\"_blank\">Ung debatt<\/a>, et selskap som formidler unge meninger til norske aviser.\u00bb.<\/p>\n<p>Les ogs\u00e5<br \/>\n   Dette er en kronikk. Kronikken gir uttrykk for skribentens holdning. Du kan sende inn kronikker og debattinnlegg til <a class=\"_link_jv5ak_10\" href=\"https:\/\/www.vg.no\/nyheter\/i\/ExpLA3\/mailto:debatt@vg.no\" rel=\"nofollow noopener\" target=\"_blank\">debatt@vg.no<\/a>. <\/p>\n","protected":false},"excerpt":{"rendered":"Som nordmann med gr\u00f8nlandsk-dansk familiebakgrunn, som har bodd i Nuuk det siste halve \u00e5ret og n\u00e5 bor i&hellip;\n","protected":false},"author":2,"featured_media":139038,"comment_status":"","ping_status":"","sticky":false,"template":"","format":"standard","meta":{"footnotes":""},"categories":[12],"tags":[20,21,24,25,2112,15,22,23,13,30,28,29,14,16,26,27,42,103,43,44,45],"class_list":{"0":"post-139037","1":"post","2":"type-post","3":"status-publish","4":"format-standard","5":"has-post-thumbnail","7":"category-verden","8":"tag-breaking-news","9":"tag-breakingnews","10":"tag-featured-news","11":"tag-featurednews","12":"tag-gronland","13":"tag-headlines","14":"tag-latest-news","15":"tag-latestnews","16":"tag-news","17":"tag-no","18":"tag-norge","19":"tag-norway","20":"tag-nyheter","21":"tag-overskrifter","22":"tag-top-stories","23":"tag-topstories","24":"tag-verden","25":"tag-vgmeninger","26":"tag-world","27":"tag-world-news","28":"tag-worldnews"},"share_on_mastodon":{"url":"https:\/\/pubeurope.com\/@no\/115904309216803566","error":""},"_links":{"self":[{"href":"https:\/\/www.europesays.com\/no\/wp-json\/wp\/v2\/posts\/139037","targetHints":{"allow":["GET"]}}],"collection":[{"href":"https:\/\/www.europesays.com\/no\/wp-json\/wp\/v2\/posts"}],"about":[{"href":"https:\/\/www.europesays.com\/no\/wp-json\/wp\/v2\/types\/post"}],"author":[{"embeddable":true,"href":"https:\/\/www.europesays.com\/no\/wp-json\/wp\/v2\/users\/2"}],"replies":[{"embeddable":true,"href":"https:\/\/www.europesays.com\/no\/wp-json\/wp\/v2\/comments?post=139037"}],"version-history":[{"count":0,"href":"https:\/\/www.europesays.com\/no\/wp-json\/wp\/v2\/posts\/139037\/revisions"}],"wp:featuredmedia":[{"embeddable":true,"href":"https:\/\/www.europesays.com\/no\/wp-json\/wp\/v2\/media\/139038"}],"wp:attachment":[{"href":"https:\/\/www.europesays.com\/no\/wp-json\/wp\/v2\/media?parent=139037"}],"wp:term":[{"taxonomy":"category","embeddable":true,"href":"https:\/\/www.europesays.com\/no\/wp-json\/wp\/v2\/categories?post=139037"},{"taxonomy":"post_tag","embeddable":true,"href":"https:\/\/www.europesays.com\/no\/wp-json\/wp\/v2\/tags?post=139037"}],"curies":[{"name":"wp","href":"https:\/\/api.w.org\/{rel}","templated":true}]}}