{"id":139039,"date":"2026-01-16T10:29:08","date_gmt":"2026-01-16T10:29:08","guid":{"rendered":"https:\/\/www.europesays.com\/no\/139039\/"},"modified":"2026-01-16T10:29:08","modified_gmt":"2026-01-16T10:29:08","slug":"arfan-bhatti-far-dommen-etter-25-juni-terror-i-oslo","status":"publish","type":"post","link":"https:\/\/www.europesays.com\/no\/139039\/","title":{"rendered":"Arfan Bhatti f\u00e5r dommen etter 25. juni-terror i Oslo"},"content":{"rendered":"\n<p class=\"_lead_o9xde_2 _lead_xtcu6_50 layout-component text-serif-m layout-normal text-serif-l layout-component layout-wide layout-padded _wide_17hqh_1 layout-padded\">Den terrortiltalte 48-\u00e5ringen st\u00e5r anklaget for medvirkning til terrorangrepet i Oslo sentrum i 2022.<\/p>\n<p><img alt=\" Foto: J\u00f8rgen Braastad \/ VG\" class=\"_image_qp4xg_65 layout-component layout-wide\" data-fullscreen- data-track-element-type=\"Article image fullscreen\" data-track-name=\"ImageFullscreen\" fetchpriority=\"high\" decoding=\"sync\" loading=\"eager\" height=\"4760\" itemprop=\"image\"  src=\"https:\/\/www.europesays.com\/no\/wp-content\/uploads\/2026\/01\/006ee80d-7e11-4c11-9b34-10e737f6ffed.jpeg\"  style=\"object-position:0% 0%\" width=\"7137\"\/> Foto: J\u00f8rgen Braastad \/ VG<\/p>\n<ul aria-hidden=\"true\" class=\"_images_ntbth_112\">\n<li><a class=\"_link_ntbth_117\" href=\"https:\/\/www.vg.no\/forfatter\/intisaar-ali\" style=\"z-index:2\" title=\"Intisaar Ali\" rel=\"nofollow noopener\" target=\"_blank\"><img alt=\"Bilde av Intisaar Ali\" class=\"_image_ntbth_93\" fetchpriority=\"low\" loading=\"lazy\" decoding=\"async\" itemprop=\"image\"  src=\"https:\/\/www.europesays.com\/no\/wp-content\/uploads\/2026\/01\/1768559348_223_31e1a332-7865-4acc-a24e-ae6d6674f722.png\"  width=\"480\"\/><\/a><\/li>\n<li><a class=\"_link_ntbth_117\" href=\"https:\/\/www.vg.no\/forfatter\/christina-quist\" style=\"z-index:1\" title=\"Christina Quist\" rel=\"nofollow noopener\" target=\"_blank\"><img alt=\"Bilde av Christina Quist\" class=\"_image_ntbth_93\" fetchpriority=\"low\" loading=\"lazy\" decoding=\"async\" itemprop=\"image\"  src=\"https:\/\/www.europesays.com\/no\/wp-content\/uploads\/2026\/01\/1768559348_677_2f61427f-2a07-4cc1-98e1-b548da33c599.png\"  width=\"480\"\/><\/a><\/li>\n<\/ul>\n<p>Oslo tingrett Oppdatert fredag 16. januar kl. 11:24    <\/p>\n<ul class=\"_list_o9xde_3 _list_64s2r_85 _unordered_o9xde_106 text-sans-m\">\n<li class=\"_item_o9xde_30\">48-\u00e5rige Arfan Bhatti er tiltalt for medvirkning til terrorangrepet i Oslo 2022.<\/li>\n<li class=\"_item_o9xde_30\">P\u00e5talemyndigheten mener han  skaffet v\u00e5pen og hjalp Zaniar Matapour.<\/li>\n<li class=\"_item_o9xde_30\">To personer ble drept i angrepet, og ytterligere ni skadet av skudd. <\/li>\n<li class=\"_item_o9xde_30\">Bhatti nekter straffskyld og sier han bare \u00abspilte med\u00bb i samtalene med en agent fra Etterretningstjenesten.<\/li>\n<\/ul>\n<p>Vis mer <\/p>\n<p class=\"_paragraph_o9xde_4 _paragraph_xtcu6_10 layout-component text-serif-m layout-normal text-serif-m layout-padded\">P\u00e5talemyndigheten mener han hadde hovedrollen da Zaniar Matapour gikk til angrep p\u00e5 Per p\u00e5 hj\u00f8rnet og London Pub, under pridefeiringen. <\/p>\n<p class=\"_paragraph_o9xde_4 _paragraph_xtcu6_10 layout-component text-serif-m layout-normal text-serif-m layout-padded\">To personer ble drept da Matapour utl\u00f8ste skudd, og ni andre ble skuddskadet. <\/p>\n<p class=\"_paragraph_o9xde_4 _paragraph_xtcu6_10 layout-component text-serif-m layout-normal text-serif-m layout-padded\">Matapour ble d\u00f8mt til 30 \u00e5rs forvaring etter terroren denne juninatten. <\/p>\n<p class=\"_paragraph_o9xde_4 _paragraph_xtcu6_10 layout-component text-serif-m layout-normal text-serif-m layout-padded\"><strong class=\"_strong_o9xde_25\">P\u00e5talemyndigheten har ogs\u00e5 om bedt om lovens strengeste straff, nemlig 30 \u00e5rs forvaring, for Bhatti. <\/strong><\/p>\n<p class=\"_paragraph_o9xde_4 _paragraph_xtcu6_10 layout-component text-serif-m layout-normal text-serif-m layout-padded\">\u2013 Denne saken handler om en mann som hater norske verdier, innledet statsadvokat Sturla Henriksb\u00f8 sin prosedyre under de siste dagene i retten i fjor h\u00f8st. <\/p>\n<p class=\"_paragraph_o9xde_4 _paragraph_xtcu6_10 layout-component text-serif-m layout-normal text-serif-m layout-padded\">Bhatti har if\u00f8lge tiltalen hjulpet med \u00e5 skaffe Matapour v\u00e5pen, og opprettet kontakt med det han trodde var en representant for Den Islamske Staten. Denne personen var egentlig en agent fra Etterretningstjenesten. <\/p>\n<p class=\"_paragraph_o9xde_4 _paragraph_xtcu6_10 layout-component text-serif-m layout-normal text-serif-m layout-padded\">Forut for at Matapour gjennomf\u00f8rte terrorangrepet mot London Pub og Per p\u00e5 hj\u00f8rnet, skal han ha avlagt en troskapsed troskapsedEn ed der en person lover lojalitet til en organisasjon eller leder, ofte brukt i sammenheng med terrorgrupper. til IS, som egentlig var agenten for etterretningstjenesten. Det ble inng\u00e5tt en avtale mellom ham og Bhatti om at sistnevnte skulle s\u00f8rge for at den ble videresendt til IS, mener p\u00e5talemyndigheten. <\/p>\n<p class=\"_paragraph_o9xde_4 _paragraph_xtcu6_10 layout-component text-serif-m layout-normal text-serif-m layout-padded\">VG har tidligere avsl\u00f8r<a href=\"https:\/\/www.vg.no\/spesial\/2023\/terrorchatten\/\" class=\"_link_o9xde_39\" rel=\"nofollow noopener\" target=\"_blank\">t ti chatter mellom det politiet mener er Arfan Bhatti og en hemmelig agent fra Etterretningstjenesten<\/a>. Det er disse samtalene som blant annet er blitt brukt som bevis i saken. <\/p>\n<p>Dette er Bhatti-tiltalt for<\/p>\n<p class=\"_paragraph_o9xde_4 _paragraph_xtcu6_10 _paragraph_16v91_10 layout-component text-serif-m layout-normal text-sans-m layout-padded\"><strong class=\"_strong_o9xde_25\">Det er to punker i tiltalen mot Arfan Bhatti.<\/strong><\/p>\n<p class=\"_paragraph_o9xde_4 _paragraph_xtcu6_10 _paragraph_16v91_10 layout-component text-serif-m layout-normal text-sans-m layout-padded\"><strong class=\"_strong_o9xde_25\">1.<\/strong> Arfan Bhatti er tiltalt for terror ved drap og drapsfors\u00f8k (eller medvirkning til dette), beg\u00e5tt for \u00e5 spre alvorlig frykt i samfunnet, og handlingen regnes som grov p\u00e5 grunn av omfanget og konsekvensene.<\/p>\n<ul class=\"_list_o9xde_3 _list_xtcu6_9 _list_16v91_9 _unordered_o9xde_106 layout-component text-serif-m layout-normal text-sans-m layout-padded\">\n<li class=\"_item_o9xde_30\">Medvirket til planleggingen av terrorangrepet utf\u00f8rt av Zaniar Matapour.<\/li>\n<li class=\"_item_o9xde_30\">Ga praktisk bistand til Matapour, blant annet med v\u00e5pen og kontakt med IS.<\/li>\n<li class=\"_item_o9xde_30\">Videreformidlet Zaniar Matapours troskapsed og identitetsopplysninger f\u00f8r angrepet.<\/li>\n<li class=\"_item_o9xde_30\">Terrorangrepet utf\u00f8rt av Matapour f\u00f8rte til drap, drapsfors\u00f8k og alvorlig frykt i befolkningen.<\/li>\n<\/ul>\n<p class=\"_paragraph_o9xde_4 _paragraph_xtcu6_10 _paragraph_16v91_10 layout-component text-serif-m layout-normal text-sans-m layout-padded\"><strong class=\"_strong_o9xde_25\">2.<\/strong> Han er ogs\u00e5 tiltalt for \u00e5 ha fors\u00f8kt \u00e5 planlegge og samarbeide med andre om \u00e5 gjennomf\u00f8re alvorlige terrorhandlinger, selv om de ikke ble gjennomf\u00f8rt.<\/p>\n<ul class=\"_list_o9xde_3 _list_xtcu6_9 _list_16v91_9 _unordered_o9xde_106 layout-component text-serif-m layout-normal text-sans-m layout-padded\">\n<li class=\"_item_o9xde_30\">Etter terrorangrepet utf\u00f8rt av Zaniar Matapour, fors\u00f8kte Bhatti \u00e5 inng\u00e5 samarbeid om nye terrorhandlinger.<\/li>\n<li class=\"_item_o9xde_30\">Hadde Telegram-samtaler med det han trodde var en IS-representant.<\/li>\n<li class=\"_item_o9xde_30\">Foreslo konkrete terrorangrep i Norge og Pakistan (ambassade, kidnapping, m\u00e5lrettede angrep).<\/li>\n<li class=\"_item_o9xde_30\">Tilb\u00f8d planlegging, gjennomf\u00f8ring og rekruttering, men ingen avtale ble inng\u00e5tt<\/li>\n<\/ul>\n<p>Vis mer<\/p>\n<p class=\"_paragraph_o9xde_4 _paragraph_xtcu6_10 layout-component text-serif-m layout-normal text-serif-m layout-padded\">\u2013 Denne saken handler om en mann som brukte en s\u00e5rbar mann til \u00e5 gjennomf\u00f8re et terrorangrep. Hendelsen rammet hele det skeive milj\u00f8et og skapte frykt i hele Norge, sa Sturla Henriksb\u00f8, som er statsadvokat da hovedforhandlingene p\u00e5gikk. <\/p>\n<p><img alt=\"Foto: J\u00f8rgen Braastad \/ VG\" class=\"_image_qp4xg_65 layout-component layout-normal\" data-fullscreen- data-track-element-type=\"Article image fullscreen\" data-track-name=\"ImageFullscreen\" decoding=\"async\" loading=\"lazy\" height=\"5464\" itemprop=\"image\"  src=\"https:\/\/www.europesays.com\/no\/wp-content\/uploads\/2026\/01\/ad653df9-7bb0-49e5-b6fb-58dea663d384.jpeg\"  style=\"object-position:0% 0%\" width=\"8192\"\/>Foto: J\u00f8rgen Braastad \/ VG<\/p>\n<p class=\"_paragraph_o9xde_4 _paragraph_xtcu6_10 layout-component text-serif-m layout-normal text-serif-m layout-padded\">Selv har Bhatti forklart at han ikke visste om terrorplanene. Han sa i retten at han bare fulgte en sjargong og spilte med i samtalene med agenten.<\/p>\n<p class=\"_paragraph_o9xde_4 _paragraph_xtcu6_10 layout-component text-serif-m layout-normal text-serif-m layout-padded\"><strong class=\"_strong_o9xde_25\">Bhatti har hele veien nektet straffskyld og sier kontakten med det han trodde var IS var for \u00e5 videreformidle Matapours troskapsed.<\/strong><\/p>\n<p>\u2013 Jeg holdt ham p\u00e5 rett spor<\/p>\n<p class=\"_paragraph_o9xde_4 _paragraph_xtcu6_10 layout-component text-serif-m layout-normal text-serif-m layout-padded\">I retten forklarte Bhatti at han gjennom 2021 og frem til han reiste til Pakistan i 2022 m\u00f8tte Matapour en god del ganger. Og at de ble n\u00e6re venner fordi de begge var sm\u00e5barnsfedre. <\/p>\n<p class=\"_paragraph_o9xde_4 _paragraph_xtcu6_10 layout-component text-serif-m layout-normal text-serif-m layout-padded\"><strong class=\"_strong_o9xde_25\">\u2013 Ikke p\u00e5 noe tidspunkt har det v\u00e6rt noe snakk om terrorvirksomhet og ekstreme hendelser. Ikke p\u00e5 noe tidspunkt var hans tanker om homofile emne mellom meg og ham, sa Bhatti i retten.<\/strong><\/p>\n<p class=\"_paragraph_o9xde_4 _paragraph_xtcu6_10 layout-component text-serif-m layout-normal text-serif-m layout-padded\">Han har sagt at han ikke har trigget Matapour til noe som helst. <\/p>\n<p class=\"_paragraph_o9xde_4 _paragraph_xtcu6_10 layout-component text-serif-m layout-normal text-serif-m layout-padded\">\u2013 Jeg ga ham tryggheten han \u00f8nsket. Det var ikke jeg som trigget ham til noe som helst. Jeg holdt ham p\u00e5 rett spor, sa han i retten h\u00f8sten 2025. <\/p>\n<p class=\"_paragraph_o9xde_4 _paragraph_xtcu6_10 layout-component text-serif-m layout-normal text-serif-m layout-padded\">Han mener at han ikke har noe forhold til terrorhandlingen.<\/p>\n<p class=\"_paragraph_o9xde_4 _paragraph_xtcu6_10 layout-component text-serif-m layout-normal text-serif-m layout-padded\">\u2013 Det er alltid tragisk n\u00e5r sivile d\u00f8r. Det har jeg sagt mange ganger f\u00f8r, sa han da han forklarte seg i retten. <\/p>\n<p class=\"_paragraph_o9xde_4 _paragraph_xtcu6_10 layout-component text-serif-m layout-normal text-serif-m layout-padded\">En av Bhattis forsvarere, John Christian Elden, mener p\u00e5talemyndighetens beviser for \u00e5 d\u00f8mme Bhatti for \u00e5 ha medvirket til terror, er for svake.<\/p>\n<p class=\"_paragraph_o9xde_4 _paragraph_xtcu6_10 layout-component text-serif-m layout-normal text-serif-m layout-padded\">Elden ba om at Bhatti skulle frifinnes. <\/p>\n<p class=\"_paragraph_o9xde_4 _paragraph_xtcu6_10 layout-component text-serif-m layout-normal text-serif-m layout-padded\">Hans andre forsvarer, Bernt Heiberg, argumenterte i sluttprosedyrene for at agenten fra Etterretningstjenesten fremprovoserte handlingene til Bhatti, og at det dreier seg om en ulovlig politiprovokasjonpolitiprovokasjonPolitiprovokasjon er n\u00e5r politiet aktivt oppfordrer eller lokker noen til \u00e5 beg\u00e5 en straffbar handling de ellers ikke ville ha beg\u00e5tt.. <\/p>\n","protected":false},"excerpt":{"rendered":"Den terrortiltalte 48-\u00e5ringen st\u00e5r anklaget for medvirkning til terrorangrepet i Oslo sentrum i 2022. Foto: J\u00f8rgen Braastad \/&hellip;\n","protected":false},"author":2,"featured_media":139040,"comment_status":"","ping_status":"","sticky":false,"template":"","format":"standard","meta":{"footnotes":""},"categories":[10],"tags":[20,21,377,24,25,15,148,22,23,13,30,28,29,14,16,3686,3984,26,27],"class_list":{"0":"post-139039","1":"post","2":"type-post","3":"status-publish","4":"format-standard","5":"has-post-thumbnail","7":"category-norge","8":"tag-breaking-news","9":"tag-breakingnews","10":"tag-drap","11":"tag-featured-news","12":"tag-featurednews","13":"tag-headlines","14":"tag-kriminalitet","15":"tag-latest-news","16":"tag-latestnews","17":"tag-news","18":"tag-no","19":"tag-norge","20":"tag-norway","21":"tag-nyheter","22":"tag-overskrifter","23":"tag-terror","24":"tag-terrorangrepet-under-pride-festivalen","25":"tag-top-stories","26":"tag-topstories"},"share_on_mastodon":{"url":"https:\/\/pubeurope.com\/@no\/115904312968704564","error":""},"_links":{"self":[{"href":"https:\/\/www.europesays.com\/no\/wp-json\/wp\/v2\/posts\/139039","targetHints":{"allow":["GET"]}}],"collection":[{"href":"https:\/\/www.europesays.com\/no\/wp-json\/wp\/v2\/posts"}],"about":[{"href":"https:\/\/www.europesays.com\/no\/wp-json\/wp\/v2\/types\/post"}],"author":[{"embeddable":true,"href":"https:\/\/www.europesays.com\/no\/wp-json\/wp\/v2\/users\/2"}],"replies":[{"embeddable":true,"href":"https:\/\/www.europesays.com\/no\/wp-json\/wp\/v2\/comments?post=139039"}],"version-history":[{"count":0,"href":"https:\/\/www.europesays.com\/no\/wp-json\/wp\/v2\/posts\/139039\/revisions"}],"wp:featuredmedia":[{"embeddable":true,"href":"https:\/\/www.europesays.com\/no\/wp-json\/wp\/v2\/media\/139040"}],"wp:attachment":[{"href":"https:\/\/www.europesays.com\/no\/wp-json\/wp\/v2\/media?parent=139039"}],"wp:term":[{"taxonomy":"category","embeddable":true,"href":"https:\/\/www.europesays.com\/no\/wp-json\/wp\/v2\/categories?post=139039"},{"taxonomy":"post_tag","embeddable":true,"href":"https:\/\/www.europesays.com\/no\/wp-json\/wp\/v2\/tags?post=139039"}],"curies":[{"name":"wp","href":"https:\/\/api.w.org\/{rel}","templated":true}]}}