{"id":139041,"date":"2026-01-16T10:31:13","date_gmt":"2026-01-16T10:31:13","guid":{"rendered":"https:\/\/www.europesays.com\/no\/139041\/"},"modified":"2026-01-16T10:31:13","modified_gmt":"2026-01-16T10:31:13","slug":"reagerer-pa-svensk-tilstand-det-foles-urettferdig","status":"publish","type":"post","link":"https:\/\/www.europesays.com\/no\/139041\/","title":{"rendered":"Reagerer p\u00e5 svensk tilstand: &#8211; Det f\u00f8les urettferdig"},"content":{"rendered":"<p>        Saken oppsummert<\/p>\n<ul lang=\"nb-NO\">\n<li>Norske trenere st\u00e5r overfor vanskelige valg om hvilke medaljekandidater som m\u00e5 vrakes til OL. <\/li>\n<li>Svenske l\u00f8pere som ikke har v\u00e6rt topp ti i verdenscupen, kvalifiserer seg til OL.<\/li>\n<li>TV 2s langrennsekspert, Petter Skinstad, kritiserer bredden i svensk langrenn. <\/li>\n<li>Det norske laget har potensielle medaljevinnere som m\u00e5 bli hjemme.<\/li>\n<\/ul>\n<p class=\"italic ai-disclaimer\" data-lab-italic=\"italic\">Oppsummeringen er laget med kunstig intelligens (KI) fra OpenAI. Innholdet er kvalitetssikret av TV 2s journalister. <a target=\"_blank\" href=\"https:\/\/hjelp.tv2.no\/info\/artikkel\/slik-jobber-vi-med-ki-i-tv-2\" title=\"Les om hvordan vi jobber med KI\" rel=\"nofollow noopener\">Les om hvordan vi jobber med KI<\/a><\/p>\n<p>Samtidig som de norske trenerne sliter med \u00e5 velge hvilken medaljekandidat de skal vrake til OL, sender svenskene l\u00f8pere som ikke har v\u00e6rt topp ti i verdenscupen.\u00a0<\/p>\n<p>Denne helgen kan ogs\u00e5 Calle Halfvarsson, som ikke engang har v\u00e6rt god nok for det \u00f8verste niv\u00e5et s\u00e5 langt denne sesongen, kvalifisere seg til OL.<\/p>\n<p>\u2013\u00a0\u00c5 g\u00e5 seg inn i den svenske OL-troppen p\u00e5 herresiden er ikke noe vanskeligere enn \u00e5 g\u00e5 seg inn p\u00e5 et regionlag i Norge akkurat n\u00e5, sier TV 2s langrennsekspert Petter Skinstad.\u00a0<\/p>\n<p>De norske l\u00f8perne rister p\u00e5 hodet, og sender syrlige stikk \u00f8stover.\u00a0<\/p>\n<p>        <img class=\"image__img lazyload\" itemprop=\"image\" title=\"Foto: Maxim Thore \/ BILDBYR\u00c5N\" alt=\"HELT UTE: Calle Halfvarsson har ikke v\u00e6rt i n\u00e6rheten av sitt toppniv\u00e5. N\u00e5 kan han likevel kvalifisere seg til OL. Foto: Maxim Thore \/ BILDBYR\u00c5N\" width=\"675\" height=\"453\" bad-src=\"https:\/\/www.europesays.com\/no\/wp-content\/uploads\/2026\/01\/18335953.webp.jpeg\" fetchpriority=\"auto\" \/><\/p>\n<p>      HELT UTE: Calle Halfvarsson har ikke v\u00e6rt i n\u00e6rheten av sitt toppniv\u00e5. N\u00e5 kan han likevel kvalifisere seg til OL.<br \/>\n         Foto: Maxim Thore \/ BILDBYR\u00c5N<\/p>\n<p>\u2013 Ikke i n\u00e6rheten <\/p>\n<p>B\u00e5de Norge og Sverige har to ledige plasser i troppen, etter at \u00abs\u00f6ta bror\u00bb tok ut Gustaf Berglund og Truls Gisselman.\u00a0<\/p>\n<p>To l\u00f8pere som har henholdsvis en ellevteplass og en attendeplass som sine beste resultater denne sesongen.\u00a0<\/p>\n<p class=\"bold m-bold\" data-lab-font_weight=\"bold\">\u2013\u00a0Det er ikke en eneste svenske som er i n\u00e6rheten av \u00e5 v\u00e6re i en norsk tropp p\u00e5 \u00e5tte stykker. Det er ikke en eneste l\u00f8per jeg ville byttet mot derfra, sier landslagstrener Eirik Myhr Nossum.\u00a0<\/p>\n<p>        <img class=\"image__img lazyload\" itemprop=\"image\" title=\"Foto: Mathias Bergeld \/ BILDBYR\u00c5N\" alt=\"VILLE IKKE BYTTET: Berglund og Gisselman hadde ikke v\u00e6rt i n\u00e6rheten av \u00e5 kvalifisere seg til den norske troppen. Foto: Mathias Bergeld \/ BILDBYR\u00c5N\" width=\"675\" height=\"453\" bad-src=\"https:\/\/www.europesays.com\/no\/wp-content\/uploads\/2026\/01\/18467827.webp.jpeg\" fetchpriority=\"auto\" \/><\/p>\n<p>      VILLE IKKE BYTTET: Berglund og Gisselman hadde ikke v\u00e6rt i n\u00e6rheten av \u00e5 kvalifisere seg til den norske troppen.<br \/>\n         Foto: Mathias Bergeld \/ BILDBYR\u00c5N<\/p>\n<p>Denne helgen sesongdebuterer Calle Halfvarsson i verdenscupen i tyske Oberhof.\u00a0<\/p>\n<p>Der kan han kvalifisere seg til OL, til tross for at veteranen ble nummer 14 og 24 i den svenske \u00e5pningen i november, og ikke har v\u00e6rt god nok til \u00e5 konkurrere internasjonalt f\u00f8r n\u00e5.\u00a0<\/p>\n<p>\u2013\u00a0Han har ikke v\u00e6rt god nok til verdenscup, og han er fra Sverige. Det sier jo litt. Halfvarsson klarer s\u00e5 vidt pallen i svensk cup, og det er jo ikke i n\u00e6rheten av niv\u00e5et i Norgescupen, sier Einar Hedegart.\u00a0<\/p>\n<p>        <img class=\"image__img lazyload\" itemprop=\"image\" title=\"Foto: Gian Ehrenzeller \/ AP \/ NTB\" alt=\"IKKE I N\u00c6RHETEN: Einar Hedegart er ikke imponert over niv\u00e5et p\u00e5 herresiden i Sverige. Foto: Gian Ehrenzeller \/ AP \/ NTB\" width=\"675\" height=\"493\" bad-src=\"https:\/\/www.europesays.com\/no\/wp-content\/uploads\/2026\/01\/18383608.webp.jpeg\" fetchpriority=\"auto\" \/><\/p>\n<p>      IKKE I N\u00c6RHETEN: Einar Hedegart er ikke imponert over niv\u00e5et p\u00e5 herresiden i Sverige.<br \/>\n         Foto: Gian Ehrenzeller \/ AP \/ NTB<\/p>\n<p>Til sammenligning kan l\u00f8pere som Andreas Fjorden Ree, Emil Iversen og Ansgar Evensen m\u00e5tte se lekene hjemmefra. Alle tre har pallplasser.\u00a0<\/p>\n<p>Andreas Fjorden Ree var fire hundredeler unna \u00e5 vinne OL-\u00f8velsen 10 kilometer fri i Trondheim i desember.\u00a0<\/p>\n<p>I det samme l\u00f8pet ble OL-klare Gustaf Berglund beste svenske p\u00e5 en 29. plass.\u00a0<\/p>\n<p>\u2013\u00a0Det f\u00f8les jo litt urettferdig at det er s\u00e5nn. Det er noen svenske l\u00f8pere som er tatt ut som jeg har v\u00e6rt ganske mye bedre enn, men det er s\u00e5nn det er, sier Andreas Fjorden Ree.\u00a0<\/p>\n<p>        <img class=\"image__img lazyload\" itemprop=\"image\" title=\"Foto: Lise \u00c5serud \/ NTB\" alt=\"KJIPT: Fjorden Ree innr\u00f8mmer at det oppleves urettferdig at svenske l\u00f8pere som han selv sl\u00e5r hver helg f\u00e5r g\u00e5 OL. Foto: Lise \u00c5serud \/ NTB\" width=\"675\" height=\"453\" bad-src=\"https:\/\/www.europesays.com\/no\/wp-content\/uploads\/2026\/01\/18467834.webp.jpeg\" fetchpriority=\"auto\" \/><\/p>\n<p>      KJIPT: Fjorden Ree innr\u00f8mmer at det oppleves urettferdig at svenske l\u00f8pere som han selv sl\u00e5r hver helg f\u00e5r g\u00e5 OL.<br \/>\n         Foto: Lise \u00c5serud \/ NTB<\/p>\n<p>Syrlig stikk: \u2013 Det blir jo s\u00e5 artige TV-bilder\u00a0<\/p>\n<p>Edvin Anger og Alvar Myhlback har begge v\u00e6rt p\u00e5 pallen, men det har v\u00e6rt langt mellom de svenske lyspunktene denne sesongen.\u00a0<\/p>\n<p>\u2013\u00a0Jeg kan nesten ikke fatte hvordan de klarer \u00e5 f\u00e5 s\u00e5 lite ut av s\u00e5 mange ut\u00f8vere og den tilgangen p\u00e5 ressurser. Bredden i Sverige er sjokkerende d\u00e5rlig. Der m\u00e5 de virkelig rive det hele ned til grunnmuren og begynne p\u00e5 nytt, sier Skinstad.\u00a0<\/p>\n<p>        <img class=\"image__img lazyload\" itemprop=\"image\" title=\"Foto: Maxim Thore \/ BILDBYR\u00c5N\" alt=\"LANGL\u00d8PER: Alvar Myhlback, som egentlig satser langl\u00f8p og lenge p\u00e5sto at han ikke ville til OL, har v\u00e6rt et lyspunkt for svenskene. Foto: Maxim Thore \/ BILDBYR\u00c5N\" width=\"675\" height=\"453\" bad-src=\"https:\/\/www.europesays.com\/no\/wp-content\/uploads\/2026\/01\/18467839.webp.jpeg\" fetchpriority=\"auto\" \/><\/p>\n<p>      LANGL\u00d8PER: Alvar Myhlback, som egentlig satser langl\u00f8p og lenge p\u00e5sto at han ikke ville til OL, har v\u00e6rt et lyspunkt for svenskene.<br \/>\n         Foto: Maxim Thore \/ BILDBYR\u00c5N<\/p>\n<p>Gullfavoritten p\u00e5 10 kilometer fristil, Einar Hedegart, er ikke redd for konkurranse fra v\u00e5re svenske naboer.\u00a0<\/p>\n<p>Istedenfor sammenligner tr\u00f8nderen Halfvarsson med l\u00f8pere fra eksotiske land, som ofte ender opp som lattermilde videoklipp.\u00a0<\/p>\n<p class=\"bold m-bold\" data-lab-font_weight=\"bold\">Slik som Eddie fra Filippinene:\u00a0<\/p>\n<p>\u2013 I OL er det jo l\u00f8pere som s\u00e5 vidt har g\u00e5tt p\u00e5 ski f\u00f8r. Calle Halfvarsson g\u00e5r inn i den kategorien, sammen med l\u00f8pere fra S\u00f8r-Afrika og Argentina.\u00a0<\/p>\n<p>\u2013 De kvalifiserer seg p\u00e5 veldig middelm\u00e5dige prestasjoner, men det er jo litt av sjarmen med OL. Vi m\u00e5 ha med l\u00f8pere som Calle Halfvarsson ogs\u00e5, det blir jo s\u00e5 artige TV-bilder av det, sier Hedegart med glimt i \u00f8yet.\u00a0<\/p>\n<p>P\u00e5 sp\u00f8rsm\u00e5l om landslagstrener Nossum synes det er irriterende eller synd at det er s\u00e5nn, svarer han f\u00f8lgende:\u00a0<\/p>\n<p>\u2013\u00a0S\u00e5nn er det. Det er sikkert mange kenyanere som kunne stilt til start under friidretts-VM ogs\u00e5. Kvotene er jo s\u00e5nn \u2026 Men at vi kommer til \u00e5 ha potensielle medaljekandidater som ser OL p\u00e5 TV og heller g\u00e5r Norgescup p\u00e5 \u00c5sen, det er helt sikkert.<\/p>\n","protected":false},"excerpt":{"rendered":"Saken oppsummert Norske trenere st\u00e5r overfor vanskelige valg om hvilke medaljekandidater som m\u00e5 vrakes til OL. Svenske l\u00f8pere&hellip;\n","protected":false},"author":2,"featured_media":139042,"comment_status":"","ping_status":"","sticky":false,"template":"","format":"standard","meta":{"footnotes":""},"categories":[59],"tags":[30,28,29,83,82],"class_list":{"0":"post-139041","1":"post","2":"type-post","3":"status-publish","4":"format-standard","5":"has-post-thumbnail","7":"category-sport","8":"tag-no","9":"tag-norge","10":"tag-norway","11":"tag-sport","12":"tag-sports"},"share_on_mastodon":{"url":"https:\/\/pubeurope.com\/@no\/115904320772826342","error":""},"_links":{"self":[{"href":"https:\/\/www.europesays.com\/no\/wp-json\/wp\/v2\/posts\/139041","targetHints":{"allow":["GET"]}}],"collection":[{"href":"https:\/\/www.europesays.com\/no\/wp-json\/wp\/v2\/posts"}],"about":[{"href":"https:\/\/www.europesays.com\/no\/wp-json\/wp\/v2\/types\/post"}],"author":[{"embeddable":true,"href":"https:\/\/www.europesays.com\/no\/wp-json\/wp\/v2\/users\/2"}],"replies":[{"embeddable":true,"href":"https:\/\/www.europesays.com\/no\/wp-json\/wp\/v2\/comments?post=139041"}],"version-history":[{"count":0,"href":"https:\/\/www.europesays.com\/no\/wp-json\/wp\/v2\/posts\/139041\/revisions"}],"wp:featuredmedia":[{"embeddable":true,"href":"https:\/\/www.europesays.com\/no\/wp-json\/wp\/v2\/media\/139042"}],"wp:attachment":[{"href":"https:\/\/www.europesays.com\/no\/wp-json\/wp\/v2\/media?parent=139041"}],"wp:term":[{"taxonomy":"category","embeddable":true,"href":"https:\/\/www.europesays.com\/no\/wp-json\/wp\/v2\/categories?post=139041"},{"taxonomy":"post_tag","embeddable":true,"href":"https:\/\/www.europesays.com\/no\/wp-json\/wp\/v2\/tags?post=139041"}],"curies":[{"name":"wp","href":"https:\/\/api.w.org\/{rel}","templated":true}]}}