{"id":139043,"date":"2026-01-16T10:36:04","date_gmt":"2026-01-16T10:36:04","guid":{"rendered":"https:\/\/www.europesays.com\/no\/139043\/"},"modified":"2026-01-16T10:36:04","modified_gmt":"2026-01-16T10:36:04","slug":"nar-krig-ikke-lenger-foles-langt-unna","status":"publish","type":"post","link":"https:\/\/www.europesays.com\/no\/139043\/","title":{"rendered":"N\u00e5r krig ikke lenger f\u00f8les langt unna"},"content":{"rendered":"<p>Samtidig fikk jeg en melding fra 16-\u00e5ringen min: \u00abMamma, hva skjer? Er det krig?\u00bb<\/p>\n<p>Det virker faktisk som at dette er et sp\u00f8rsm\u00e5l flere stiller n\u00e5. Kanskje oftere enn f\u00f8r?  Snakker vi mer om krig i dag, og i s\u00e5 fall hvorfor?<\/p>\n<p>Verdensbildet oppleves stadig mer urolig. V\u00e6pnede konflikter, autorit\u00e6re styringsformer og politisk ustabilitet preger nyhetsbildet. Samtidig ser vi en utvikling der maktbruk, milit\u00e6r styrke og territorielle ambisjoner igjen omtales som realistiske politiske virkemidler, ogs\u00e5 i stater som tidligere har forfektet samarbeid, diplomati og folkerett. N\u00e5r denne typen retorikk normaliseres fra sentrale maktposisjoner, blir den raskt en del av det offentlige rommet. Ofte i form av frykt.<\/p>\n<p>Slik n\u00e5r global uro ogs\u00e5 oss her, i det som ellers oppleves som trygge og fredelige Norge.<\/p>\n<p>Jeg har selv opplevd krig. Min historie, og mange andres, finnes dokumentert p\u00e5 Arkivet. Og Gud forby at vi noen gang skal oppleve noe lignende igjen. Likevel er det umulig for meg \u00e5 ikke kjenne litt frykt p\u00e5 grunn av m\u00f8nstrene som g\u00e5r igjen. For krig begynner sjelden br\u00e5tt. Den vokser fram gjennom politisk polarisering, \u00f8kende usikkerhet, varsler og beredskap, og alarmer som i starten bare er \u00f8velser. Helt til de ikke er det lenger.<\/p>\n<blockquote>\n<p>Dette innlegget handler ikke om krig i seg selv, men om hvordan samfunn preget av \u00f8kende global usikkerhet forholder seg til frykt, s\u00e6rlig barns frykt. <\/p>\n<\/blockquote>\n<p>N\u00e5r alarmer g\u00e5r i dag, og barn sp\u00f8r om krig, er det derfor ikke et uttrykk for overdreven frykt. Det er et tegn p\u00e5 at uroen allerede er sosialt til stede. Barn lever ikke i et vakuum. De fanger opp stemninger, ord og bilder, og fors\u00f8ker \u00e5 forst\u00e5 verden med de verkt\u00f8yene de har tilgjengelig.<\/p>\n<p>Dette innlegget handler ikke om krig i seg selv, men om hvordan samfunn preget av \u00f8kende global usikkerhet forholder seg til frykt, s\u00e6rlig barns frykt. Og om hvilket ansvar voksne har n\u00e5r geopolitisk uro ikke lenger bare er noe som skjer \u00abder ute\u00bb, men noe som gj\u00f8r seg gjeldende i hverdagen, som for eksempel i varsler p\u00e5 telefoner, i sp\u00f8rsm\u00e5l rundt middagsbordet og i kroppslige reaksjoner hos unge mennesker.<\/p>\n<p>Voksne har alltid hatt to valg i urolige tider: \u00e5 tie for \u00e5 beskytte, eller \u00e5 snakke for \u00e5 forankre. Barn trenger ikke alle svar. Men de trenger voksne som tar sp\u00f8rsm\u00e5lene deres p\u00e5 alvor, som setter ord p\u00e5 det som skjer, og som samtidig viser dem hvor tryggheten finnes. Dette vet jeg av egen erfaring.<\/p>\n<blockquote>\n<p>Voksne har alltid hatt to valg i urolige tider: \u00e5 tie for \u00e5 beskytte, eller \u00e5 snakke for \u00e5 forankre.<\/p>\n<\/blockquote>\n<p>Vi kan dessverre ikke love barna v\u00e5re at verden alltid vil v\u00e6re fredelig.<\/p>\n<p>Men vi kan love dem at de ikke skal st\u00e5 alene i uroen. At vi vil lytte, forklare og gi dem historisk forst\u00e5else, ikke for \u00e5 gj\u00f8re dem redde, men for \u00e5 gj\u00f8re dem robuste.<\/p>\n<p>Nettopp derfor er utstillingen p\u00e5 Arkivet freds- og menneskerettighetssenter s\u00e5 viktig. Den er \u00e5pen for alle, men s\u00e6rlig rettet mot barn. Fordi barn trenger rammer for \u00e5 forst\u00e5 det uforst\u00e5elige. Krigsminner handler ikke bare om fortiden, men om hvordan krig setter spor i mennesker, familier og generasjoner.<\/p>\n<p>\u00c5 gi barn spr\u00e5k, sammenheng og historie er ikke \u00e5 ta barndommen fra dem eller \u00e5 skremme dem. Det er faktisk \u00e5 gi dem en trygghet i en urolig verden.<\/p>\n","protected":false},"excerpt":{"rendered":"Samtidig fikk jeg en melding fra 16-\u00e5ringen min: \u00abMamma, hva skjer? Er det krig?\u00bb Det virker faktisk som&hellip;\n","protected":false},"author":2,"featured_media":139044,"comment_status":"","ping_status":"","sticky":false,"template":"","format":"standard","meta":{"footnotes":""},"categories":[12],"tags":[20,21,24,25,15,22,23,13,30,28,29,14,16,26,27,42,43,44,45],"class_list":{"0":"post-139043","1":"post","2":"type-post","3":"status-publish","4":"format-standard","5":"has-post-thumbnail","7":"category-verden","8":"tag-breaking-news","9":"tag-breakingnews","10":"tag-featured-news","11":"tag-featurednews","12":"tag-headlines","13":"tag-latest-news","14":"tag-latestnews","15":"tag-news","16":"tag-no","17":"tag-norge","18":"tag-norway","19":"tag-nyheter","20":"tag-overskrifter","21":"tag-top-stories","22":"tag-topstories","23":"tag-verden","24":"tag-world","25":"tag-world-news","26":"tag-worldnews"},"share_on_mastodon":{"url":"https:\/\/pubeurope.com\/@no\/115904340708118826","error":""},"_links":{"self":[{"href":"https:\/\/www.europesays.com\/no\/wp-json\/wp\/v2\/posts\/139043","targetHints":{"allow":["GET"]}}],"collection":[{"href":"https:\/\/www.europesays.com\/no\/wp-json\/wp\/v2\/posts"}],"about":[{"href":"https:\/\/www.europesays.com\/no\/wp-json\/wp\/v2\/types\/post"}],"author":[{"embeddable":true,"href":"https:\/\/www.europesays.com\/no\/wp-json\/wp\/v2\/users\/2"}],"replies":[{"embeddable":true,"href":"https:\/\/www.europesays.com\/no\/wp-json\/wp\/v2\/comments?post=139043"}],"version-history":[{"count":0,"href":"https:\/\/www.europesays.com\/no\/wp-json\/wp\/v2\/posts\/139043\/revisions"}],"wp:featuredmedia":[{"embeddable":true,"href":"https:\/\/www.europesays.com\/no\/wp-json\/wp\/v2\/media\/139044"}],"wp:attachment":[{"href":"https:\/\/www.europesays.com\/no\/wp-json\/wp\/v2\/media?parent=139043"}],"wp:term":[{"taxonomy":"category","embeddable":true,"href":"https:\/\/www.europesays.com\/no\/wp-json\/wp\/v2\/categories?post=139043"},{"taxonomy":"post_tag","embeddable":true,"href":"https:\/\/www.europesays.com\/no\/wp-json\/wp\/v2\/tags?post=139043"}],"curies":[{"name":"wp","href":"https:\/\/api.w.org\/{rel}","templated":true}]}}