{"id":139051,"date":"2026-01-16T10:43:11","date_gmt":"2026-01-16T10:43:11","guid":{"rendered":"https:\/\/www.europesays.com\/no\/139051\/"},"modified":"2026-01-16T10:43:11","modified_gmt":"2026-01-16T10:43:11","slug":"pamela-anderson-apner-opp-om-forholdet-til-eksmannen-tommy-lee","status":"publish","type":"post","link":"https:\/\/www.europesays.com\/no\/139051\/","title":{"rendered":"Pamela Anderson \u00c5pner Opp om Forholdet til Eksmannen Tommy Lee"},"content":{"rendered":"<p> Skuespiller og tidligere glamourmodell Pamela Anderson (58) gjestet Andy Cohens podkast denne uken.<\/p>\n<p>Her fortalte hun \u00e6rlig om forholdet til eksmannen Tommy Lee (63).<\/p>\n<p>\u2013 Savner ham<\/p>\n<p>\u2013 Jeg har pr\u00f8vd \u00e5 holde kontakten de siste \u00e5rene, men jeg har ikke snakket med ham p\u00e5 lenge. Jeg savner ham, sier Anderson <a href=\"https:\/\/www.youtube.com\/watch?v=4PKkXo69M0I\" target=\"_blank\" rel=\"nofollow noopener\">under intervjuet<\/a>.<\/p>\n<p>        <img class=\"image__img lazyload\" itemprop=\"image\" title=\"Foto: Evan Agostini \/ AP \/ NTB\" alt=\"MED S\u00d8NNENE: Pamela og Tommy Lee har to s\u00f8nner sammen. Brandon Lee (t.v.) og Dylan Lee. Foto: Evan Agostini \/ AP \/ NTB\" width=\"675\" height=\"507\" bad-src=\"https:\/\/www.europesays.com\/no\/wp-content\/uploads\/2026\/01\/18468824.webp.jpeg\" fetchpriority=\"auto\" \/><\/p>\n<p>      MED S\u00d8NNENE: Pamela og Tommy Lee har to s\u00f8nner sammen. Brandon Lee (t.v.) og Dylan Lee.<br \/>\n         Foto: Evan Agostini \/ AP \/ NTB<\/p>\n<p>Den tidligere \u00abBaywatch\u00bb-stjernen mener forholdet mellom dem kunne v\u00e6rt bedre hvis ikke Lee hadde giftet seg med sin n\u00e5v\u00e6rende kone Brittany Furlan.<\/p>\n<p>\u2013 Jeg tror han er en veldig romantisk person. Han er veldig dedikert til kona si, og jeg tror han bare ikke vil skape uro, sier hun.<\/p>\n<p>S\u00f8nnen gifter seg\u00a0<\/p>\n<p>Anderson understreker at hun \u00f8nsker seg et bedre forhold til eksmannen.<\/p>\n<p>\u2013 Vi kommer alltid til \u00e5 v\u00e6re knyttet til hverandre p\u00e5 en m\u00e5te p\u00e5 grunn av barna v\u00e5re, p\u00e5peker hun.<\/p>\n<p>        <img class=\"image__img lazyload\" itemprop=\"image\" title=\"Foto: LUCY NICHOLSON \/ AFP \/ NTB\" alt=\"STJERNEPAR: Anderson og Lee skilte seg Foto: LUCY NICHOLSON \/ AFP \/ NTB\" width=\"978\" height=\"832\" bad-src=\"https:\/\/www.europesays.com\/no\/wp-content\/uploads\/2026\/01\/18468727.webp.jpeg\" fetchpriority=\"auto\" \/><\/p>\n<p>      STJERNEPAR: Anderson og Lee skilte seg<br \/>\n         Foto: LUCY NICHOLSON \/ AFP \/ NTB<\/p>\n<p>Anderson og \u00abM\u00f6tley Cr\u00fce\u00bb-trommeslageren Lee var gift fra 1995 til 1998. Sammen har de s\u00f8nnene Brandon Thomas (29) og Dylan Jagger (28).<\/p>\n<p>\u2013 Min s\u00f8nn Dylan skal gifte seg snart, s\u00e5 jeg ser han i bryllupet, forteller hun.\u00a0<\/p>\n<p>    <a class=\"article__link\" data-ga-active-label=\"\" data-ga-active-label-animation=\"\" href=\"https:\/\/www.tv2.no\/underholdning\/ut-mot-ryktestormen-vaert-gjennom-toffe-tider\/17972273\/\" rel=\"nofollow noopener\" target=\"_blank\"><\/p>\n<p>    <img class=\"image__img lazyload\" itemprop=\"image\" title=\"\" alt=\"\" width=\"978\" height=\"411\" bad-src=\"https:\/\/www.europesays.com\/no\/wp-content\/uploads\/2026\/01\/17972358.webp.jpeg\" fetchpriority=\"auto\" \/><\/p>\n<p>Ut mot ryktestormen: \u2013 V\u00e6rt gjennom t\u00f8ffe tider\n        <\/p>\n<p>    <\/a><\/p>\n<p>Paret var kjent for sitt stormfulle forhold p\u00e5 90-tallet preget av flere voldsepisoder som endte i retten. Den st\u00f8rste skandalen for paret kom etter at intime videoer ble lekket og skapte enorme overskrifter verden over.<\/p>\n<p>Denne artikkelen er skrevet med hjelp av kunstig intelligens (KI). TV 2s journalist har kvalitetssjekket innholdet.\u00a0<\/p>\n","protected":false},"excerpt":{"rendered":"Skuespiller og tidligere glamourmodell Pamela Anderson (58) gjestet Andy Cohens podkast denne uken. Her fortalte hun \u00e6rlig om&hellip;\n","protected":false},"author":2,"featured_media":139052,"comment_status":"","ping_status":"","sticky":false,"template":"","format":"standard","meta":{"footnotes":""},"categories":[12],"tags":[20,21,24,25,15,22,23,13,30,28,29,14,16,26,27,42,43,44,45],"class_list":{"0":"post-139051","1":"post","2":"type-post","3":"status-publish","4":"format-standard","5":"has-post-thumbnail","7":"category-verden","8":"tag-breaking-news","9":"tag-breakingnews","10":"tag-featured-news","11":"tag-featurednews","12":"tag-headlines","13":"tag-latest-news","14":"tag-latestnews","15":"tag-news","16":"tag-no","17":"tag-norge","18":"tag-norway","19":"tag-nyheter","20":"tag-overskrifter","21":"tag-top-stories","22":"tag-topstories","23":"tag-verden","24":"tag-world","25":"tag-world-news","26":"tag-worldnews"},"share_on_mastodon":{"url":"https:\/\/pubeurope.com\/@no\/115904368142007179","error":""},"_links":{"self":[{"href":"https:\/\/www.europesays.com\/no\/wp-json\/wp\/v2\/posts\/139051","targetHints":{"allow":["GET"]}}],"collection":[{"href":"https:\/\/www.europesays.com\/no\/wp-json\/wp\/v2\/posts"}],"about":[{"href":"https:\/\/www.europesays.com\/no\/wp-json\/wp\/v2\/types\/post"}],"author":[{"embeddable":true,"href":"https:\/\/www.europesays.com\/no\/wp-json\/wp\/v2\/users\/2"}],"replies":[{"embeddable":true,"href":"https:\/\/www.europesays.com\/no\/wp-json\/wp\/v2\/comments?post=139051"}],"version-history":[{"count":0,"href":"https:\/\/www.europesays.com\/no\/wp-json\/wp\/v2\/posts\/139051\/revisions"}],"wp:featuredmedia":[{"embeddable":true,"href":"https:\/\/www.europesays.com\/no\/wp-json\/wp\/v2\/media\/139052"}],"wp:attachment":[{"href":"https:\/\/www.europesays.com\/no\/wp-json\/wp\/v2\/media?parent=139051"}],"wp:term":[{"taxonomy":"category","embeddable":true,"href":"https:\/\/www.europesays.com\/no\/wp-json\/wp\/v2\/categories?post=139051"},{"taxonomy":"post_tag","embeddable":true,"href":"https:\/\/www.europesays.com\/no\/wp-json\/wp\/v2\/tags?post=139051"}],"curies":[{"name":"wp","href":"https:\/\/api.w.org\/{rel}","templated":true}]}}