{"id":139053,"date":"2026-01-16T10:44:13","date_gmt":"2026-01-16T10:44:13","guid":{"rendered":"https:\/\/www.europesays.com\/no\/139053\/"},"modified":"2026-01-16T10:44:13","modified_gmt":"2026-01-16T10:44:13","slug":"alle-t-banelinjer-gar-igjen-etter-vekselproblemer-store-forsinkelser","status":"publish","type":"post","link":"https:\/\/www.europesays.com\/no\/139053\/","title":{"rendered":"Alle T-banelinjer g\u00e5r igjen etter vekselproblemer \u2013 store forsinkelser"},"content":{"rendered":"<p class=\"extendedContent hyperion-css-eyn926\" data-test-tag=\"lead-text\">Alle T-banelinjer kj\u00f8rer n\u00e5 som normalt, men reisende m\u00e5 regne med forsinkelser. <\/p>\n<p><img decoding=\"async\" class=\"image-asset hyperion-css-u06ts1\" data-test-tag=\"image-asset\" src=\"https:\/\/www.europesays.com\/no\/wp-content\/uploads\/2026\/01\/4f2d3537-be09-4593-a85a-852e89cea2f6.jpeg\"  alt=\"Det er store problemer p\u00e5 T-banen i Oslo. Her ved T\u00f8yen stasjon.\"  loading=\"eager\" fetchpriority=\"high\" style=\"aspect-ratio:2048 \/ 1536\"\/>Det er store problemer p\u00e5 T-banen i Oslo. Her ved T\u00f8yen stasjon. Foto: Olav Eggesvik<\/p>\n<p>Publisert: 16.01.2026 08:37 |\u00a0Oppdatert: 16.01.2026 09:50<\/p>\n<p class=\"paywall hyperion-css-1j42uic\">Fredag morgen ble det meldt om problemer med teknisk feil p\u00e5 et tog i vestg\u00e5ende l\u00f8p p\u00e5 Brynseng og vekselproblemer ved Helsfyr stasjon.<\/p>\n<p class=\"paywall hyperion-css-1j42uic\">\u2013 Dette medf\u00f8rer at ingen tog kj\u00f8rer mellom Helsfyr og Stortinget. Det jobbes for \u00e5 fikse det s\u00e5 kjapt som mulig, sa \u00d8ystein Dahl Johansen, pressevakt i Ruter like f\u00f8r klokken 08 onsdag morgen.<\/p>\n<p class=\"paywall hyperion-css-1j42uic\">De ber\u00f8rte linjene var 1,2, 3, 4 og 5, if\u00f8lge Ruters egne trafikkmeldinger.<\/p>\n<p class=\"paywall hyperion-css-1j42uic\"><strong>Klokken 09.48 sier Johansen at alle T-banelinjer n\u00e5 kj\u00f8rer som normalt, men at reisende m\u00e5 beregne med forsinkelser. <\/strong><\/p>\n<p class=\"paywall hyperion-css-1j42uic\">Flere reisende sa fredag morgen til Aftenposten at de ble oppfordret til \u00e5 ta alternativ transport.<\/p>\n<p><img decoding=\"async\" class=\"image-asset hyperion-css-u06ts1\" data-test-tag=\"image-asset\" src=\"https:\/\/www.europesays.com\/no\/wp-content\/uploads\/2026\/01\/e0ca6fea-7e5e-4abe-b0d8-b2e1f3028cf8.jpeg\"  alt=\"Ved T-banestasjonen p\u00e5 Hellerud var det folksomt p\u00e5 busstoppet.\"  loading=\"eager\" fetchpriority=\"high\" style=\"aspect-ratio:2048 \/ 1536\"\/>Ved T-banestasjonen p\u00e5 Hellerud var det folksomt p\u00e5 busstoppet. Foto: Kristoffer Nordvik<\/p>\n","protected":false},"excerpt":{"rendered":"Alle T-banelinjer kj\u00f8rer n\u00e5 som normalt, men reisende m\u00e5 regne med forsinkelser. Det er store problemer p\u00e5 T-banen&hellip;\n","protected":false},"author":2,"featured_media":139054,"comment_status":"","ping_status":"","sticky":false,"template":"","format":"standard","meta":{"footnotes":""},"categories":[10],"tags":[20,21,24,25,15,22,23,13,30,28,29,14,16,26,27],"class_list":{"0":"post-139053","1":"post","2":"type-post","3":"status-publish","4":"format-standard","5":"has-post-thumbnail","7":"category-norge","8":"tag-breaking-news","9":"tag-breakingnews","10":"tag-featured-news","11":"tag-featurednews","12":"tag-headlines","13":"tag-latest-news","14":"tag-latestnews","15":"tag-news","16":"tag-no","17":"tag-norge","18":"tag-norway","19":"tag-nyheter","20":"tag-overskrifter","21":"tag-top-stories","22":"tag-topstories"},"share_on_mastodon":{"url":"https:\/\/pubeurope.com\/@no\/115904372088960490","error":""},"_links":{"self":[{"href":"https:\/\/www.europesays.com\/no\/wp-json\/wp\/v2\/posts\/139053","targetHints":{"allow":["GET"]}}],"collection":[{"href":"https:\/\/www.europesays.com\/no\/wp-json\/wp\/v2\/posts"}],"about":[{"href":"https:\/\/www.europesays.com\/no\/wp-json\/wp\/v2\/types\/post"}],"author":[{"embeddable":true,"href":"https:\/\/www.europesays.com\/no\/wp-json\/wp\/v2\/users\/2"}],"replies":[{"embeddable":true,"href":"https:\/\/www.europesays.com\/no\/wp-json\/wp\/v2\/comments?post=139053"}],"version-history":[{"count":0,"href":"https:\/\/www.europesays.com\/no\/wp-json\/wp\/v2\/posts\/139053\/revisions"}],"wp:featuredmedia":[{"embeddable":true,"href":"https:\/\/www.europesays.com\/no\/wp-json\/wp\/v2\/media\/139054"}],"wp:attachment":[{"href":"https:\/\/www.europesays.com\/no\/wp-json\/wp\/v2\/media?parent=139053"}],"wp:term":[{"taxonomy":"category","embeddable":true,"href":"https:\/\/www.europesays.com\/no\/wp-json\/wp\/v2\/categories?post=139053"},{"taxonomy":"post_tag","embeddable":true,"href":"https:\/\/www.europesays.com\/no\/wp-json\/wp\/v2\/tags?post=139053"}],"curies":[{"name":"wp","href":"https:\/\/api.w.org\/{rel}","templated":true}]}}