{"id":139055,"date":"2026-01-16T10:45:09","date_gmt":"2026-01-16T10:45:09","guid":{"rendered":"https:\/\/www.europesays.com\/no\/139055\/"},"modified":"2026-01-16T10:45:09","modified_gmt":"2026-01-16T10:45:09","slug":"rodt-vil-bytte-ut-nobelkomiteen-etter-at-trump-fikk-overrakt-nobel-medaljen","status":"publish","type":"post","link":"https:\/\/www.europesays.com\/no\/139055\/","title":{"rendered":"R\u00f8dt vil bytte ut Nobelkomiteen etter at Trump fikk overrakt Nobel-medaljen"},"content":{"rendered":"\n<p class=\"_lead_o9xde_2 _lead_xtcu6_50 layout-component text-serif-m layout-normal text-serif-l layout-component layout-wide layout-padded _wide_17hqh_1 layout-padded\">Nobels fredspris henger n\u00e5 p\u00e5 Donald Trumps kontor. R\u00f8dt vil ha en reform av prisen og bytte ut de politisk valgte medlemmene av Nobelkomiteen. <\/p>\n<p><img alt=\"Dette bildet av Donald Trump som fikk overrakt Nobel-medaljen fra fredsprisvinneren Maria Corina Machado, ble publisert av Det hvite hus torsdag kveld.  Foto: Daniel Torok\/The White House \/ Reuters \/ NTB\" class=\"_image_qp4xg_65 layout-component layout-wide\" data-fullscreen- data-track-element-type=\"Article image fullscreen\" data-track-name=\"ImageFullscreen\" fetchpriority=\"high\" decoding=\"sync\" loading=\"eager\" height=\"1611\" itemprop=\"image\"  src=\"https:\/\/www.europesays.com\/no\/wp-content\/uploads\/2026\/01\/6bc2bedd-b904-4d62-b195-fbacfe06f2c5.png\"  style=\"object-position:0% 0%\" width=\"2000\"\/>Dette bildet av Donald Trump som fikk overrakt Nobel-medaljen fra fredsprisvinneren Maria Corina Machado, ble publisert av Det hvite hus torsdag kveld.  Foto: Daniel Torok\/The White House \/ Reuters \/ NTB<\/p>\n<ul aria-hidden=\"true\" class=\"_images_ntbth_112\">\n<li><a class=\"_link_ntbth_117\" href=\"https:\/\/www.vg.no\/forfatter\/alf-bjarne-johnsen\" style=\"z-index:1\" title=\"Alf Bjarne Johnsen\" rel=\"nofollow noopener\" target=\"_blank\"><img alt=\"Bilde av Alf Bjarne Johnsen\" class=\"_image_ntbth_93\" fetchpriority=\"low\" loading=\"lazy\" decoding=\"async\" itemprop=\"image\"  src=\"https:\/\/www.europesays.com\/no\/wp-content\/uploads\/2026\/01\/1768560308_954_a8952b63-f4d3-424e-ab5c-93e67076c9b0.jpeg\"  width=\"480\"\/><\/a><\/li>\n<\/ul>\n<p> Oppdatert fredag 16. januar kl. 11:00    <\/p>\n<ul class=\"_list_o9xde_3 _list_64s2r_85 _unordered_o9xde_106 text-sans-m\">\n<li class=\"_item_o9xde_30\">Nobels Fredspris henger n\u00e5 p\u00e5 Donald Trumps kontor, til tross for at han ikke er prisens mottaker.<\/li>\n<li class=\"_item_o9xde_30\">R\u00f8dt vil reformere Nobelkomiteen og bytte ut de politisk valgte med faglig kvalifiserte.<\/li>\n<li class=\"_item_o9xde_30\">R\u00f8dt har tidligere kritisert tildelingen, p\u00e5 grunn av Machados st\u00f8tte til Trumps handlinger i Venezuela.<\/li>\n<li class=\"_item_o9xde_30\">Nobelkomiteen klargj\u00f8r at prisen ikke kan deles videre eller overf\u00f8res.<\/li>\n<\/ul>\n<p>Vis mer <\/p>\n<p class=\"_paragraph_o9xde_4 _paragraph_xtcu6_10 layout-component text-serif-m layout-normal text-serif-m layout-padded\">\u2013 R\u00f8dt mener at medlemmene i Nobelkomiteen skal velges p\u00e5 bakgrunn av faglige kvalifikasjoner, og at kandidatene m\u00e5 vurderes med utgangspunkt i kunnskap om fredsarbeid og nedrusting, slik det ble definert av Alfred Nobel, skriver Bj\u00f8rnar Moxnes (R\u00f8dt) i en kommentar til VG. <\/p>\n<p class=\"_paragraph_o9xde_4 _paragraph_xtcu6_10 layout-component text-serif-m layout-normal text-serif-m layout-padded\">Torsdag kveld ble fredspris-diplomet og medaljen<a href=\"https:\/\/www.vg.no\/nyheter\/i\/Rj9qz2\/machado-moeter-trump-vil-gi-ham-fredsprisen\" data-track-element-type=\"Link\" data-track-id=\"link:Rj9qz2\" class=\"_link_o9xde_39\" rel=\"nofollow noopener\" target=\"_blank\"> overrakt til den amerikanske presidenten<\/a> fra fredsprisvinneren Maria Corina Machado, under deres m\u00f8te i Det hvite hus.<\/p>\n<p class=\"_paragraph_o9xde_4 _paragraph_xtcu6_10 layout-component text-serif-m layout-normal text-serif-m layout-padded\"><strong class=\"_strong_o9xde_25\">\u2013 En nydelig gest, svarte Trump.<\/strong><\/p>\n<p><img alt=\"Bj\u00f8rnar Moxnes (R\u00f8dt) vil endre sammensetningen av Nobelkomiteen.   Foto: G\u00f8ran Bohlin \/ VG\" class=\"_image_qp4xg_65 layout-component layout-normal\" data-fullscreen- data-track-element-type=\"Article image fullscreen\" data-track-name=\"ImageFullscreen\" decoding=\"async\" loading=\"lazy\" height=\"5294\" itemprop=\"image\"  src=\"https:\/\/www.europesays.com\/no\/wp-content\/uploads\/2026\/01\/f5f0adda-d30c-4df7-b980-a83befad4b4a.jpeg\"  style=\"object-position:0% 0%\" width=\"7673\"\/>Bj\u00f8rnar Moxnes (R\u00f8dt) vil endre sammensetningen av Nobelkomiteen.   Foto: G\u00f8ran Bohlin \/ VGForutsigbart <\/p>\n<p class=\"_paragraph_o9xde_4 _paragraph_xtcu6_10 layout-component text-serif-m layout-normal text-serif-m layout-padded\">\u2013 Dette er dessverre en forutsigbar f\u00f8lge av Nobel-komiteens beslutning, skriver Moxnes i en e-post til VG. <\/p>\n<p class=\"_paragraph_o9xde_4 _paragraph_xtcu6_10 layout-component text-serif-m layout-normal text-serif-m layout-padded\">Det er Stortinget som velger medlemmene i Nobelkomiteen. Sammensetningen skal speile st\u00f8rrelsesforholdet mellom partiene etter valg. Deretter gj\u00f8r Nobelkomiteen sine vurderinger, helt uavhengig av Stortinget.<\/p>\n<p class=\"_paragraph_o9xde_4 _paragraph_xtcu6_10 layout-component text-serif-m layout-normal text-serif-m layout-padded\">\u2013 R\u00f8dt kritiserte fredspristildelingen da den kom, p\u00e5 grunn av Machados st\u00f8tte til Trumps krigshissing mot Venezuela og til de milit\u00e6re angrepene p\u00e5 sivile b\u00e5ter i Karibia. Allerede da dedikerte Machado prisen til Trump, fortsetter han.<\/p>\n<p class=\"_paragraph_o9xde_4 _paragraph_xtcu6_10 layout-component text-serif-m layout-normal text-serif-m layout-padded\">Nobelinstituttet har klargjort at prisen ikke kan deles videre, og at den bare er ment for mottageren etter komiteens beslutning.<\/p>\n<p class=\"_paragraph_o9xde_4 _paragraph_xtcu6_10 layout-component text-serif-m layout-normal text-serif-m layout-padded\">\u2013 N\u00e5r en nobelpris f\u00f8rst er kunngjort, kan den ikke trekkes tilbake, deles eller overf\u00f8res til andre. Beslutningen er endelig og gjelder for all tid, har r\u00e5dgiver Eirik Aasheim sagt til VG. <\/p>\n<p class=\"_paragraph_o9xde_4 _paragraph_xtcu6_10 layout-component text-serif-m layout-normal text-serif-m layout-padded\">Den oppfordringen fulgte ikke Maria Corina Machado da hun m\u00f8tte USAs president til en privat lunsj i Washington torsdag. <\/p>\n<p class=\"_paragraph_o9xde_4 _paragraph_xtcu6_10 layout-component text-serif-m layout-normal text-serif-m layout-padded\"><strong class=\"_strong_o9xde_25\">\u2013 Vi trenger en bedre debatt om fredsprisen, som Nobelkomiteen selv har et ansvar for \u00e5 bidra til. Man m\u00e5 kunne advare mot konsekvensene av en fredsprisutdeling uten \u00e5 bli beskyldt for \u00e5 spre desinformasjon og propaganda, skriver R\u00f8dt-representanten, som er medlem i Stortingets utenriks- og forsvarskomit\u00e9. <\/strong><\/p>\n<p>\u2013 J\u00e5lebukk <\/p>\n<p class=\"_paragraph_o9xde_4 _paragraph_xtcu6_10 layout-component text-serif-m layout-normal text-serif-m layout-padded\">\u2013 Den som har f\u00e5tt prisen, har f\u00e5tt prisen, sier Sp-leder Trygve Slagsvold Vedum til <a href=\"https:\/\/www.nrk.no\/urix\/ga-fra-seg-fredsprismedaljen_-_-uhort-1.17729920\" class=\"_link_o9xde_39\" rel=\"nofollow noopener\" target=\"_blank\">NRK<\/a>. <\/p>\n<p class=\"_paragraph_o9xde_4 _paragraph_xtcu6_10 layout-component text-serif-m layout-normal text-serif-m layout-padded\">\u2013 At Trump tar imot medaljen sier noe om han som type: en klassisk j\u00e5lebukk som skal pynte seg med andres utmerkelser og arbeid, sier Vedum videre.<\/p>\n<p class=\"_paragraph_o9xde_4 _paragraph_xtcu6_10 layout-component text-serif-m layout-normal text-serif-m layout-padded\">P\u00e5troppende H\u00f8yre-leder Ine Eriksen S\u00f8reide er ogs\u00e5 krystallklar overfor NRK:<\/p>\n<p class=\"_paragraph_o9xde_4 _paragraph_xtcu6_10 layout-component text-serif-m layout-normal text-serif-m layout-padded\"><strong class=\"_strong_o9xde_25\">\u2013 Selv om Trump n\u00e5 har f\u00e5tt medaljen, betyr det ikke at han har f\u00e5tt fredsprisen, sier hun. <\/strong><\/p>\n<p>Takknemlighet <\/p>\n<p class=\"_paragraph_o9xde_4 _paragraph_xtcu6_10 layout-component text-serif-m layout-normal text-serif-m layout-padded\">P\u00e5 det fysiske bildet som Trump fikk overrakt i en forgylt ramme, st\u00e5r det:<\/p>\n<p class=\"_paragraph_o9xde_4 _paragraph_xtcu6_10 layout-component text-serif-m layout-normal text-serif-m layout-padded\">\u00abTil president Donald J. Trump. I takknemlighet for deres ekstraordin\u00e6re lederskap i \u00e5 fremme fred gjennom styrke, videreutvikle diplomati og forsvare frihet og velstand. Nobels fredsprismedalje 2025<br \/>tildelt Mar\u00eda Corina Machado. Overrakt som et personlig symbol p\u00e5 takknemlighet p\u00e5 vegne av folket i Venezuela til anerkjennelse av president Trumps prinsipielle og besluttsomme handlinger for \u00e5 sikre et fritt Venezuela. USAs mot, og dets president Donald J. Trump, vil aldri bli glemt av det venezuelanske folk.\u00bb<\/p>\n<p class=\"_paragraph_o9xde_4 _paragraph_xtcu6_10 layout-component text-serif-m layout-normal text-serif-m layout-padded\">I midten kan man se fredsprismedaljen, som er st\u00f8pt i 18 karat gull og veier 196 gram.<\/p>\n","protected":false},"excerpt":{"rendered":"Nobels fredspris henger n\u00e5 p\u00e5 Donald Trumps kontor. R\u00f8dt vil ha en reform av prisen og bytte ut&hellip;\n","protected":false},"author":2,"featured_media":139056,"comment_status":"","ping_status":"","sticky":false,"template":"","format":"standard","meta":{"footnotes":""},"categories":[5],"tags":[4339,20,21,55,24,25,15,19,22,23,17,18,8707,13,30,1125,28,29,14,16,333,26,27],"class_list":{"0":"post-139055","1":"post","2":"type-post","3":"status-publish","4":"format-standard","5":"has-post-thumbnail","7":"category-overskrifter","8":"tag-bjornar-moxnes","9":"tag-breaking-news","10":"tag-breakingnews","11":"tag-donald-trump","12":"tag-featured-news","13":"tag-featurednews","14":"tag-headlines","15":"tag-hovedoppslag","16":"tag-latest-news","17":"tag-latestnews","18":"tag-main-news","19":"tag-mainnews","20":"tag-maria-corina-machado","21":"tag-news","22":"tag-no","23":"tag-nobels-fredspris","24":"tag-norge","25":"tag-norway","26":"tag-nyheter","27":"tag-overskrifter","28":"tag-stortinget","29":"tag-top-stories","30":"tag-topstories"},"share_on_mastodon":{"url":"https:\/\/pubeurope.com\/@no\/115904375985117863","error":""},"_links":{"self":[{"href":"https:\/\/www.europesays.com\/no\/wp-json\/wp\/v2\/posts\/139055","targetHints":{"allow":["GET"]}}],"collection":[{"href":"https:\/\/www.europesays.com\/no\/wp-json\/wp\/v2\/posts"}],"about":[{"href":"https:\/\/www.europesays.com\/no\/wp-json\/wp\/v2\/types\/post"}],"author":[{"embeddable":true,"href":"https:\/\/www.europesays.com\/no\/wp-json\/wp\/v2\/users\/2"}],"replies":[{"embeddable":true,"href":"https:\/\/www.europesays.com\/no\/wp-json\/wp\/v2\/comments?post=139055"}],"version-history":[{"count":0,"href":"https:\/\/www.europesays.com\/no\/wp-json\/wp\/v2\/posts\/139055\/revisions"}],"wp:featuredmedia":[{"embeddable":true,"href":"https:\/\/www.europesays.com\/no\/wp-json\/wp\/v2\/media\/139056"}],"wp:attachment":[{"href":"https:\/\/www.europesays.com\/no\/wp-json\/wp\/v2\/media?parent=139055"}],"wp:term":[{"taxonomy":"category","embeddable":true,"href":"https:\/\/www.europesays.com\/no\/wp-json\/wp\/v2\/categories?post=139055"},{"taxonomy":"post_tag","embeddable":true,"href":"https:\/\/www.europesays.com\/no\/wp-json\/wp\/v2\/tags?post=139055"}],"curies":[{"name":"wp","href":"https:\/\/api.w.org\/{rel}","templated":true}]}}