{"id":139061,"date":"2026-01-16T10:54:17","date_gmt":"2026-01-16T10:54:17","guid":{"rendered":"https:\/\/www.europesays.com\/no\/139061\/"},"modified":"2026-01-16T10:54:17","modified_gmt":"2026-01-16T10:54:17","slug":"mdg-sikrer-flertall-for-kjop-av-koreanske-raketter","status":"publish","type":"post","link":"https:\/\/www.europesays.com\/no\/139061\/","title":{"rendered":"MDG sikrer flertall for kj\u00f8p av koreanske raketter"},"content":{"rendered":"<p class=\"lead\">MDG sikrer flertall for regjeringens foresl\u00e5tte innkj\u00f8p av nytt rakettsystem for langtrekkende presisjonsild, der S\u00f8r-Korea ligger an til \u00e5 bli leverand\u00f8r.<\/p>\n<p class=\"txt-ind\">\u2013 Norge st\u00e5r i den mest krevende sikkerhetspolitiske situasjonen siden andre verdenskrig. Da er det uansvarlig \u00e5 forsinke n\u00f8dvendige kapasiteter med omkamper og politisk spill. Avskrekking m\u00e5 skje n\u00e5, sier MDG-leder Arild Hermstad til NTB.<\/p>\n<p class=\"txt-ind\">Norge er i gang med et gigantisk innkj\u00f8p av b\u00e5de ub\u00e5ter og et nytt rakettsystem som skal kunne n\u00e5 m\u00e5l 500 kilometer unna.<\/p>\n<p class=\"txt-ind\">Det helt nye rakettsystemet til 19 milliarder kroner ligger an til \u00e5 bli kj\u00f8pt inn fra S\u00f8r-Korea, men flere partier har bedt regjeringen g\u00e5 en ny runde og heller vurdere \u00e5 kj\u00f8pe gjennom et norsk-europeisk samarbeid.<\/p>\n<p class=\"txt-ind\">\u2013 Arbeiderpartiet og H\u00f8yre \u00f8nsker n\u00e5 \u00e5 g\u00e5 inn for en koreansk l\u00f8sning. Vi mener det er altfor s\u00e5rbart, og at vi burde valgt en europeisk l\u00f8sning, sa Sp-leder og forsvarspolitisk talsperson Trygve Slagsvold Vedum til NTB torsdag.<\/p>\n<p class=\"txt-ind\">Han h\u00e5pet \u00e5 f\u00e5 stortingsflertallet med seg p\u00e5 \u00e5 kreve en ny vurdering, gjennom et forslag fremmet sammen med SV og KrF.<\/p>\n<p class=\"txt-ind\">\u2013 Dette er et helt nytt v\u00e5pensystem Norge skal ha. N\u00e5r vi kj\u00f8per det, er det viktig at vi bygger p\u00e5 det nordeuropeiske samarbeidet. Det er ogs\u00e5 tryggere i en krisesituasjon \u00e5 ha leverand\u00f8rer og systemer som er n\u00e6rt oss, enn at det skal v\u00e6re p\u00e5 andre siden av jordkloden, sa Vedum.<\/p>\n<p>MDG: \u2013 Helt uaktuelt<\/p>\n<p class=\"txt-ind\">Men det blir ikke noen ny runde. MDG opplyser nemlig at de st\u00f8tter opp om regjeringens innkj\u00f8psplaner. Det gj\u00f8r ogs\u00e5 H\u00f8yre, og sammen har de tre partiene flertall i Stortinget.<\/p>\n<p class=\"txt-ind\">\u2013 Det er helt uaktuelt for MDG \u00e5 st\u00f8tte forslaget fra SV, Sp og KrF. Vi er enige i at regjeringen som hovedregel b\u00f8r prioritere europeiske leverand\u00f8rer, men S\u00f8r-Korea er en viktig alliert, og de kan levere raskt, sier Hermstad.<\/p>\n<p class=\"txt-ind\">Han mener at en ny runde for \u00e5 vurdere et europeisk alternativ ville ha forsinket prosessen.<\/p>\n<p class=\"txt-ind\">\u2013 Denne saken er for viktig til det politiske spillet Vedum driver med n\u00e5. Forsvarspolitikk er ikke distriktspolitikk. Stortingets jobb er \u00e5 vedta de \u00f8konomiske rammene for innkj\u00f8p av forsvarsmateriell, mens det er regjeringens ansvar \u00e5 velge leverand\u00f8r, sier MDG-lederen.<\/p>\n<p class=\"txt-ind\">\u2013 N\u00e5r vi f\u00f8rst har bestemt oss for \u00e5 styrke forsvaret raskt, kan vi ikke sitte og detaljstyre leverand\u00f8rvalg i utenrikskomiteen.<\/p>\n<p>Slagkraftig<\/p>\n<p class=\"txt-ind\">H\u00f8yres Peter Fr\u00f8lich har v\u00e6rt saksordf\u00f8rer. Han har sagt at H\u00f8yre ikke har noen formening om hvem som skal levere rakettsystemet.<\/p>\n<p class=\"txt-ind\">\u2013 Det er et ansvar som ligger ene og alene p\u00e5 regjeringen. S\u00e5nn har det alltid v\u00e6rt. Det er regjeringen som skal gjennomf\u00f8re anbudsprosessen og lande p\u00e5 leverand\u00f8r. S\u00e5 er det Stortinget som skal gi finansieringen og fullmakten til \u00e5 kunne inng\u00e5 kontrakt, sa han til NTB torsdag.<\/p>\n<p class=\"txt-ind\">H\u00f8yre-politikeren forteller at systemet blir et av de mest slagkraftige v\u00e5pnene Norge har hatt i historien. Rakettene kan n\u00e5 m\u00e5l 500 kilometer unna, if\u00f8lge proposisjonen fra regjeringen.<\/p>\n<p class=\"txt-ind\">\u2013 Det setter oss i stand til \u00e5 kunne sl\u00e5 tilbake en fiende langt inn p\u00e5 deres eget territorium. Det er en helt n\u00f8dvendig investering for et moderne forsvar i 2026. Er det noe krigen i Ukraina har vist oss, s\u00e5 er det nettopp at du kan sl\u00e5 til p\u00e5 denne m\u00e5ten. Det er helt avgj\u00f8rende om man skal overleve i en moderne krig, sier Fr\u00f8lich.<\/p>\n<p><a class=\"group clear-both w-full !no-underline my-8 sm:my-12 bg-stone-50 dark:bg-brandStone-700 dark:text-brandNeutral-100 flex items-stretch flex-nowrap\" href=\"https:\/\/www.tu.no\/artikler\/danmarks-justisminister-varsler-strengere-droneregler-og-apning-for-a-skyte-ned-droner\/562706\" rel=\"nofollow noopener\" target=\"_blank\"><img decoding=\"async\" class=\" object-cover h-full w-full transition-transform duration-700 ease-in-out group-hover:scale-[1.05] will-change-transform\" src=\"https:\/\/www.europesays.com\/no\/wp-content\/uploads\/2026\/01\/NTB_9Xkrt6dc2VM.jpg\"  alt=\"Forsvarsminister Troels Lund Poulsen og justisminister Peter Hummelgaard p\u00e5 torsdagens pressekonferanse.\" loading=\"lazy\"\/><\/p>\n<p>Les ogs\u00e5:<\/p>\n<p class=\"group-hover:underline text-brandNeutral-900 dark:text-brandNeutral-100 mt-2 text-base sm:text-xl leading-5 sm:leading-6 font-bold\">\u2013 Hybride trusler er dessverre her for \u00e5 bli<\/p>\n<p><\/a><\/p>\n","protected":false},"excerpt":{"rendered":"MDG sikrer flertall for regjeringens foresl\u00e5tte innkj\u00f8p av nytt rakettsystem for langtrekkende presisjonsild, der S\u00f8r-Korea ligger an til&hellip;\n","protected":false},"author":2,"featured_media":139062,"comment_status":"","ping_status":"","sticky":false,"template":"","format":"standard","meta":{"footnotes":""},"categories":[10],"tags":[20,21,24,25,226,15,22,23,13,30,28,29,14,16,26,27],"class_list":{"0":"post-139061","1":"post","2":"type-post","3":"status-publish","4":"format-standard","5":"has-post-thumbnail","7":"category-norge","8":"tag-breaking-news","9":"tag-breakingnews","10":"tag-featured-news","11":"tag-featurednews","12":"tag-forsvar","13":"tag-headlines","14":"tag-latest-news","15":"tag-latestnews","16":"tag-news","17":"tag-no","18":"tag-norge","19":"tag-norway","20":"tag-nyheter","21":"tag-overskrifter","22":"tag-top-stories","23":"tag-topstories"},"share_on_mastodon":{"url":"https:\/\/pubeurope.com\/@no\/115904411358316894","error":""},"_links":{"self":[{"href":"https:\/\/www.europesays.com\/no\/wp-json\/wp\/v2\/posts\/139061","targetHints":{"allow":["GET"]}}],"collection":[{"href":"https:\/\/www.europesays.com\/no\/wp-json\/wp\/v2\/posts"}],"about":[{"href":"https:\/\/www.europesays.com\/no\/wp-json\/wp\/v2\/types\/post"}],"author":[{"embeddable":true,"href":"https:\/\/www.europesays.com\/no\/wp-json\/wp\/v2\/users\/2"}],"replies":[{"embeddable":true,"href":"https:\/\/www.europesays.com\/no\/wp-json\/wp\/v2\/comments?post=139061"}],"version-history":[{"count":0,"href":"https:\/\/www.europesays.com\/no\/wp-json\/wp\/v2\/posts\/139061\/revisions"}],"wp:featuredmedia":[{"embeddable":true,"href":"https:\/\/www.europesays.com\/no\/wp-json\/wp\/v2\/media\/139062"}],"wp:attachment":[{"href":"https:\/\/www.europesays.com\/no\/wp-json\/wp\/v2\/media?parent=139061"}],"wp:term":[{"taxonomy":"category","embeddable":true,"href":"https:\/\/www.europesays.com\/no\/wp-json\/wp\/v2\/categories?post=139061"},{"taxonomy":"post_tag","embeddable":true,"href":"https:\/\/www.europesays.com\/no\/wp-json\/wp\/v2\/tags?post=139061"}],"curies":[{"name":"wp","href":"https:\/\/api.w.org\/{rel}","templated":true}]}}