{"id":139063,"date":"2026-01-16T10:55:08","date_gmt":"2026-01-16T10:55:08","guid":{"rendered":"https:\/\/www.europesays.com\/no\/139063\/"},"modified":"2026-01-16T10:55:08","modified_gmt":"2026-01-16T10:55:08","slug":"strombrudd-loten-massive-strombrudd-i-loten-og-ringsaker","status":"publish","type":"post","link":"https:\/\/www.europesays.com\/no\/139063\/","title":{"rendered":"Str\u00f8mbrudd, L\u00f8ten | Massive str\u00f8mbrudd i L\u00f8ten og Ringsaker"},"content":{"rendered":"\n<p>Det viste Elvias <b>str\u00f8mbruddskart <\/b>i 08.30-tiden.<\/p>\n<p>If\u00f8lge kommunikasjonsr\u00e5dgiver i Elvia, Cecilie Gregersen, oppsto str\u00f8mbruddet klokken 08.19.<\/p>\n<p><b>\u2013 Etter all sannsynlighet er det trolig v\u00e6ret som er \u00e5rsaken. N\u00e5r det har kommet s\u00e5 mye sn\u00f8 som n\u00e5 og det blir mildv\u00e6r, s\u00e5 er det en kjent problemstilling at det kan bli trefall, sier Gregersen til HA.<\/b><\/p>\n<p>Kortvarig i L\u00f8ten<\/p>\n<p><b>Klokken 08.30 var rundt 4.400 uten str\u00f8m i L\u00f8ten og 2.400 i Ringsaker.<\/b><\/p>\n<p>\u2013 Vi har mannskaper som er p\u00e5 saken. V\u00e5r hovedprioritet er \u00e5 gi folk str\u00f8mmen tilbake s\u00e5 fort som mulig. Det er alltid vanskelig \u00e5 gi et sikkert anslag p\u00e5 hvor lang tid det kommer til \u00e5 ta, men erfaringsmessig er den tilbake igjen innen en times tid, sa kommunikasjonsr\u00e5dgiveren kort tid etter at str\u00f8mbruddene var et faktum.<\/p>\n<p><b>Og som sagt, s\u00e5 gjort: En snau halvtime senere var str\u00f8mmen tilbake i L\u00f8ten.<\/b><\/p>\n<p>\u2013 Heldigvis ble det ikke langvarig akkurat der, sier Gregersen, som senest torsdag advarte om at det kommende mildv\u00e6ret kunne skape tr\u00f8bbel for str\u00f8mkundene:<\/p>\n<p>  <a href=\"https:\/\/www.h-a.no\/5-139-1917434\" class=\"related-teaser has-image default-story-teaser article--c-eRUmMG article--c-eRUmMG-jKCPdD-design-default\" rel=\"nofollow noopener\" target=\"_blank\"><\/p>\n<p>    <img decoding=\"async\" loading=\"lazy\"  src=\"https:\/\/www.europesays.com\/no\/wp-content\/uploads\/2026\/01\/5_69_1312717%2BTrevelt%2Billustrasjon.jpg\" alt=\"\" class=\"brick-c-cFOWSL\" style=\"\"\/><\/p>\n<p>\n            Les ogs\u00e5<\/p>\n<p>              V\u00e6romslaget kan gj\u00f8re at str\u00f8mmen forsvinner: \u2013 Vi f\u00f8lger med p\u00e5 situasjonen\n        <\/p>\n<p>  <\/a><br \/>\n  \u2013 Kan komme flere utover dagen<\/p>\n<p><b>I Ringsaker derimot, er det fortsatt str\u00f8ml\u00f8st for rundt 2.400 abonnenter i 09-tiden. Dr\u00f8yt to timer senere er tallet nede i 1.000.<\/b><\/p>\n<p>De ber\u00f8rte omr\u00e5dene er Brumunddal, Moelv, Br\u00f8ttum, Sjusj\u00f8en, N\u00e6roset, Rudsh\u00f8gda og Gaupen.<\/p>\n<p>\u2013 Det jobbes n\u00e5 med \u00e5 f\u00e5 tilbake str\u00f8mmen fortest mulig.<\/p>\n<p>\u2013 Setter dere inn noe ekstra beredskap fredag?<\/p>\n<p><b>\u2013 Per n\u00e5 har vi ikke gjort det, men vi har en driftssentral som overv\u00e5ker str\u00f8mmen hele d\u00f8gnet. Vi kommer til \u00e5 f\u00f8lge situasjonen tett utover dagen.<\/b><\/p>\n<p>\u2013 Har dere blitt gjort oppmerksom p\u00e5 flere trefall som f\u00f8lge av v\u00e6ret i l\u00f8pet av de siste timene?<\/p>\n<p><b>\u2013 Ikke noe konkret, men jeg vil tro at det kan komme flere utover dagen. Vi har mange str\u00f8mlinjer som g\u00e5r gjennom skog, s\u00e5 det er alltid en risiko &#8211; spesielt n\u00e5r sn\u00f8en har blitt s\u00e5pass tung som n\u00e5, sier Cecilie Gregersen.<\/b><\/p>\n<p>  <a data-static=\"\" href=\"#skip-\" class=\"brick-c-fgNmNC\">Hopp over karusellen.<\/a><\/p>\n<p data-static=\"\" class=\"brick-c-fgNmNC\" id=\"carousel-title-\">Innholdskarusell med 22 artikler.<\/p>\n<ul data-static=\"\" aria-label=\"Navigasjon for innholdskarusell\" class=\"carousel-nav\">\n<li>\n<\/li>\n<li>\n<\/li>\n<\/ul>\n","protected":false},"excerpt":{"rendered":"Det viste Elvias str\u00f8mbruddskart i 08.30-tiden. If\u00f8lge kommunikasjonsr\u00e5dgiver i Elvia, Cecilie Gregersen, oppsto str\u00f8mbruddet klokken 08.19. \u2013 Etter&hellip;\n","protected":false},"author":2,"featured_media":139064,"comment_status":"","ping_status":"","sticky":false,"template":"","format":"standard","meta":{"footnotes":""},"categories":[5],"tags":[36,20,21,24,25,15,19,22,23,1272,17,18,13,30,28,29,14,16,1510,2245,26,27],"class_list":{"0":"post-139063","1":"post","2":"type-post","3":"status-publish","4":"format-standard","5":"has-post-thumbnail","7":"category-overskrifter","8":"tag-art","9":"tag-breaking-news","10":"tag-breakingnews","11":"tag-featured-news","12":"tag-featurednews","13":"tag-headlines","14":"tag-hovedoppslag","15":"tag-latest-news","16":"tag-latestnews","17":"tag-loten","18":"tag-main-news","19":"tag-mainnews","20":"tag-news","21":"tag-no","22":"tag-norge","23":"tag-norway","24":"tag-nyheter","25":"tag-overskrifter","26":"tag-story","27":"tag-strombrudd","28":"tag-top-stories","29":"tag-topstories"},"share_on_mastodon":{"url":"https:\/\/pubeurope.com\/@no\/115904415331518550","error":""},"_links":{"self":[{"href":"https:\/\/www.europesays.com\/no\/wp-json\/wp\/v2\/posts\/139063","targetHints":{"allow":["GET"]}}],"collection":[{"href":"https:\/\/www.europesays.com\/no\/wp-json\/wp\/v2\/posts"}],"about":[{"href":"https:\/\/www.europesays.com\/no\/wp-json\/wp\/v2\/types\/post"}],"author":[{"embeddable":true,"href":"https:\/\/www.europesays.com\/no\/wp-json\/wp\/v2\/users\/2"}],"replies":[{"embeddable":true,"href":"https:\/\/www.europesays.com\/no\/wp-json\/wp\/v2\/comments?post=139063"}],"version-history":[{"count":0,"href":"https:\/\/www.europesays.com\/no\/wp-json\/wp\/v2\/posts\/139063\/revisions"}],"wp:featuredmedia":[{"embeddable":true,"href":"https:\/\/www.europesays.com\/no\/wp-json\/wp\/v2\/media\/139064"}],"wp:attachment":[{"href":"https:\/\/www.europesays.com\/no\/wp-json\/wp\/v2\/media?parent=139063"}],"wp:term":[{"taxonomy":"category","embeddable":true,"href":"https:\/\/www.europesays.com\/no\/wp-json\/wp\/v2\/categories?post=139063"},{"taxonomy":"post_tag","embeddable":true,"href":"https:\/\/www.europesays.com\/no\/wp-json\/wp\/v2\/tags?post=139063"}],"curies":[{"name":"wp","href":"https:\/\/api.w.org\/{rel}","templated":true}]}}