{"id":139069,"date":"2026-01-16T11:02:17","date_gmt":"2026-01-16T11:02:17","guid":{"rendered":"https:\/\/www.europesays.com\/no\/139069\/"},"modified":"2026-01-16T11:02:17","modified_gmt":"2026-01-16T11:02:17","slug":"donald-trump-venezuela-donald-trump-takker-machado-for-fredspris-gest","status":"publish","type":"post","link":"https:\/\/www.europesays.com\/no\/139069\/","title":{"rendered":"Donald Trump, Venezuela | Donald Trump takker Machado for fredspris-gest"},"content":{"rendered":"\n<p>\u2013 Hun overrakte meg nobelprisen sin for arbeidet jeg har gjort. Det var en vidunderlig gest i gjensidig respekt, skriver den amerikanske presidenten p\u00e5 <a href=\"https:\/\/truthsocial.com\/@realDonaldTrump\/posts\/115902023696178994\" rel=\"nofollow noopener\" target=\"_blank\">Truth Social<\/a>.<\/p>\n<p>Han sier det var en stor \u00e6re \u00e5 m\u00f8te Machado, som han omtaler som en flott kvinne som har v\u00e6rt gjennom mye.<\/p>\n<p>De to m\u00f8ttes i Det hvite hus torsdag. Den venezuelanske opposisjonslederen, som dediserte fredsprisen til Trump da det ble kjent at hun var fjor\u00e5rets mottaker, ga Trump medaljen som f\u00f8lger med prisen.<\/p>\n<p>Den norske Nobelkomit\u00e9 og Det Norske Nobelinstitutt sier prisen ikke kan tilbakekalles, deles eller overf\u00f8res.<\/p>\n<p>   <img decoding=\"async\" width=\"3683\" height=\"2455\" fetchpriority=\"low\"  loading=\"lazy\"  src=\"https:\/\/www.europesays.com\/no\/wp-content\/uploads\/2026\/01\/cueres_scp-uwghlbmkma_u8WGhlbMkmA.jpg\" alt=\"Venezuelan opposition leader Mar\u00eda Corina Machado waves to supporters on Pennsylvania Avenue as she leaves the White House after meeting with President Donald Trump Thursday, Jan. 15, 2026, in Washington. (AP Photo\/Pablo Martinez Monsivais)\" class=\"brick-c-cFOWSL\" style=\"--brick-image-ratio: 3683 \/ 2455;\"\/><\/p>\n<p>      GAVMILD: Da hun bes\u00f8kte Det hvite hus torsdag, overrakte Mar\u00eda Corina Machado nobelmedaljen sin til president Donald Trump.<br \/>\n      Foto: Pablo Martinez Monsivais (AP) (NTB)\n    <\/p>\n","protected":false},"excerpt":{"rendered":"\u2013 Hun overrakte meg nobelprisen sin for arbeidet jeg har gjort. Det var en vidunderlig gest i gjensidig&hellip;\n","protected":false},"author":2,"featured_media":138955,"comment_status":"","ping_status":"","sticky":false,"template":"","format":"standard","meta":{"footnotes":""},"categories":[10],"tags":[36,20,21,55,24,25,15,22,23,13,30,28,29,14,16,1510,26,27,50,95],"class_list":{"0":"post-139069","1":"post","2":"type-post","3":"status-publish","4":"format-standard","5":"has-post-thumbnail","7":"category-norge","8":"tag-art","9":"tag-breaking-news","10":"tag-breakingnews","11":"tag-donald-trump","12":"tag-featured-news","13":"tag-featurednews","14":"tag-headlines","15":"tag-latest-news","16":"tag-latestnews","17":"tag-news","18":"tag-no","19":"tag-norge","20":"tag-norway","21":"tag-nyheter","22":"tag-overskrifter","23":"tag-story","24":"tag-top-stories","25":"tag-topstories","26":"tag-usa","27":"tag-venezuela"},"share_on_mastodon":{"url":"https:\/\/pubeurope.com\/@no\/115904442838122799","error":""},"_links":{"self":[{"href":"https:\/\/www.europesays.com\/no\/wp-json\/wp\/v2\/posts\/139069","targetHints":{"allow":["GET"]}}],"collection":[{"href":"https:\/\/www.europesays.com\/no\/wp-json\/wp\/v2\/posts"}],"about":[{"href":"https:\/\/www.europesays.com\/no\/wp-json\/wp\/v2\/types\/post"}],"author":[{"embeddable":true,"href":"https:\/\/www.europesays.com\/no\/wp-json\/wp\/v2\/users\/2"}],"replies":[{"embeddable":true,"href":"https:\/\/www.europesays.com\/no\/wp-json\/wp\/v2\/comments?post=139069"}],"version-history":[{"count":0,"href":"https:\/\/www.europesays.com\/no\/wp-json\/wp\/v2\/posts\/139069\/revisions"}],"wp:featuredmedia":[{"embeddable":true,"href":"https:\/\/www.europesays.com\/no\/wp-json\/wp\/v2\/media\/138955"}],"wp:attachment":[{"href":"https:\/\/www.europesays.com\/no\/wp-json\/wp\/v2\/media?parent=139069"}],"wp:term":[{"taxonomy":"category","embeddable":true,"href":"https:\/\/www.europesays.com\/no\/wp-json\/wp\/v2\/categories?post=139069"},{"taxonomy":"post_tag","embeddable":true,"href":"https:\/\/www.europesays.com\/no\/wp-json\/wp\/v2\/tags?post=139069"}],"curies":[{"name":"wp","href":"https:\/\/api.w.org\/{rel}","templated":true}]}}