{"id":139070,"date":"2026-01-16T11:03:30","date_gmt":"2026-01-16T11:03:30","guid":{"rendered":"https:\/\/www.europesays.com\/no\/139070\/"},"modified":"2026-01-16T11:03:30","modified_gmt":"2026-01-16T11:03:30","slug":"nav-nyhetsvarsel-nav-problemer-flere-tusen-har-ikke-fatt-pengene-sine","status":"publish","type":"post","link":"https:\/\/www.europesays.com\/no\/139070\/","title":{"rendered":"Nav, Nyhetsvarsel | Nav-problemer: Flere tusen har ikke f\u00e5tt pengene sine"},"content":{"rendered":"\n<p>If\u00f8lge VG er det i overkant av 6000 personer som skulle ha f\u00e5tt penger,, men utbetalingene fredag har ikke g\u00e5tt gjennom. \u00c5rsaken er en teknisk feil hos Nav.<\/p>\n<p><b>Les ogs\u00e5:<\/b> <a href=\"https:\/\/www.nettavisen.no\/nyheter\/ekspertgruppe-skal-undersoke-om-nav-fungerer-optimalt-ifolge-kjersti-stenseng\/s\/5-95-2821681\" rel=\"Follow nofollow noopener\" target=\"_blank\">Ekspertgruppe skal unders\u00f8ke om Nav fungerer optimalt<\/a><\/p>\n<p>\u2013 Det gjelder i all hovedsak mottakere av sykepenger, dagpenger og AAP. Vi har forst\u00e5else for at dette kan oppleves som krevende for de som venter p\u00e5 pengene sine. Pengene vil bli utbetalt p\u00e5 mandag, sier Line Theil Str\u00f8msnes, avdelingsdirekt\u00f8r i Nav, til <a href=\"https:\/\/www.vg.no\/nyheter\/i\/ExpExo\/nav-feil-i-loesninger-gir-forsinkelse-av-sykepenger\" rel=\"Follow nofollow noopener\" target=\"_blank\">VG<\/a>.<\/p>\n<p>Det ble kr\u00f8ll med utbetaling av Nav-penger ogs\u00e5 i fjor, da pensjonister og uf\u00f8re som er DNB-kunder, fikk utbetalt dobbelt s\u00e5 mye som vanlig. Dette skjedde b\u00e5de i desember og juni. Feilen viste seg imidlertid \u00e5 ligge hos banken, ikke Nav.<\/p>\n","protected":false},"excerpt":{"rendered":"If\u00f8lge VG er det i overkant av 6000 personer som skulle ha f\u00e5tt penger,, men utbetalingene fredag har&hellip;\n","protected":false},"author":2,"featured_media":139007,"comment_status":"","ping_status":"","sticky":false,"template":"","format":"standard","meta":{"footnotes":""},"categories":[5],"tags":[20,21,24,25,15,19,22,23,17,18,13,30,28,29,14,16,26,27],"class_list":{"0":"post-139070","1":"post","2":"type-post","3":"status-publish","4":"format-standard","5":"has-post-thumbnail","7":"category-overskrifter","8":"tag-breaking-news","9":"tag-breakingnews","10":"tag-featured-news","11":"tag-featurednews","12":"tag-headlines","13":"tag-hovedoppslag","14":"tag-latest-news","15":"tag-latestnews","16":"tag-main-news","17":"tag-mainnews","18":"tag-news","19":"tag-no","20":"tag-norge","21":"tag-norway","22":"tag-nyheter","23":"tag-overskrifter","24":"tag-top-stories","25":"tag-topstories"},"share_on_mastodon":{"url":"https:\/\/pubeurope.com\/@no\/115904446792631733","error":""},"_links":{"self":[{"href":"https:\/\/www.europesays.com\/no\/wp-json\/wp\/v2\/posts\/139070","targetHints":{"allow":["GET"]}}],"collection":[{"href":"https:\/\/www.europesays.com\/no\/wp-json\/wp\/v2\/posts"}],"about":[{"href":"https:\/\/www.europesays.com\/no\/wp-json\/wp\/v2\/types\/post"}],"author":[{"embeddable":true,"href":"https:\/\/www.europesays.com\/no\/wp-json\/wp\/v2\/users\/2"}],"replies":[{"embeddable":true,"href":"https:\/\/www.europesays.com\/no\/wp-json\/wp\/v2\/comments?post=139070"}],"version-history":[{"count":0,"href":"https:\/\/www.europesays.com\/no\/wp-json\/wp\/v2\/posts\/139070\/revisions"}],"wp:featuredmedia":[{"embeddable":true,"href":"https:\/\/www.europesays.com\/no\/wp-json\/wp\/v2\/media\/139007"}],"wp:attachment":[{"href":"https:\/\/www.europesays.com\/no\/wp-json\/wp\/v2\/media?parent=139070"}],"wp:term":[{"taxonomy":"category","embeddable":true,"href":"https:\/\/www.europesays.com\/no\/wp-json\/wp\/v2\/categories?post=139070"},{"taxonomy":"post_tag","embeddable":true,"href":"https:\/\/www.europesays.com\/no\/wp-json\/wp\/v2\/tags?post=139070"}],"curies":[{"name":"wp","href":"https:\/\/api.w.org\/{rel}","templated":true}]}}