{"id":139071,"date":"2026-01-16T11:04:12","date_gmt":"2026-01-16T11:04:12","guid":{"rendered":"https:\/\/www.europesays.com\/no\/139071\/"},"modified":"2026-01-16T11:04:12","modified_gmt":"2026-01-16T11:04:12","slug":"har-fatt-beskjed","status":"publish","type":"post","link":"https:\/\/www.europesays.com\/no\/139071\/","title":{"rendered":"Har f\u00e5tt beskjed"},"content":{"rendered":"<p>    Tidligere nominerte han Trump til fredsprisen. At presidenten n\u00e5 f\u00e5r Machados medalje, provoserer Christian Tybring-Gjedde.<\/p>\n<p>\n    HAR SNUDD: Christian Tybring-Gjedde meldte seg ut av Frp og ble uavhengig stortingsrepresentant. Han er i dag ute av Stortinget. Arkivfoto: Nina Hansen \/ Dagbladet\n  <\/p>\n<p>&#8211; Hvis du vinner titusenmeter i friidrett, kan du ikke bare gi fra deg medaljen til treneren din, sier Christian Tybring-Gjedde.<\/p>\n<p>Den tidligere Frp-toppen er oppgitt over nyheten om at <a href=\"https:\/\/www.dagbladet.no\/nyheter\/machado-ga-trump-fredsprismedaljen\/84104889\" rel=\"nofollow noopener\" target=\"_blank\">fredsprisvinner Mar\u00eda Corina Machado har gitt sin fredsmedalje til Donald Trump<\/a>.<\/p>\n<p>        GA BORT FREDSPRISEN: Vinneren av Nobels fredspris, Mar\u00eda Corina Machado, forteller etter m\u00f8tet med USAs president Donald Trump at hun ga ham fredsprismedaljen. Video: Reuters<\/p>\n<p> Den venezuelanske opposisjonslederen har selv bekreftet at dette skjedde i Det hvite hus torsdag &#8211; stikk i strid med Nobelkomiteens reglement. <\/p>\n<p>&#8211; Det er helt meningsl\u00f8st. Det er bare Nobelkomiteen som kan dele ut Nobels fredspris, og den kan ikke gis videre. Jeg tror ikke det virker heller, sier Tybring-Gjedde.<\/p>\n<p>    <a itemprop=\"url\" href=\"https:\/\/www.dagbladet.no\/nyheter\/klar-beskjed-vi-som-skal-bestemme\/84103019\" rel=\"nofollow noopener\" target=\"_blank\"><\/p>\n<p>        <img loading=\"lazy\" decoding=\"async\" src=\"https:\/\/www.europesays.com\/no\/wp-content\/uploads\/2026\/01\/84103407.webp.webp\" width=\"980\" height=\"441\" title=\"Klar beskjed: - Vi som skal bestemme\" alt=\"\" class=\"lazyload\" style=\"--aspect-ratio-image: 2.22; \"\/><\/p>\n<p>        Klar beskjed: &#8211; Vi som skal bestemme<\/p>\n<p>    <\/a><\/p>\n<p>Har snudd om Trump-pris  <\/p>\n<p>Trump har i lang tid \u00f8nsket seg fredsprisen. Machado og Trump ble avfotografert i Det ovale kontor med et diplom der det st\u00e5r at medaljen overrekkes \u00absom et personlig symbol p\u00e5 takknemlighet p\u00e5 vegne av det venezuelanske folk\u00bb. <\/p>\n<p class=\"font-weight-normal m-font-weight-normal\" data-lab-font_weight=\"font-weight-normal\"> Tybring-Gjedde skapte overskrifter da han som stortingsrepresentant for Frp nominerte Trump til prisen i to runder.\u00a0<\/p>\n<p class=\"font-weight-normal m-font-weight-normal\" data-lab-font_weight=\"font-weight-normal\">Han pekte p\u00e5 Trumps fredsarbeid mellom Israel og De forente arabiske emirater og med Abraham-avtalene i Midt\u00f8sten i 2020, og fredsarbeid opp mot Nord-Korea i 2018.\u00a0<\/p>\n<p>    <a itemprop=\"url\" href=\"https:\/\/www.dagbladet.no\/nyheter\/har-snudd-om-trump-stor-forskjell\/82702438\" rel=\"nofollow noopener\" target=\"_blank\"><\/p>\n<p>        <img loading=\"lazy\" decoding=\"async\" src=\"https:\/\/www.europesays.com\/no\/wp-content\/uploads\/2026\/01\/82702494.webp.webp\" width=\"980\" height=\"441\" title=\"Har snudd om Trump: - Stor forskjell\" alt=\"\" class=\"lazyload\" style=\"--aspect-ratio-image: 2.22; \"\/><\/p>\n<p>        Har snudd om Trump: &#8211; Stor forskjell<\/p>\n<p>    <\/a><\/p>\n<p>N\u00e5 vil han ikke ta det like langt.<\/p>\n<p>&#8211; Det blir feil p\u00e5 dette tidspunktet \u00e5 tenke i de baner. Han er ikke riktig n\u00e5, og vi skal v\u00e6re varsomme gitt verdenssituasjonen.<\/p>\n<p>&#8211; Underlig<\/p>\n<p> Tybring-Gjedde ble i 2024 uavhengig representant, og i dag er han ikke lenger p\u00e5 Stortinget. <\/p>\n<p>Han mener overrekkelsen til Trump svekker verdien av Machados fredspris.<\/p>\n<p>&#8211; Machado var en riktig vinner. Hun har kjempet en frihetskamp det st\u00e5r respekt av. Han tar ikke imot prisen, men medaljen.\u00a0Det er en underlig gest.<\/p>\n<p>    <a itemprop=\"url\" href=\"https:\/\/www.dagbladet.no\/nyheter\/svalbard-er-en-tikkende-bombe\/84104719\" rel=\"nofollow noopener\" target=\"_blank\"><\/p>\n<p>        <img loading=\"lazy\" decoding=\"async\" src=\"https:\/\/www.europesays.com\/no\/wp-content\/uploads\/2026\/01\/84105130.webp.webp\" width=\"980\" height=\"441\" title=\"- Svalbard er en tikkende bombe\" alt=\"\" class=\"lazyload\" style=\"--aspect-ratio-image: 2.22; \"\/><\/p>\n<p>        &#8211; Svalbard er en tikkende bombe<\/p>\n<p>    <\/a><\/p>\n<p>\u00abMar\u00eda overrakte meg Nobels fredspris for arbeidet jeg har gjort. En s\u00e5 vidunderlig gest av gjensidig respekt. Takk, Mar\u00eda!\u00bb\u00a0skriver Trump p\u00e5 det sosiale mediet Truth Social.<\/p>\n<p>&#8211; Kan ikke deles<\/p>\n<p> Da Nobelinstituttet kunngjorde tildelingen i oktober, uttalte Machado at hun dediserte prisen til det venezuelanske folket &#8211; og til Trump.\u00a0<\/p>\n<p>Hun har i flere p\u00e5f\u00f8lgende intervjuer sagt at hun \u00f8nsker \u00e5 gi prisen videre til den amerikanske presidenten. <\/p>\n<p> F\u00f8r m\u00f8tet torsdag kveld, 9. januar, sendte den norske Nobelkomiteen ut en\u00a0<a href=\"https:\/\/www.nobelpeaceprize.org\/presse\/pressemeldinger\/a-nobel-prize-cannot-be-revoked-shared-or-transferred-1\" target=\"_blank\" rel=\"nofollow noopener\">pressemelding\u00a0<\/a>p\u00e5 b\u00e5de norsk og engelsk der de klargjorde regelverket for prisen. <\/p>\n<p>    <a itemprop=\"url\" href=\"https:\/\/www.dagbladet.no\/nyheter\/vil-vaere-slutten\/84105386\" rel=\"nofollow noopener\" target=\"_blank\"><\/p>\n<p>        <img loading=\"lazy\" decoding=\"async\" src=\"https:\/\/www.europesays.com\/no\/wp-content\/uploads\/2026\/01\/84105391.webp.webp\" width=\"980\" height=\"441\" title=\"- Vil v\u00e6re slutten\" alt=\"\" class=\"lazyload\" style=\"--aspect-ratio-image: 2.22; \"\/><\/p>\n<p>        &#8211; Vil v\u00e6re slutten<\/p>\n<p>    <\/a><\/p>\n<p> &#8211; En nobelpris kan verken tilbakekalles, deles eller overdras til andre. I det kunngj\u00f8ringen er gjort, s\u00e5 st\u00e5r beslutningen til evig tid, skrev komiteen. <\/p>\n","protected":false},"excerpt":{"rendered":"Tidligere nominerte han Trump til fredsprisen. At presidenten n\u00e5 f\u00e5r Machados medalje, provoserer Christian Tybring-Gjedde. HAR SNUDD: Christian&hellip;\n","protected":false},"author":2,"featured_media":139072,"comment_status":"","ping_status":"","sticky":false,"template":"","format":"standard","meta":{"footnotes":""},"categories":[59],"tags":[105,13991,30,28,29,83,82],"class_list":{"0":"post-139071","1":"post","2":"type-post","3":"status-publish","4":"format-standard","5":"has-post-thumbnail","7":"category-sport","8":"tag-handball","9":"tag-handball-em","10":"tag-no","11":"tag-norge","12":"tag-norway","13":"tag-sport","14":"tag-sports"},"share_on_mastodon":{"url":"https:\/\/pubeurope.com\/@no\/115904450572266313","error":""},"_links":{"self":[{"href":"https:\/\/www.europesays.com\/no\/wp-json\/wp\/v2\/posts\/139071","targetHints":{"allow":["GET"]}}],"collection":[{"href":"https:\/\/www.europesays.com\/no\/wp-json\/wp\/v2\/posts"}],"about":[{"href":"https:\/\/www.europesays.com\/no\/wp-json\/wp\/v2\/types\/post"}],"author":[{"embeddable":true,"href":"https:\/\/www.europesays.com\/no\/wp-json\/wp\/v2\/users\/2"}],"replies":[{"embeddable":true,"href":"https:\/\/www.europesays.com\/no\/wp-json\/wp\/v2\/comments?post=139071"}],"version-history":[{"count":0,"href":"https:\/\/www.europesays.com\/no\/wp-json\/wp\/v2\/posts\/139071\/revisions"}],"wp:featuredmedia":[{"embeddable":true,"href":"https:\/\/www.europesays.com\/no\/wp-json\/wp\/v2\/media\/139072"}],"wp:attachment":[{"href":"https:\/\/www.europesays.com\/no\/wp-json\/wp\/v2\/media?parent=139071"}],"wp:term":[{"taxonomy":"category","embeddable":true,"href":"https:\/\/www.europesays.com\/no\/wp-json\/wp\/v2\/categories?post=139071"},{"taxonomy":"post_tag","embeddable":true,"href":"https:\/\/www.europesays.com\/no\/wp-json\/wp\/v2\/tags?post=139071"}],"curies":[{"name":"wp","href":"https:\/\/api.w.org\/{rel}","templated":true}]}}