{"id":139073,"date":"2026-01-16T11:11:19","date_gmt":"2026-01-16T11:11:19","guid":{"rendered":"https:\/\/www.europesays.com\/no\/139073\/"},"modified":"2026-01-16T11:11:19","modified_gmt":"2026-01-16T11:11:19","slug":"det-tapte-hentes-inn-pa-wall-street-nasdaq-stiger-naer-en-prosent-dagens-naeringsliv-2","status":"publish","type":"post","link":"https:\/\/www.europesays.com\/no\/139073\/","title":{"rendered":"Det tapte hentes inn p\u00e5 Wall Street \u2013 Nasdaq stiger n\u00e6r en prosent &#8211; Dagens N\u00e6ringsliv"},"content":{"rendered":"<ol>\n<li><a href=\"https:\/\/news.google.com\/rss\/articles\/CBMixgFBVV95cUxPTlFFc1hqNkVrRXhJRXItTThJdFYzczY3TXF3UDd0cktXMEZtcklZUHhLNlJMN2pxb0tSWFUwRFNYaVdvWldHOVlrWklXTmRQVXZlVjNFMnJSMU9ua09mSEZiMDZHcTEtSkE4bFV2ZkRZcG9JckpOT1IzSGNwU0VBTkk5SWF2eEZKLUE1N19TblpwLTl0UjF2clN1VEd6S0k5NHZrQy1Ndlg5Z3pzeDBVTHVnRm5LWDFlMWdsQXVTcEI3TDRuc3c?oc=5\" target=\"_blank\" rel=\"nofollow noopener\">Det tapte hentes inn p\u00e5 Wall Street \u2013 Nasdaq stiger n\u00e6r en prosent<\/a>&nbsp;&nbsp;Dagens N\u00e6ringsliv<\/li>\n<li><a href=\"https:\/\/news.google.com\/rss\/articles\/CBMihwFBVV95cUxOenJEaW9nTWFnUk9odzZFSG12QkEyOEJPYmp5MEllMGJiWURHY2lGa0p1WWZuV0o4aVRuYlVWajRnRGVHam1BT1c3ZDI4VU53Zk02dmpzRFl2OVkxUTFNMFVfOEhHVEdqMnFJMklrMmM4R2VGLTVTLXc0WFFDV2VaXzB3SHNEUjQ?oc=5\" target=\"_blank\" rel=\"nofollow noopener\">Oppgang p\u00e5 Wall Street<\/a>&nbsp;&nbsp;E24<\/li>\n<li><a href=\"https:\/\/news.google.com\/rss\/articles\/CBMinAFBVV95cUxPc2pTd3hpY1BoRDJpN1dLZWtCVUt0SjRlUTJGUXdHbGpmNnZOVGJqbDBfanlIVHFHeFQtX2RweW5RLVlUR0toZmZrX2NYcGhudzBHYll2NjNxTGQ1NjF4SzY5a1ZFd0t1NElWTXlYSzdVTHlWWmJkdlRuNlZ4M2VVb0xONlBTZGlWZGR5MDJjbnQ4SEtQaHU3NjJLVWE?oc=5\" target=\"_blank\" rel=\"nofollow noopener\">Sissener-favoritt til v\u00e6rs p\u00e5 Wall Street<\/a>&nbsp;&nbsp;Finansavisen<\/li>\n<li><a href=\"https:\/\/news.google.com\/rss\/articles\/CBMikwFBVV95cUxNTUhOZTdIR29veFhSZmdlQ0JzRVZpd0NpaVdxZ3N6ZWptTEplOGVYZFV4alI1QlNBN1BKYktQNXdmTWtnbzYtOUdvZldKRzdTMXhQM1EwMGZIdTQyWnNUTy1VSXE0LTMwOTVTWnBCWllJbXI3cW5JbWRDTW5Dajd3QUkyV3dQdWQ3Y3lFS0RZalhOSkU?oc=5\" target=\"_blank\" rel=\"nofollow noopener\">Storbanker slo forventningene \u2013 straffes i f\u00f8rhandelen<\/a>&nbsp;&nbsp;Dagens N\u00e6ringsliv<\/li>\n<li><a href=\"https:\/\/news.google.com\/rss\/articles\/CBMiZkFVX3lxTE1nTm9nbWZJdFpYMzctRGloWGk2c1JrVV9YZE5mOXoyVFpVMGkzVFN0Q211a3ZSV0tKVFdleThycE1YNk9ZMmF1NU16M3VjMkFoSmN5N09ORS1NYzM3enhNYWVZdC1IQQ?oc=5\" target=\"_blank\" rel=\"nofollow noopener\">Goldman Sachs sl\u00e5r fjor\u00e5rets rekord<\/a>&nbsp;&nbsp;finanswatch.no<\/li>\n<\/ol>\n","protected":false},"excerpt":{"rendered":"Det tapte hentes inn p\u00e5 Wall Street \u2013 Nasdaq stiger n\u00e6r en prosent&nbsp;&nbsp;Dagens N\u00e6ringsliv Oppgang p\u00e5 Wall Street&nbsp;&nbsp;E24&hellip;\n","protected":false},"author":2,"featured_media":139074,"comment_status":"","ping_status":"","sticky":false,"template":"","format":"standard","meta":{"footnotes":""},"categories":[56],"tags":[60,61,62,30,28,29],"class_list":{"0":"post-139073","1":"post","2":"type-post","3":"status-publish","4":"format-standard","5":"has-post-thumbnail","7":"category-naeringsliv","8":"tag-business","9":"tag-economy","10":"tag-naeringsliv","11":"tag-no","12":"tag-norge","13":"tag-norway"},"share_on_mastodon":{"url":"https:\/\/pubeurope.com\/@no\/115904478114705003","error":""},"_links":{"self":[{"href":"https:\/\/www.europesays.com\/no\/wp-json\/wp\/v2\/posts\/139073","targetHints":{"allow":["GET"]}}],"collection":[{"href":"https:\/\/www.europesays.com\/no\/wp-json\/wp\/v2\/posts"}],"about":[{"href":"https:\/\/www.europesays.com\/no\/wp-json\/wp\/v2\/types\/post"}],"author":[{"embeddable":true,"href":"https:\/\/www.europesays.com\/no\/wp-json\/wp\/v2\/users\/2"}],"replies":[{"embeddable":true,"href":"https:\/\/www.europesays.com\/no\/wp-json\/wp\/v2\/comments?post=139073"}],"version-history":[{"count":0,"href":"https:\/\/www.europesays.com\/no\/wp-json\/wp\/v2\/posts\/139073\/revisions"}],"wp:featuredmedia":[{"embeddable":true,"href":"https:\/\/www.europesays.com\/no\/wp-json\/wp\/v2\/media\/139074"}],"wp:attachment":[{"href":"https:\/\/www.europesays.com\/no\/wp-json\/wp\/v2\/media?parent=139073"}],"wp:term":[{"taxonomy":"category","embeddable":true,"href":"https:\/\/www.europesays.com\/no\/wp-json\/wp\/v2\/categories?post=139073"},{"taxonomy":"post_tag","embeddable":true,"href":"https:\/\/www.europesays.com\/no\/wp-json\/wp\/v2\/tags?post=139073"}],"curies":[{"name":"wp","href":"https:\/\/api.w.org\/{rel}","templated":true}]}}