{"id":139079,"date":"2026-01-16T11:18:29","date_gmt":"2026-01-16T11:18:29","guid":{"rendered":"https:\/\/www.europesays.com\/no\/139079\/"},"modified":"2026-01-16T11:18:29","modified_gmt":"2026-01-16T11:18:29","slug":"stromprisen-til-himmels-tvinger-tech-giganter-til-a-betale","status":"publish","type":"post","link":"https:\/\/www.europesays.com\/no\/139079\/","title":{"rendered":"Str\u00f8mprisen til himmels: Tvinger tech-giganter til \u00e5 betale"},"content":{"rendered":"<p>President Donald Trump og guvern\u00f8rene i flere nord\u00f8stlige delstater i USA er blitt enige om \u00e5 presse fram et n\u00f8dtiltak som skal f\u00e5 teknologigiganter til \u00e5 finansiere byggingen av nye kraftverk, melder <a href=\"https:\/\/www.bloomberg.com\/news\/articles\/2026-01-15\/trump-to-direct-key-us-grid-operator-to-hold-emergency-auction\" target=\"_blank\" rel=\"nofollow noopener\">Bloomberg<\/a>.<\/p>\n<p><b>Senere fredag vil Trump-administrasjonen legge frem en prinsipputtale sammen med guvern\u00f8rene i Pennsylvania, Ohio og Virginia. Planen inneb\u00e6rer en hasteauksjon i regi av PJM Interconnection \u2013 operat\u00f8ren av USAs st\u00f8rste kraftnett \u2013 der teknologigiganter som Microsoft, Google og Amazon m\u00e5 by p\u00e5 15-\u00e5rige kontrakter for \u00e5 finansiere ny kraftproduksjon.<\/b><\/p>\n<p>Inngrepet er et svar p\u00e5 en akutt situasjon i Mid-Atlantic-regionen, der str\u00f8mprisene har steget kraftig som f\u00f8lge av en eksplosiv vekst i datasentre. Ved \u00e5 tvinge selskapene til \u00e5 inng\u00e5 langsiktige kontrakter \u2013 der de m\u00e5 betale for kapasiteten uansett om de bruker str\u00f8mmen eller ikke \u2013 sikres finansiering av nye kraftverk for anslagsvis 15 milliarder dollar, tilsvarende\u00a0151,5 milliarder kroner.<\/p>\n<p class=\"subhead\" data-element-type=\"subhead\" data-element-label=\"Mellomtittel\"><b>Rekordh\u00f8ye str\u00f8mpriser<\/b>\u00a0<\/p>\n<p>\u00abJeg vil aldri at amerikanere skal betale h\u00f8yere str\u00f8mregninger p\u00e5 grunn av datasentre,\u00bb skrev Trump p\u00e5 sosiale medier tidligere denne uken, og understreket at selskapene m\u00e5 \u00abbetale for seg selv\u00bb.<\/p>\n<p>Den gjennomsnittlige str\u00f8mprisen for sluttbrukere i USA \u00f8kte med 7,4 prosent i september til rekordh\u00f8ye 18,07 cent pr. kilowattime. Prisene for husholdninger har steget enda mer, med en \u00f8kning p\u00e5 10,5 prosent mellom januar og august 2025. Dette er en av de st\u00f8rste \u00f8kningene p\u00e5 over ti \u00e5r, if\u00f8lge National Energy Assistance Directors Association.<\/p>\n<p>PJM Interconnection, som betjener 67 millioner mennesker, forventer at str\u00f8mettersp\u00f8rselen vil stige med 17 prosent frem mot 2030.\u00a0<\/p>\n","protected":false},"excerpt":{"rendered":"President Donald Trump og guvern\u00f8rene i flere nord\u00f8stlige delstater i USA er blitt enige om \u00e5 presse fram&hellip;\n","protected":false},"author":2,"featured_media":139080,"comment_status":"","ping_status":"","sticky":false,"template":"","format":"standard","meta":{"footnotes":""},"categories":[56],"tags":[60,61,62,30,28,29],"class_list":{"0":"post-139079","1":"post","2":"type-post","3":"status-publish","4":"format-standard","5":"has-post-thumbnail","7":"category-naeringsliv","8":"tag-business","9":"tag-economy","10":"tag-naeringsliv","11":"tag-no","12":"tag-norge","13":"tag-norway"},"share_on_mastodon":{"url":"https:\/\/pubeurope.com\/@no\/115904505601010251","error":""},"_links":{"self":[{"href":"https:\/\/www.europesays.com\/no\/wp-json\/wp\/v2\/posts\/139079","targetHints":{"allow":["GET"]}}],"collection":[{"href":"https:\/\/www.europesays.com\/no\/wp-json\/wp\/v2\/posts"}],"about":[{"href":"https:\/\/www.europesays.com\/no\/wp-json\/wp\/v2\/types\/post"}],"author":[{"embeddable":true,"href":"https:\/\/www.europesays.com\/no\/wp-json\/wp\/v2\/users\/2"}],"replies":[{"embeddable":true,"href":"https:\/\/www.europesays.com\/no\/wp-json\/wp\/v2\/comments?post=139079"}],"version-history":[{"count":0,"href":"https:\/\/www.europesays.com\/no\/wp-json\/wp\/v2\/posts\/139079\/revisions"}],"wp:featuredmedia":[{"embeddable":true,"href":"https:\/\/www.europesays.com\/no\/wp-json\/wp\/v2\/media\/139080"}],"wp:attachment":[{"href":"https:\/\/www.europesays.com\/no\/wp-json\/wp\/v2\/media?parent=139079"}],"wp:term":[{"taxonomy":"category","embeddable":true,"href":"https:\/\/www.europesays.com\/no\/wp-json\/wp\/v2\/categories?post=139079"},{"taxonomy":"post_tag","embeddable":true,"href":"https:\/\/www.europesays.com\/no\/wp-json\/wp\/v2\/tags?post=139079"}],"curies":[{"name":"wp","href":"https:\/\/api.w.org\/{rel}","templated":true}]}}