{"id":139086,"date":"2026-01-16T11:33:14","date_gmt":"2026-01-16T11:33:14","guid":{"rendered":"https:\/\/www.europesays.com\/no\/139086\/"},"modified":"2026-01-16T11:33:14","modified_gmt":"2026-01-16T11:33:14","slug":"elizabeth-smart-forteller-om-kidnappingen-i-ny-netflix-dokumentar","status":"publish","type":"post","link":"https:\/\/www.europesays.com\/no\/139086\/","title":{"rendered":"Elizabeth Smart forteller om kidnappingen i ny Netflix-dokumentar"},"content":{"rendered":"<p class=\"kicker \" style=\"\">Elizabeth Smart:<\/p>\n<p>    Hun ble kidnappet i ni m\u00e5neder som 14-\u00e5ring. N\u00e5 forteller hun \u00e5pent om marerittet i ny TV-dokumentar.<\/p>\n<p>\n    OVERLEVENDE: Etter den forferdelige opplevelsen i 2002 har Elizabeth Smart blitt en sterk forkjemper for barns sikkerhet og for overlevende etter seksuelle overgrep. Foto: Rick Bowmer\/NTB\n  <\/p>\n<p>Den n\u00e5 38 \u00e5r gamle trebarnsmoren Elizabeth Smart ble i juni 2002 kidnappet midt p\u00e5 natten fra familiens hjem i Salt Lake City. Hun var bare 14 \u00e5r p\u00e5 den tiden.<\/p>\n<p>    <a itemprop=\"url\" href=\"https:\/\/www.seher.no\/kjendis\/elizabeth-14-ble-voldtatt-og-torturert\/75647172\" rel=\"nofollow noopener\" target=\"_blank\"><\/p>\n<p>        <img loading=\"lazy\" decoding=\"async\" src=\"https:\/\/www.europesays.com\/no\/wp-content\/uploads\/2026\/01\/75646515.webp.webp\" width=\"980\" height=\"441\" title=\"Elizabeth (14) ble voldtatt og torturert\" alt=\"\" class=\"lazyload\" style=\"--aspect-ratio-image: 2.22; \"\/><\/p>\n<p>        Elizabeth (14) ble voldtatt og torturert<\/p>\n<p>    <\/a><\/p>\n<p>I ni m\u00e5neder ble hun holdt fanget av ekteparet Brian David Mitchell (72) og Wanda Barzee (80).<\/p>\n<p>        KREFTSYK: Bare fire m\u00e5neder etter hun giftet seg d\u00f8de Rikke (32) av brystkreft. Video: \u00abTabu\u00bb\/ NRK TV\/ R\u00f8d L\u00f8per<\/p>\n<p>N\u00e5, 24 \u00e5r etterp\u00e5, forteller hun \u00e5pent om den brutale kidnappingen og de seksuelle overgrepene i en ny Netflix-dokumentar, som har premiere onsdag 21. januar.<\/p>\n<p>Flau etter redningen\t<\/p>\n<p> Mens Smart var i fangenskap skal hun ha blitt voldtatt opptil fire ganger daglig av Mitchell. I tillegg ble hun tvunget til \u00e5 drikke alkohol, og Mitchell gikk med henne som en hund med et b\u00e5nd rundt halsen. <\/p>\n<p>        <img loading=\"lazy\" decoding=\"async\" src=\"https:\/\/www.europesays.com\/no\/wp-content\/uploads\/2026\/01\/84105126.webp.webp\" width=\"686\" height=\"947\" title=\"KIDNAPPER: Brian David Mitchell og kona klarte \u00e5 holde Elizabeth Smart fanget i ni m\u00e5neder. Foto: Douglas C. Pizac\/NTB\" alt=\"\" class=\"\" style=\"--aspect-ratio-image: 0.72; \"\/><\/p>\n<p>\n        KIDNAPPER: Brian David Mitchell og kona klarte \u00e5 holde Elizabeth Smart fanget i ni m\u00e5neder. Foto: Douglas C. Pizac\/NTB\n    <\/p>\n<p>Hun forteller at selv om hun visste at det ikke var hennes feil, f\u00f8lte hun seg d\u00f8mt og isolert.<\/p>\n<p>&#8211; Etter at jeg ble reddet, var jeg veldig flau over det som hadde skjedd med meg, sier Smart i et eksklusivt intervju med <a href=\"https:\/\/people.com\/elizabeth-smart-opens-up-like-never-before-netflix-doc-exclusive-11884515\" rel=\"nofollow noopener\" target=\"_blank\">People<\/a>.<\/p>\n<p>    <a itemprop=\"url\" href=\"https:\/\/www.seher.no\/kjendis\/torturert-og-voldtatt-i-ni-maneder\/74805967\" rel=\"nofollow noopener\" target=\"_blank\"><\/p>\n<p>        <img loading=\"lazy\" decoding=\"async\" src=\"https:\/\/www.europesays.com\/no\/wp-content\/uploads\/2026\/01\/74806222.webp.webp\" width=\"980\" height=\"441\" title=\"Torturert og voldtatt i ni m\u00e5neder\" alt=\"\" class=\"lazyload\" style=\"--aspect-ratio-image: 2.22; \"\/><\/p>\n<p>        Torturert og voldtatt i ni m\u00e5neder<\/p>\n<p>    <\/a><\/p>\n<p>I den nye dokumentaren \u00abKidnapped: Elizabeth Smart\u00bb deler hun historien sin i detalj sammen med familiemedlemmer. Hensikten er \u00e5 betrygge andre overlevende i lignende situasjoner om at de ikke er alene. <\/p>\n<p>Gjenkjent p\u00e5 gata\t<\/p>\n<p> 38-\u00e5ringen beskriver forferdelige scener. Blant annet hvordan Mitchell skal ha truet med \u00e5 drepe henne hvis hun skrek, og hvordan hun ba ham stoppe mens han forgrep seg p\u00e5 henne den f\u00f8rste gangen. <\/p>\n<p>        ANGSTANFALL: Det ble en dramatisk start p\u00e5 \u00abFarmen kjendis\u00bb-oppholdet for komiker Jonas Lihaug Fredriksen. Reporter: Nora Skavhaug. Video: Sanne Holt\/ TV 2\/ R\u00f8d L\u00f8per<\/p>\n<p>&#8211; Jeg kunne se blod renne nedover l\u00e5rene mine. S\u00e5 besvimte jeg, forteller hun.<\/p>\n<p> Familien hennes er mormonere og religionen deres forbyr sex f\u00f8r ekteskap. Med dette i bakhodet satt hun igjen med en f\u00f8lelse av \u00e5 v\u00e6re verdil\u00f8s og \u00f8delagt etter bortf\u00f8relsen. <\/p>\n<p>    <a itemprop=\"url\" href=\"https:\/\/www.seher.no\/kjendis\/ble-kidnappet-og-misbrukt-som-14-aring---na-smiler-lykken\/70475509\" rel=\"nofollow noopener\" target=\"_blank\"><\/p>\n<p>        <img loading=\"lazy\" decoding=\"async\" src=\"https:\/\/www.europesays.com\/no\/wp-content\/uploads\/2026\/01\/70475937.webp.webp\" width=\"980\" height=\"441\" title=\"Ble kidnappet og misbrukt som 14-\u00e5ring - n\u00e5 smiler lykken\" alt=\"\" class=\"lazyload\" style=\"--aspect-ratio-image: 2.22; \"\/><\/p>\n<p>        Ble kidnappet og misbrukt som 14-\u00e5ring &#8211; n\u00e5 smiler lykken<\/p>\n<p>    <\/a><\/p>\n<p>12. mars 2003 ble Smart gjenkjent p\u00e5 en gate i Sandy, Utah, av en bekymret borger som hadde sett henne p\u00e5 TV-programmet \u00abAmerica&#8217;s Most Wanted\u00bb.<\/p>\n<p>&#8211; Det var en av de lykkeligste dagene. Jeg visste at familien min var grunnen til at jeg ville overleve, sier hun.<\/p>\n<p>        <img loading=\"lazy\" decoding=\"async\" src=\"https:\/\/www.europesays.com\/no\/wp-content\/uploads\/2026\/01\/84105164.webp.webp\" width=\"686\" height=\"453\" title=\"FAMILIE: Smart har i senere tid giftet seg og f\u00e5tt flere barn. Foto: @elizabeth_smart_official\/Instagram\" alt=\"\" class=\"\" style=\"--aspect-ratio-image: 1.51; \"\/><\/p>\n<p>\n        FAMILIE: Smart har i senere tid giftet seg og f\u00e5tt flere barn. Foto: @elizabeth_smart_official\/Instagram\n    <\/p>\n<p>I dag er Elizabeth Smart gift med ektemannen Matthew Gilmour (35) og sammen har de barna Chloe (10), James (8) og Olivia (7). Hun driver ogs\u00e5 selskapet <a href=\"https:\/\/www.elizabethsmartfoundation.org\/\" rel=\"nofollow noopener\" target=\"_blank\">Elizabeth Smart Foundation<\/a>, som jobber for overlevende av seksuelle angrep.<\/p>\n","protected":false},"excerpt":{"rendered":"Elizabeth Smart: Hun ble kidnappet i ni m\u00e5neder som 14-\u00e5ring. N\u00e5 forteller hun \u00e5pent om marerittet i ny&hellip;\n","protected":false},"author":2,"featured_media":139087,"comment_status":"","ping_status":"","sticky":false,"template":"","format":"standard","meta":{"footnotes":""},"categories":[58],"tags":[15831,15832,71,15830,479,30,28,29,72],"class_list":{"0":"post-139086","1":"post","2":"type-post","3":"status-publish","4":"format-standard","5":"has-post-thumbnail","7":"category-underholdning","8":"tag-brian-david-mitchell","9":"tag-elizabeth-smart","10":"tag-entertainment","11":"tag-kidnappet","12":"tag-kjendis","13":"tag-no","14":"tag-norge","15":"tag-norway","16":"tag-underholdning"},"share_on_mastodon":{"url":"https:\/\/pubeurope.com\/@no\/115904564609203549","error":""},"_links":{"self":[{"href":"https:\/\/www.europesays.com\/no\/wp-json\/wp\/v2\/posts\/139086","targetHints":{"allow":["GET"]}}],"collection":[{"href":"https:\/\/www.europesays.com\/no\/wp-json\/wp\/v2\/posts"}],"about":[{"href":"https:\/\/www.europesays.com\/no\/wp-json\/wp\/v2\/types\/post"}],"author":[{"embeddable":true,"href":"https:\/\/www.europesays.com\/no\/wp-json\/wp\/v2\/users\/2"}],"replies":[{"embeddable":true,"href":"https:\/\/www.europesays.com\/no\/wp-json\/wp\/v2\/comments?post=139086"}],"version-history":[{"count":0,"href":"https:\/\/www.europesays.com\/no\/wp-json\/wp\/v2\/posts\/139086\/revisions"}],"wp:featuredmedia":[{"embeddable":true,"href":"https:\/\/www.europesays.com\/no\/wp-json\/wp\/v2\/media\/139087"}],"wp:attachment":[{"href":"https:\/\/www.europesays.com\/no\/wp-json\/wp\/v2\/media?parent=139086"}],"wp:term":[{"taxonomy":"category","embeddable":true,"href":"https:\/\/www.europesays.com\/no\/wp-json\/wp\/v2\/categories?post=139086"},{"taxonomy":"post_tag","embeddable":true,"href":"https:\/\/www.europesays.com\/no\/wp-json\/wp\/v2\/tags?post=139086"}],"curies":[{"name":"wp","href":"https:\/\/api.w.org\/{rel}","templated":true}]}}