{"id":139088,"date":"2026-01-16T11:36:09","date_gmt":"2026-01-16T11:36:09","guid":{"rendered":"https:\/\/www.europesays.com\/no\/139088\/"},"modified":"2026-01-16T11:36:09","modified_gmt":"2026-01-16T11:36:09","slug":"pentagon-tar-grep-overfor-uavhengig-militaeravis-skal-bli-mindre-woke","status":"publish","type":"post","link":"https:\/\/www.europesays.com\/no\/139088\/","title":{"rendered":"Pentagon tar grep overfor uavhengig milit\u00e6ravis \u2013 skal bli mindre woke"},"content":{"rendered":"<p>    Det amerikanske forsvarsdepartementet varsler omlegginger hos den tidligere redaksjonelt uavhengige milit\u00e6ravisen Stars and Stripes. <\/p>\n<p>\n        Pentagon-talsmann Sean Parnell varsler store endringer i milit\u00e6ravisen Stars and Stripes.<br \/>\n        Mark Schiefelbein \/ AP \/ NTB\n    <\/p>\n<p>Avisen ble f\u00f8rste gang utgitt for 150 \u00e5r siden og er med Kongressens velsignelse ment \u00e5 v\u00e6re fri og uavhengig av politisk innflytelse, selv om den finansieres av Pentagon.<\/p>\n<p>Det vil Trump-administrasjonen gj\u00f8re noe med, if\u00f8lge Pentagon-talsperson Sean Parnell.<\/p>\n<p>I et innlegg p\u00e5 X skriver han at avisen skal tilpasses til \u00e5 \u00abtjene en ny generasjon av tjenestefolk\u00bb, blant annet gjennom \u00e5 slutte \u00e5 publisere nyheter fra nyhetsbyr\u00e5et AP.<\/p>\n<p>\u2013 Vi skal refokusere innholdet vekk fra woke-distraksjoner, skriver han. <\/p>\n<p>\u2013 Stars and Stripes skal skreddersys v\u00e5re krigere. Den skal fokusere p\u00e5 krig, v\u00e5pensystemer, fitness, d\u00f8delighet, overlevelse og ALLE TING MILIT\u00c6RT, skriver Parnell.<\/p>\n<p>Kunngj\u00f8ringen kommer f\u00e5 dager etter at Washington Post kunne melde at s\u00f8kere til avisa hadde blitt spurt om hvordan de ville st\u00f8tte president Donald Trumps prioriteringer, noe som vekket bekymringer rundt avisens uavhengighet.<\/p>\n<p>                <img decoding=\"async\" src=\"https:\/\/www.europesays.com\/no\/wp-content\/uploads\/2026\/01\/1379908.webp.jpeg\" width=\"480\" height=\"274\" title=\"Soldater i Vietnam fra 1969 leser Stars and Stripes-avisen, som n\u00e5 st\u00e5r overfor store endringer.\" alt=\"\" loading=\"lazy\" style=\"\"\/><\/p>\n<p>\n            Soldater i Vietnam fra 1969 leser Stars and Stripes-avisen, som n\u00e5 st\u00e5r overfor store endringer.<br \/>\n            Mark Godfrey \/ AP \/ NTB\n        <\/p>\n<p>Stars and Stripes ble f\u00f8rst laget av union-soldater under borgerkrigen i 1861. Den dekker milit\u00e6rsamfunnet og har b\u00e5de nyheter og underholdning.<\/p>\n<p>If\u00f8lge avisens ledelse var de ikke klar over at Trump-administrasjonen spurte s\u00f8kere om hvordan de ville st\u00f8tte hans politikk, sier Jacqueline Smith, ombudskvinnen som vokter over avisas uavhengighet, til Washington Post.<\/p>\n<p>Parnell sier Pentagon har planer om \u00e5 ta en st\u00f8rre rolle i avisas daglige virke.<\/p>\n<p>\u2013 Stars and Stripes har en stolt arv med \u00e5 skrive nyheter som er viktige for v\u00e5re tjenestefolk, sier han.<\/p>\n<p>\u2013 Krigsdepartementet \u00f8nsker \u00e5 sikre at avisen fortsetter \u00e5 reflektere denne stolte arven, sier han.<\/p>\n","protected":false},"excerpt":{"rendered":"Det amerikanske forsvarsdepartementet varsler omlegginger hos den tidligere redaksjonelt uavhengige milit\u00e6ravisen Stars and Stripes. Pentagon-talsmann Sean Parnell varsler&hellip;\n","protected":false},"author":2,"featured_media":139089,"comment_status":"","ping_status":"","sticky":false,"template":"","format":"standard","meta":{"footnotes":""},"categories":[12],"tags":[20,21,24,25,15,22,23,13,30,28,29,14,16,26,27,42,43,44,45],"class_list":{"0":"post-139088","1":"post","2":"type-post","3":"status-publish","4":"format-standard","5":"has-post-thumbnail","7":"category-verden","8":"tag-breaking-news","9":"tag-breakingnews","10":"tag-featured-news","11":"tag-featurednews","12":"tag-headlines","13":"tag-latest-news","14":"tag-latestnews","15":"tag-news","16":"tag-no","17":"tag-norge","18":"tag-norway","19":"tag-nyheter","20":"tag-overskrifter","21":"tag-top-stories","22":"tag-topstories","23":"tag-verden","24":"tag-world","25":"tag-world-news","26":"tag-worldnews"},"share_on_mastodon":{"url":"https:\/\/pubeurope.com\/@no\/115904576756924153","error":""},"_links":{"self":[{"href":"https:\/\/www.europesays.com\/no\/wp-json\/wp\/v2\/posts\/139088","targetHints":{"allow":["GET"]}}],"collection":[{"href":"https:\/\/www.europesays.com\/no\/wp-json\/wp\/v2\/posts"}],"about":[{"href":"https:\/\/www.europesays.com\/no\/wp-json\/wp\/v2\/types\/post"}],"author":[{"embeddable":true,"href":"https:\/\/www.europesays.com\/no\/wp-json\/wp\/v2\/users\/2"}],"replies":[{"embeddable":true,"href":"https:\/\/www.europesays.com\/no\/wp-json\/wp\/v2\/comments?post=139088"}],"version-history":[{"count":0,"href":"https:\/\/www.europesays.com\/no\/wp-json\/wp\/v2\/posts\/139088\/revisions"}],"wp:featuredmedia":[{"embeddable":true,"href":"https:\/\/www.europesays.com\/no\/wp-json\/wp\/v2\/media\/139089"}],"wp:attachment":[{"href":"https:\/\/www.europesays.com\/no\/wp-json\/wp\/v2\/media?parent=139088"}],"wp:term":[{"taxonomy":"category","embeddable":true,"href":"https:\/\/www.europesays.com\/no\/wp-json\/wp\/v2\/categories?post=139088"},{"taxonomy":"post_tag","embeddable":true,"href":"https:\/\/www.europesays.com\/no\/wp-json\/wp\/v2\/tags?post=139088"}],"curies":[{"name":"wp","href":"https:\/\/api.w.org\/{rel}","templated":true}]}}