{"id":139090,"date":"2026-01-16T11:37:14","date_gmt":"2026-01-16T11:37:14","guid":{"rendered":"https:\/\/www.europesays.com\/no\/139090\/"},"modified":"2026-01-16T11:37:14","modified_gmt":"2026-01-16T11:37:14","slug":"arfan-bhatti-er-domt-til-30-ars-forvaring","status":"publish","type":"post","link":"https:\/\/www.europesays.com\/no\/139090\/","title":{"rendered":"Arfan Bhatti er d\u00f8mt til 30 \u00e5rs forvaring"},"content":{"rendered":"<p>Den enstemmige dommen ble avsagt i Oslo tingrett fredag.<\/p>\n<p>Forvaringsstraffen har en minstetid p\u00e5 20 \u00e5r.<\/p>\n<p>Arfan Bhatti ankom retten if\u00f8rt en svart boblejakke klokken 11.55 fredag. Under har han p\u00e5 seg en m\u00f8rkebl\u00e5 genser med en lysebl\u00e5 skjorte under.<\/p>\n<p>Mens dommen leses opp, ser Bhatti rett p\u00e5 tingrettsdommer Kim Heger og lytter, med hodet lent mot sin h\u00f8yre h\u00e5nd.<\/p>\n<p>    <a class=\"article__link\" data-ga-active-label=\"\" data-ga-active-label-animation=\"\" href=\"https:\/\/www.tv2.no\/video\/asset\/20259505\" rel=\"nofollow noopener\" target=\"_blank\"><\/p>\n<p>            Direkte\n        <\/p>\n<p>    <img class=\"image__img lazyload\" itemprop=\"image\" title=\"Foto: Heiko Junge\" alt=\"Oslo  20120120.Arfan Bhatti tilstede n\u00e5r muslimer demonstrerte utenfor Stortinget fredag, mot Norges deltakelse i krigen i Afghanistan, Gruppen som st\u00e5r bak demonstrasjonen, mener alle nordmenn er skyldige i &quot;massakre av uskyldige&quot; i Afghanistan.Foto: Heiko Junge \/ NTB\" width=\"978\" height=\"551\" bad-src=\"https:\/\/www.europesays.com\/no\/wp-content\/uploads\/2026\/01\/15744565.webp.jpeg\" fetchpriority=\"auto\" \/><\/p>\n<p>\n            H\u00f8r rettens opplesing av dommen direkte\n        <\/p>\n<p>    <\/a><\/p>\n<p>Bhatti har hele tiden nektet straffskyld. Han mener ikke at skytingen i Oslo natt til 25. juni 2022 var et terrorangrep, og han mener ikke at han bidro til skytingen p\u00e5 noe vis.<\/p>\n<p>Lang rettssak<\/p>\n<p> To personer ble drept og over 20 skadet da 43 \u00e5r gamle Zaniar Matapour l\u00f8snet skudd mot London pub og utestedet Per p\u00e5 hj\u00f8rnet.<\/p>\n<p>Matapour ble tilbake i 2024 <a href=\"https:\/\/www.tv2.no\/nyheter\/innenriks\/matapour-domt-til-30-ars-forvaring-for-oslo-terroren\/16818961\/\" target=\"_blank\" rel=\"nofollow noopener\">d\u00f8mt til 30 \u00e5rs forvaring<\/a> med en minstetid p\u00e5 20 \u00e5r for angrepet. Han anket f\u00f8rst dommen, men <a href=\"https:\/\/www.tv2.no\/nyheter\/innenriks\/zaniar-matapour-trekker-anken\/17412387\/\" target=\"_blank\" rel=\"nofollow noopener\">trakk senere anken<\/a>.<\/p>\n<p>I en ti ukers periode som strakte seg fra september til november i fjor, var det Arfan Bhatti som m\u00e5tte m\u00f8te i Oslo tingrett, tiltalt for grov terror.\u00a0<\/p>\n<p>P\u00e5talemyndigheten mente Bhatti var hjernen bak angrepet. De ba om en like lang straff for ham, noe retten enstemmig har kommet til at er riktig.<\/p>\n<p>    <a href=\"https:\/\/play.tv2.no\/serier\/tv-2-nyheter-bak-overskriftene-9z1qfgcz\/sesong-1\/episode-30?play=true&amp;utm_source=tv2.no&amp;utm_medium=promo&amp;utm_campaign=TV+2+Nyheter%3A+Bak+overskriftene&amp;utm_content=www.tv2.no\/nyheter\/arfan-bhatti-er-domt-til-30-ars-forvaring\/18466203\/\" target=\"_blank\" rel=\"nofollow noopener\"><\/p>\n<p>    <img class=\"image__img lazyload\" itemprop=\"image\" title=\"\" alt=\"\" width=\"587\" height=\"335\" bad-src=\"https:\/\/www.europesays.com\/no\/wp-content\/uploads\/2026\/01\/18469491.webp.jpeg\" fetchpriority=\"auto\" \/><\/p>\n<p>    <\/a><\/p>\n<p>B\u00e5de Bhatti og Matapour har i retten forklart <a href=\"https:\/\/www.tv2.no\/nyheter\/innenriks\/forklarer-seg-for-forste-gang-om-drapene-du-kan-kalle-det-hevn\/18088343\/\" target=\"_blank\" rel=\"nofollow noopener\">at skytingen ikke var rettet mot det skeive milj\u00f8et<\/a>. Dette forklarte Matapour f\u00f8rst som vitne i Bhatti sin sak, mens han i sin egen sak nektet \u00e5 forklare seg.<\/p>\n<p>Retten er enig med p\u00e5talemyndigheten i at Matapour plutselig bestemte seg for \u00e5 avgi forklaring fordi Bhatti har stor innflytelse over ham.<\/p>\n<p>Kan bli ankesak til h\u00f8sten<\/p>\n<p data-lab-font_weight=\"\">En av Bhattis forsvarere, Bernt Heiberg, understrekte til TV 2 i forkant av domsavsigelsen at Bhatti nekter for \u00e5 ha hatt noe \u00e5 gj\u00f8re med angrepet f\u00f8r det skjedde.<\/p>\n<p data-lab-font_weight=\"\">\u2013 Det er helt klart at en uskyldig person ikke kan akseptere en dom p\u00e5 30 \u00e5rs forvaring. Blir det resultatet, er det klart at den m\u00e5 angripes videre, sa han f\u00f8r domsavsigelsen. <\/p>\n<p>        <img class=\"image__img lazyload\" itemprop=\"image\" title=\"Foto: Stian Lysberg Solum \/ NTB\" alt=\"LIKE F\u00d8R: Advokat John Christian Elden og advokat Bernt Heiberg ga begge en klem til sin klient Arfan Bhatti f\u00f8r dommen ble lest opp. Foto: Stian Lysberg Solum \/ NTB\" width=\"675\" height=\"453\" bad-src=\"https:\/\/www.europesays.com\/no\/wp-content\/uploads\/2026\/01\/18469612.webp.jpeg\" fetchpriority=\"auto\" \/><\/p>\n<p>      LIKE F\u00d8R: Advokat John Christian Elden og advokat Bernt Heiberg ga begge en klem til sin klient Arfan Bhatti f\u00f8r dommen ble lest opp.<br \/>\n         Foto: Stian Lysberg Solum \/ NTB<\/p>\n<p>Det er satt av ni uker til en eventuell ankesak fra 1. september til 30. oktober i Borgarting lagmannsrett.\u00a0<\/p>\n<p>Samtale med E-tjenesten<\/p>\n<p>Etter at Matapour ble p\u00e5grepet under terroraksjonen, tok det ikke lang tid f\u00f8r Bhatti var i politiets s\u00f8kelys.\u00a0<\/p>\n<p>Da terrorangrepet fant sted, befant Bhatti seg i Pakistan. F\u00e5 m\u00e5neder senere ble han siktet i saken. I mai 2024 ble han utlevert til Norge.\u00a0<\/p>\n<p>        Dette er Arfan Bhatti<\/p>\n<p>* Arfan Qadeer Bhatti er en 48 \u00e5r gammel norsk statsborger med pakistansk bakgrunn.<\/p>\n<p>* Tidligere medlem av den kriminelle gjengen Young Guns i Oslo.<\/p>\n<p>* Domfelt for \u00e5 ha knivstukket en butikkeier og for \u00e5 ha skutt en person under et torpedooppdrag. Er ogs\u00e5 straffed\u00f8mt for trusler og utpressing.<\/p>\n<p>* Etter \u00e5 ha sluppet ut av fengsel i 2002, sto han fram som islamist.<\/p>\n<p>* I 2008 ble Bhatti d\u00f8mt for medvirkning til skadeverk p\u00e5 synagogen i Oslo, men frikjent for tiltalepunktet om planlegging av terror mot USAs og Israels ambassade.<\/p>\n<p>* Reiste til Pakistan i slutten av 2012 og ble meldt savnet av familien i januar 2013. H\u00f8sten etter ble han p\u00e5grepet og fengslet i Pakistan, men satt fri igjen i august i 2014.<\/p>\n<p>* Returnerte frivillig til Norge i januar 2015. P\u00e5grepet ved ankomst og siktet for vold mot ekskona og de to eldste barna p\u00e5 seks og \u00e5tte \u00e5r. Politiet fikk ikke medhold i varetektsfengsling.<\/p>\n<p>* 25. mars 2015 ble Bhatti d\u00f8mt i Oslo tingrett til ti m\u00e5neders fengsel, hvorav fire betinget, for \u00e5 ha sl\u00e5tt barna i forbindelse med koranlesing i 2012.<\/p>\n<p>* 8. januar 2016 ble han i Oslo tingrett d\u00f8mt til 14 dagers fengsel for \u00e5 ha kastet eller dyttet sin kone mot en sengekant slik at hun fikk store smerter i ribbeina. Bhatti anket, men anken ble senere avvist av H\u00f8yesterett.<\/p>\n<p>* P\u00e5grepet og varetektsfengslet i mai 2017, siktet for brudd p\u00e5 v\u00e5penlovgivningen. L\u00f8slatt i september samme \u00e5r.<\/p>\n<p>* Mente seg forfulgt av politiet og Politiets sikkerhetstjeneste (PST) og saks\u00f8kte i 2018 staten med krav om oppreisning og erstatning for tapt arbeidsfortjeneste. Bhatti fikk ikke medhold i kravet om tapt arbeidsfortjeneste, men ble tilkjent 47.600 kroner i oppreisningserstatning og 70.245 kroner i sakskostnader.<\/p>\n<p>* Ble 23. september 2022 etterlyst internasjonalt av norsk politi i forbindelse med etterforskningen av masseskytingen i Oslo natt til 25. juni, siktet for medvirkning til terrorhandling. Ble i mai 2024 utlevert fra Pakistan til Norge og tiltalt i april 2025.<\/p>\n<p>* Tirsdag 2. september 2025 startet rettssaken hvor han er tiltalt for medvirkning til terrorhandlingen i 2022, og for i perioden juni til september 2022 \u00e5 ha fors\u00f8kt \u00e5 inng\u00e5 terrorforbund med det som viste seg \u00e5 v\u00e6re en hemmelig agent fra Etterretningstjenesten.<\/p>\n<p class=\"italic m-italic\" data-lab-italic=\"italic\">Kilde: NTB<\/p>\n<p>Et av de mest sentrale bevisene mot Bhatti var meldinger sendt mellom en bruker ved navn Shaheen47 og en agent fra den norske E-tjenesten. I retten innr\u00f8mmet Bhatti at det var han som var Shaheen, og at han trodde han pratet med en h\u00f8ytst\u00e5ende person i IS.<\/p>\n<p>Under rettssaken var det oppnevnt to psykiatrisk sakkyndige. De konkluderte med at Bhatti har alvorlig dyssosial personlighetsforstyrrelse.<\/p>\n<p>Av habilitetshensyn rapporterer nyhetssjef Fredrik\u00a0Kirkevold\u00a0direkte til sjefredakt\u00f8r Olav T. Sandnes i saker som omhandler Arfan\u00a0Bhatti.<\/p>\n","protected":false},"excerpt":{"rendered":"Den enstemmige dommen ble avsagt i Oslo tingrett fredag. Forvaringsstraffen har en minstetid p\u00e5 20 \u00e5r. Arfan Bhatti&hellip;\n","protected":false},"author":2,"featured_media":139091,"comment_status":"","ping_status":"","sticky":false,"template":"","format":"standard","meta":{"footnotes":""},"categories":[10],"tags":[20,21,24,25,15,22,23,13,30,28,29,14,16,26,27],"class_list":{"0":"post-139090","1":"post","2":"type-post","3":"status-publish","4":"format-standard","5":"has-post-thumbnail","7":"category-norge","8":"tag-breaking-news","9":"tag-breakingnews","10":"tag-featured-news","11":"tag-featurednews","12":"tag-headlines","13":"tag-latest-news","14":"tag-latestnews","15":"tag-news","16":"tag-no","17":"tag-norge","18":"tag-norway","19":"tag-nyheter","20":"tag-overskrifter","21":"tag-top-stories","22":"tag-topstories"},"share_on_mastodon":{"url":"https:\/\/pubeurope.com\/@no\/115904580762159142","error":""},"_links":{"self":[{"href":"https:\/\/www.europesays.com\/no\/wp-json\/wp\/v2\/posts\/139090","targetHints":{"allow":["GET"]}}],"collection":[{"href":"https:\/\/www.europesays.com\/no\/wp-json\/wp\/v2\/posts"}],"about":[{"href":"https:\/\/www.europesays.com\/no\/wp-json\/wp\/v2\/types\/post"}],"author":[{"embeddable":true,"href":"https:\/\/www.europesays.com\/no\/wp-json\/wp\/v2\/users\/2"}],"replies":[{"embeddable":true,"href":"https:\/\/www.europesays.com\/no\/wp-json\/wp\/v2\/comments?post=139090"}],"version-history":[{"count":0,"href":"https:\/\/www.europesays.com\/no\/wp-json\/wp\/v2\/posts\/139090\/revisions"}],"wp:featuredmedia":[{"embeddable":true,"href":"https:\/\/www.europesays.com\/no\/wp-json\/wp\/v2\/media\/139091"}],"wp:attachment":[{"href":"https:\/\/www.europesays.com\/no\/wp-json\/wp\/v2\/media?parent=139090"}],"wp:term":[{"taxonomy":"category","embeddable":true,"href":"https:\/\/www.europesays.com\/no\/wp-json\/wp\/v2\/categories?post=139090"},{"taxonomy":"post_tag","embeddable":true,"href":"https:\/\/www.europesays.com\/no\/wp-json\/wp\/v2\/tags?post=139090"}],"curies":[{"name":"wp","href":"https:\/\/api.w.org\/{rel}","templated":true}]}}