{"id":139093,"date":"2026-01-16T11:39:10","date_gmt":"2026-01-16T11:39:10","guid":{"rendered":"https:\/\/www.europesays.com\/no\/139093\/"},"modified":"2026-01-16T11:39:10","modified_gmt":"2026-01-16T11:39:10","slug":"tv-2-erfarer-riise-klar-for-godset","status":"publish","type":"post","link":"https:\/\/www.europesays.com\/no\/139093\/","title":{"rendered":"TV 2 erfarer: Riise klar for Godset"},"content":{"rendered":"<p>Torsdag avsl\u00f8rte <a href=\"https:\/\/www.dt.no\/dt-erfarer-riise-til-godset\/s\/5-57-2773370\" rel=\"nofollow noopener\" target=\"_blank\">Drammens Tidende<\/a> at Riise var p\u00e5 vei til Godset.<\/p>\n<p>TV 2 f\u00e5r fredag opplyst at han i l\u00f8pet av dagen blir presentert som siste tilskudd i Str\u00f8msgodsets trenerteam.<\/p>\n<p>Dermed g\u00e5r han inn i et trenerteam som for \u00f8yeblikket best\u00e5r av Magne Hoset og danske Jimmy Brinksby. Sistnevnte har hovedansvar for analyse.<\/p>\n<p>\u2013 En smart signering av Godset. Inntrykket av Riise er en ekstremt dedikert trener, med stor kapasitet. Selv om han ikke lykkes i perioden som hovedtrener for Stab\u00e6k har han opparbeidet en solid erfaring med b\u00e5de unge og mer etablerte spillere, sier TV 2s fotballekspert Yaw Amankwah.<\/p>\n<p>        <img class=\"image__img lazyload\" itemprop=\"image\" title=\"Foto: Stian Lysberg Solum \/ NTB\" alt=\"GAMLE KJENNINGER: Magne Hoset og Bj\u00f8rn Helge Riise har spilt mot hverandre i Eliteserien \u2013 og med hverandre p\u00e5 landslaget. N\u00e5 samles de i Str\u00f8msgodset. Foto: Stian Lysberg Solum \/ NTB\" width=\"675\" height=\"453\" bad-src=\"https:\/\/www.europesays.com\/no\/wp-content\/uploads\/2026\/01\/18469502.webp.jpeg\" fetchpriority=\"auto\" \/><\/p>\n<p>      GAMLE KJENNINGER: Magne Hoset og Bj\u00f8rn Helge Riise har spilt mot hverandre i Eliteserien \u2013 og med hverandre p\u00e5 landslaget. N\u00e5 samles de i Str\u00f8msgodset.<br \/>\n         Foto: Stian Lysberg Solum \/ NTB<\/p>\n<p>Venter p\u00e5 Fagermo-avklaring<\/p>\n<p>P\u00e5 papiret er Dag-Eilev Fagermo fortsatt klubbens hovedtrener, men det er ingen hemmelighet at Str\u00f8msgodset \u00f8nsker \u00e5 avslutte arbeidsforholdet til 58-\u00e5ringen.<\/p>\n<p>TV 2 har fors\u00f8kt \u00e5 f\u00e5 flere kommentarer fra Str\u00f8msgodset-leiren i det siste om prosessen, men b\u00e5de daglig leder Magne Jordan Nilsen og advokat Erik Fl\u00e5gan har lagt fullstendig lokk p\u00e5 saken.<\/p>\n<p>Fagermo har, enn s\u00e5 lenge, blitt enig med Str\u00f8msgodset om \u00e5 holde seg unna treningsfeltet.<\/p>\n<p>        <img class=\"image__img lazyload\" itemprop=\"image\" title=\"Foto: Trond R. Teigen \/ NTB\" alt=\"FORTSATT UAVKLART: Dag-Eilev Fagermo og Str\u00f8msgodset har fortsatt ikke kommet til enighet om en sluttavtale. Foto: Trond R. Teigen \/ NTB\" width=\"978\" height=\"551\" bad-src=\"https:\/\/www.europesays.com\/no\/wp-content\/uploads\/2026\/01\/18432804.webp.jpeg\" fetchpriority=\"auto\" \/><\/p>\n<p>      FORTSATT UAVKLART: Dag-Eilev Fagermo og Str\u00f8msgodset har fortsatt ikke kommet til enighet om en sluttavtale.<br \/>\n         Foto: Trond R. Teigen \/ NTB<\/p>\n<p>Hardtsatsende<\/p>\n<p>Der dukker imidlertid Bj\u00f8rn Helge Riise, lillebror til John Arne, snart opp.<\/p>\n<p>Han hentes fra Stab\u00e6k, der han har operert i flere ulike roller de siste \u00e5rene. Blant annet har han vikariert som klubbens hovedtrener ved to ulike anledninger.<\/p>\n<p>Riise har satset tungt p\u00e5 en trenerkarriere etter at han la opp som spiller selv. Som aktiv spilte han for blant andre Aalesund, Lillestr\u00f8m og Fulham. Han har spilt 35 landskamper for Norge, og kjenner Magne Hoset godt fra f\u00f8r.<\/p>\n<p>N\u00e5 skal duoen pr\u00f8ve \u00e5 f\u00e5 Str\u00f8msgodset tilbake til eliten av norsk fotball.<\/p>\n","protected":false},"excerpt":{"rendered":"Torsdag avsl\u00f8rte Drammens Tidende at Riise var p\u00e5 vei til Godset. TV 2 f\u00e5r fredag opplyst at han&hellip;\n","protected":false},"author":2,"featured_media":139094,"comment_status":"","ping_status":"","sticky":false,"template":"","format":"standard","meta":{"footnotes":""},"categories":[59],"tags":[30,28,29,83,82],"class_list":{"0":"post-139093","1":"post","2":"type-post","3":"status-publish","4":"format-standard","5":"has-post-thumbnail","7":"category-sport","8":"tag-no","9":"tag-norge","10":"tag-norway","11":"tag-sport","12":"tag-sports"},"share_on_mastodon":{"url":"https:\/\/pubeurope.com\/@no\/115904588258749105","error":""},"_links":{"self":[{"href":"https:\/\/www.europesays.com\/no\/wp-json\/wp\/v2\/posts\/139093","targetHints":{"allow":["GET"]}}],"collection":[{"href":"https:\/\/www.europesays.com\/no\/wp-json\/wp\/v2\/posts"}],"about":[{"href":"https:\/\/www.europesays.com\/no\/wp-json\/wp\/v2\/types\/post"}],"author":[{"embeddable":true,"href":"https:\/\/www.europesays.com\/no\/wp-json\/wp\/v2\/users\/2"}],"replies":[{"embeddable":true,"href":"https:\/\/www.europesays.com\/no\/wp-json\/wp\/v2\/comments?post=139093"}],"version-history":[{"count":0,"href":"https:\/\/www.europesays.com\/no\/wp-json\/wp\/v2\/posts\/139093\/revisions"}],"wp:featuredmedia":[{"embeddable":true,"href":"https:\/\/www.europesays.com\/no\/wp-json\/wp\/v2\/media\/139094"}],"wp:attachment":[{"href":"https:\/\/www.europesays.com\/no\/wp-json\/wp\/v2\/media?parent=139093"}],"wp:term":[{"taxonomy":"category","embeddable":true,"href":"https:\/\/www.europesays.com\/no\/wp-json\/wp\/v2\/categories?post=139093"},{"taxonomy":"post_tag","embeddable":true,"href":"https:\/\/www.europesays.com\/no\/wp-json\/wp\/v2\/tags?post=139093"}],"curies":[{"name":"wp","href":"https:\/\/api.w.org\/{rel}","templated":true}]}}