{"id":139097,"date":"2026-01-16T11:43:10","date_gmt":"2026-01-16T11:43:10","guid":{"rendered":"https:\/\/www.europesays.com\/no\/139097\/"},"modified":"2026-01-16T11:43:10","modified_gmt":"2026-01-16T11:43:10","slug":"den-amerikanske-delegasjonen-er-pa-plass-i-danmark","status":"publish","type":"post","link":"https:\/\/www.europesays.com\/no\/139097\/","title":{"rendered":"Den amerikanske delegasjonen er p\u00e5 plass i Danmark"},"content":{"rendered":"\n<ul class=\"_list_o9xde_3 _list_64s2r_85 _unordered_o9xde_106 text-sans-m\">\n<li class=\"_item_o9xde_30\">Danskene har heist det gr\u00f8nlandske flagget under bes\u00f8k fra amerikanske kongressmedlemmer.<\/li>\n<li class=\"_item_o9xde_30\">Signal om samhold overfor USA, sier Karsten H\u00f8nge.<\/li>\n<li class=\"_item_o9xde_30\">Amerikansk delegasjon skal dr\u00f8fte presset samarbeid med Danmark og Gr\u00f8nland.<\/li>\n<li class=\"_item_o9xde_30\">Kreml bekrefter Gr\u00f8nland som del av Danmark, mens Trump \u00f8nsker \u00e5 gj\u00f8re \u00f8ya amerikansk.<\/li>\n<\/ul>\n<p>Vis mer <\/p>\n<p class=\"_paragraph_o9xde_4 _paragraph_xtcu6_10 layout-component text-serif-m layout-normal text-serif-m layout-padded\">En tverrpolitisk delegasjon fra den amerikanske kongressen er fredag p\u00e5 plass i Danmark for \u00e5 bes\u00f8ke FolketingetFolketingetFolketinget er Danmarks nasjonalforsamling, tilsvarende Stortinget i Norge., der det gr\u00f8nlandske flagg n\u00e5 vaier ved hovedtrappen.<\/p>\n<p class=\"_paragraph_o9xde_4 _paragraph_xtcu6_10 layout-component text-serif-m layout-normal text-serif-m layout-padded\">Den danske politikeren Karsten H\u00f8nge sier til <a href=\"https:\/\/www.dr.dk\/nyheder\/indland\/groenland\/live-storpolitisk-drama-mellem-usa-danmark-og-groenland?focusId=10858622\" class=\"_link_o9xde_39\" rel=\"nofollow noopener\" target=\"_blank\">DR<\/a> at flagget slett ikke er noen tilfeldighet. <\/p>\n<p class=\"_paragraph_o9xde_4 _paragraph_xtcu6_10 layout-component text-serif-m layout-normal text-serif-m layout-padded\">Han beskriver det som en helt riktig m\u00e5te \u00ab\u00e5 vise samhold overfor den amerikanske delegasjonen\u00bb, som ogs\u00e5 skal f\u00e5 servert sm\u00f8rbr\u00f8d og kransekake, if\u00f8lge <a href=\"https:\/\/www.dr.dk\/nyheder\/indland\/groenland\/live-storpolitisk-drama-mellem-usa-danmark-og-groenland?focusId=10859025\" class=\"_link_o9xde_39\" rel=\"nofollow noopener\" target=\"_blank\">DR<\/a>.<\/p>\n<p><img alt=\"Amerikanerne ankom i denne svarte minibussen.  Foto: THOMAS TRAASDAHL \/ EPA \/ NTB\" class=\"_image_qp4xg_65 layout-component layout-normal\" data-fullscreen- data-track-element-type=\"Article image fullscreen\" data-track-name=\"ImageFullscreen\" decoding=\"async\" loading=\"lazy\" height=\"2808\" itemprop=\"image\"  src=\"https:\/\/www.europesays.com\/no\/wp-content\/uploads\/2026\/01\/05e3ef3e-6369-40eb-8f40-52e17c27e01a.jpeg\"  style=\"object-position:0% 0%\" width=\"4208\"\/>Amerikanerne ankom i denne svarte minibussen.  Foto: THOMAS TRAASDAHL \/ EPA \/ NTB<\/p>\n<p class=\"_paragraph_o9xde_4 _paragraph_xtcu6_10 layout-component text-serif-m layout-normal text-serif-m layout-padded\">Det er en gruppe politikere fra de to kamrene i KongressenKongressenKongressen er USAs nasjonale lovgivende forsamling, som best\u00e5r av to kamre: Senatet og Representantenes hus., Senatet og Representantenes hus, som fredag er p\u00e5 plass for \u00e5 \u00abdr\u00f8fte samarbeidet mellom USA, <a href=\"https:\/\/www.vg.no\/tag\/groenland?utm_source=vg-article&amp;utm_medium=auto-tagger&amp;utm_campaign=OkQ0kV\" class=\"_link_o9xde_39\" rel=\"nofollow noopener\" target=\"_blank\">Gr\u00f8nland<\/a> og Danmark\u00bb, et samarbeid som n\u00e5 er under hardt press. <\/p>\n<p>Disse skal p\u00e5 bes\u00f8k:<\/p>\n<p class=\"_paragraph_o9xde_4 _paragraph_xtcu6_10 _paragraph_16v91_10 layout-component text-serif-m layout-normal text-sans-m layout-padded\">Senatet:<\/p>\n<ul class=\"_list_o9xde_3 _list_xtcu6_9 _list_16v91_9 _unordered_o9xde_106 layout-component text-serif-m layout-normal text-sans-m layout-padded\">\n<li class=\"_item_o9xde_30\">Chris Coons (D)<\/li>\n<li class=\"_item_o9xde_30\">Dick Durbin (D)<\/li>\n<li class=\"_item_o9xde_30\">Peter Welch (D)<\/li>\n<li class=\"_item_o9xde_30\">Jeanne Shaheen (D)<\/li>\n<li class=\"_item_o9xde_30\">Thom Tillis (R)<\/li>\n<li class=\"_item_o9xde_30\">Lisa Murkowski (R)<\/li>\n<\/ul>\n<p class=\"_paragraph_o9xde_4 _paragraph_xtcu6_10 _paragraph_16v91_10 layout-component text-serif-m layout-normal text-sans-m layout-padded\">Representantenes hus:<\/p>\n<ul class=\"_list_o9xde_3 _list_xtcu6_9 _list_16v91_9 _unordered_o9xde_106 layout-component text-serif-m layout-normal text-sans-m layout-padded\">\n<li class=\"_item_o9xde_30\">Gregory Meeks (D)<\/li>\n<li class=\"_item_o9xde_30\">Madeleine Dean (D)<\/li>\n<li class=\"_item_o9xde_30\">Sara Jacobs (D)<\/li>\n<li class=\"_item_o9xde_30\">Sarah McBride (D)<\/li>\n<li class=\"_item_o9xde_30\">Steny Hoyer (D)<\/li>\n<\/ul>\n<p>Vis mer<\/p>\n<p class=\"_paragraph_o9xde_4 _paragraph_xtcu6_10 layout-component text-serif-m layout-normal text-serif-m layout-padded\">\u2013 Vi har v\u00e6rt venner og allierte med Danmark og Gr\u00f8nland i \u00e5rtier. Vi vil gjerne si at vi setter stor pris p\u00e5 det. De utsagnene som presidenten kommer med, reflekterer ikke den amerikanske folkemeningen. <\/p>\n<p class=\"_paragraph_o9xde_4 _paragraph_xtcu6_10 layout-component text-serif-m layout-normal text-serif-m layout-padded\">Det sier senator Dick Durbin (D-Illinois) i 12-tiden til danske medier p\u00e5 R\u00e5dhuspladsen, i forkant av at de skal m\u00f8te med Dansk Industri.<\/p>\n<p class=\"_paragraph_o9xde_4 _paragraph_xtcu6_10 layout-component text-serif-m layout-normal text-serif-m layout-padded\">De elleve amerikanerne kommer til K\u00f8benhavn<a href=\"https:\/\/www.vg.no\/nyheter\/i\/QJmqKx\/groenlandsk-politiker-til-vg-folk-kommer-graatende-paa-jobb\" data-track-element-type=\"Link\" data-track-id=\"link:QJmqKx\" class=\"_link_o9xde_39\" rel=\"nofollow noopener\" target=\"_blank\"> etter invitasjon fra Aaja Chemnitz<\/a>, som er \u00e9n av Gr\u00f8nlands to representanter til Folketinget. <\/p>\n<p><img alt=\"Aaja Chemnitz.  Foto: G\u00f8ran Bohlin \/ VG\" class=\"_image_qp4xg_65 layout-component layout-normal\" data-fullscreen- data-track-element-type=\"Article image fullscreen\" data-track-name=\"ImageFullscreen\" decoding=\"async\" loading=\"lazy\" height=\"5504\" itemprop=\"image\"  src=\"https:\/\/www.europesays.com\/no\/wp-content\/uploads\/2026\/01\/3fbf5277-b2cd-4003-8309-58cea13ea44f.jpeg\"  style=\"object-position:0% 0%\" width=\"8256\"\/>Aaja Chemnitz.  Foto: G\u00f8ran Bohlin \/ VG<\/p>\n<p class=\"_paragraph_o9xde_4 _paragraph_xtcu6_10 layout-component text-serif-m layout-normal text-serif-m layout-padded\"><strong class=\"_strong_o9xde_25\">VG snakket med henne torsdag:<\/strong><\/p>\n<p class=\"_paragraph_o9xde_4 _paragraph_xtcu6_10 layout-component text-serif-m layout-normal layout-padded\"><strong class=\"_strong_o9xde_25\">Les ogs\u00e5:<\/strong> <a href=\"https:\/\/www.vg.no\/i\/QJmqKx\" data-track-element-type=\"Link\" data-track-id=\"link:QJmqKx\" class=\"_link_o9xde_39\" rel=\"nofollow noopener\" target=\"_blank\">Tar imot amerikanske toppolitikere i K\u00f8benhavn<\/a><\/p>\n<p class=\"_paragraph_o9xde_4 _paragraph_xtcu6_10 layout-component text-serif-m layout-normal text-serif-m layout-padded\">P\u00e5 listen over deltagere er ni demokrater og to republikanere, blant dem senatorene Lisa Murkowski fra Alaska og Thom Tillis fra North Carolina.<\/p>\n<p class=\"_paragraph_o9xde_4 _paragraph_xtcu6_10 layout-component text-serif-m layout-normal text-serif-m layout-padded\">Ingen av dem sitter i president Donald Trumps regjering. Tillis har tidligere uttrykt st\u00f8tte for Trump, og heller stilt seg undrende til hvem det er presidenten tar r\u00e5d fra.<\/p>\n<p class=\"_paragraph_o9xde_4 _paragraph_xtcu6_10 layout-component text-serif-m layout-normal text-serif-m layout-padded\">\u2013 Jeg skal minne dem om at vi har tre likestilte maktgrener, og jeg tror det er nok medlemmer av Kongressen \u2013 om de sier det h\u00f8yt eller ikke, som er bekymret for dette, sa Tillis om Trumps trusler f\u00f8r avreise til Danmark, if\u00f8lge <a href=\"https:\/\/thehill.com\/homenews\/senate\/5689820-senate-republicans-block-trump-greenland\/\" class=\"_link_o9xde_39\" rel=\"nofollow noopener\" target=\"_blank\">The Hill<\/a>.<\/p>\n<p><img decoding=\"async\" alt=\"Bilde av Thom Tillis\" class=\"_image_ygndg_42\" height=\"27\" itemprop=\"image\" loading=\"lazy\"  src=\"https:\/\/www.europesays.com\/no\/wp-content\/uploads\/2026\/01\/9b1b2d6c-9de8-4487-b5df-0f37b91d9b58.jpeg\"  width=\"40\"\/><strong class=\"_name_ygndg_51 title-serif-xs\">Thom Tillis<\/strong><\/p>\n<p class=\"_paragraph_o9xde_4 text-sans-m _description_ygndg_56\">Republikansk senator<\/p>\n<p class=\"_paragraph_o9xde_4 _paragraph_xtcu6_10 layout-component text-serif-m layout-normal text-serif-m layout-padded\">\u2013 Akkurat n\u00e5 pr\u00f8ver folk \u00e5 v\u00e6re \u00e6rb\u00f8dige, men dette er bare et eksempel p\u00e5 at hvem n\u00e5 enn det er som sier til presidenten at denne ideen er gjennomf\u00f8rbar, ikke burde v\u00e6re i Washington, D.C., fortsatte han.<\/p>\n<p>Vil fortsatt ha Gr\u00f8nland<\/p>\n<p class=\"_paragraph_o9xde_4 _paragraph_xtcu6_10 layout-component text-serif-m layout-normal text-serif-m layout-padded\">Bes\u00f8ket kommer etter flere dager med h\u00f8y spenning mellom de to Nato-landene. Samtidig melder Russland fredag at de st\u00e5r fast ved at Gr\u00f8nland er del av Danmark.<\/p>\n<p class=\"_paragraph_o9xde_4 _paragraph_xtcu6_10 layout-component text-serif-m layout-normal text-serif-m layout-padded\">\u2013 Vi observerer absolutt situasjonen rundt Gr\u00f8nland, i likhet med resten av verden. Vi registrerer en veldig kontroversiell situasjon. Vi forholder oss til premisset om at Gr\u00f8nland er Danmarks territorium, heter det fra Kremls talsperson Dmitrij Peskov.<\/p>\n<p class=\"_paragraph_o9xde_4 _paragraph_xtcu6_10 layout-component text-serif-m layout-normal text-serif-m layout-padded\">Onsdag m\u00f8ttes Danmarks, Gr\u00f8nlands og USAs utenriksministre og USAs visepresident J.D. Vance, til det f\u00f8rste toppniv\u00e5m\u00f8tet i konflikten.<\/p>\n<p class=\"_paragraph_o9xde_4 _paragraph_xtcu6_10 layout-component text-serif-m layout-normal text-serif-m layout-padded\">Sammen med danskenes utenriksminister Lars L\u00f8kke Rasmussen <a href=\"https:\/\/www.vg.no\/nyheter\/i\/rrgmel\/danmark-i-skjebnemoete-i-washington-d-c-om-groenland-dette-staar-paa-spill\" data-track-element-type=\"Link\" data-track-id=\"link:rrgmel\" class=\"_link_o9xde_39\" rel=\"nofollow noopener\" target=\"_blank\">klarte ikke Gr\u00f8nland \u00e5 endre USAs posisjon<\/a>, men kunngjorde en arbeidsgruppe som skal diskutere saken om noen uker.<\/p>\n<p class=\"_paragraph_o9xde_4 _paragraph_xtcu6_10 layout-component text-serif-m layout-normal text-serif-m layout-padded\">Form\u00e5let med arbeidsgruppen virker det \u00e5 v\u00e6re uenighet om. <a href=\"https:\/\/www.vg.no\/nyheter\/i\/Gxaq0J\/groenlands-regjeringsjef-groenland-vil-ikke-styres-av-usa\" data-track-element-type=\"Link\" data-track-id=\"link:Gxaq0J\" class=\"_link_o9xde_39\" rel=\"nofollow noopener\" target=\"_blank\">Torsdag sa Trumps <\/a>pressetalsperson Karoline Leavitt at m\u00e5let med gruppen er \u00e5 \u00abfortsette tekniske dr\u00f8ftelser om overtagelsen av Gr\u00f8nland\u00bb.<\/p>\n<p class=\"_paragraph_o9xde_4 _paragraph_xtcu6_10 layout-component text-serif-m layout-normal text-serif-m layout-padded\">\u2013 Premissene for arbeidsgruppen er man n\u00f8dt til \u00e5 f\u00e5 p\u00e5 plass. Det skaper en stor utrygghet i Gr\u00f8nland, sier Gr\u00f8nlands Chemnitz til DR fredag.<\/p>\n<p>Vil stanse Trump hjemme<\/p>\n<p class=\"_paragraph_o9xde_4 _paragraph_xtcu6_10 layout-component text-serif-m layout-normal text-serif-m layout-padded\">Til tross for at begge landene er medlem av Nato, har USAs president Trump fastholdt at Gr\u00f8nland m\u00e5 bli amerikansk. <\/p>\n<p class=\"_paragraph_o9xde_4 _paragraph_xtcu6_10 layout-component text-serif-m layout-normal text-serif-m layout-padded\">Han finner trolig ikke overveldende st\u00f8tte til det hos egen befolkning, if\u00f8lge en fersk meningsm\u00e5ling <a href=\"https:\/\/www.vg.no\/nyheter\/i\/zOgQ6K\/amerikanske-velgere-bastant-nei-til-aa-ta-groenland-med-militaermakt\" data-track-element-type=\"Link\" data-track-id=\"link:zOgQ6K\" class=\"_link_o9xde_39\" rel=\"nofollow noopener\" target=\"_blank\">VG omtalte torsdag<\/a>.<\/p>\n<p class=\"_paragraph_o9xde_4 _paragraph_xtcu6_10 layout-component text-serif-m layout-normal text-serif-m layout-padded\">Kongressrepresentant Jimmy Gomez (Demokrat) lanserte <a href=\"https:\/\/www.vg.no\/nyheter\/i\/vrA8jw\/trump-vil-erobre-groenland-natos-eksistens-settes-paa-spill\" data-track-element-type=\"Link\" data-track-id=\"link:vrA8jw\" class=\"_link_o9xde_39\" rel=\"nofollow noopener\" target=\"_blank\">tidligere denne uken en lov <\/a>for \u00e5 stanse Trumps planer om \u00e5 kj\u00f8pe eller ta Gr\u00f8nland med makt. <\/p>\n<p><img decoding=\"async\" alt=\"Bilde av Jimmy Gomez\" class=\"_image_ygndg_42\" height=\"27\" itemprop=\"image\" loading=\"lazy\"  src=\"https:\/\/www.europesays.com\/no\/wp-content\/uploads\/2026\/01\/b293e6ad-af75-4f2d-8534-8f066475523d.jpeg\"  width=\"40\"\/><strong class=\"_name_ygndg_51 title-serif-xs\">Jimmy Gomez<\/strong><\/p>\n<p class=\"_paragraph_o9xde_4 text-sans-m _description_ygndg_56\">Demokrat i Representantenes hus<\/p>\n<p class=\"_paragraph_o9xde_4 _paragraph_xtcu6_10 layout-component text-serif-m layout-normal text-serif-m layout-padded\"><a href=\"https:\/\/www.documentcloud.org\/documents\/26469896-gomez-greenland-annexation-bill\/\" class=\"_link_o9xde_39\" rel=\"nofollow noopener\" target=\"_blank\">Lovforslaget<\/a>, som er tre sider langt, forbyr bruk av midler til \u00abinvasjon, annekteringannekteringAnnektering er n\u00e5r et land tar kontroll over et omr\u00e5de eller territorium, ofte uten samtykke fra de som bor der., kj\u00f8p eller andre former for oppkj\u00f8p av Gr\u00f8nland\u00bb av den amerikanske regjeringen.<\/p>\n<p class=\"_paragraph_o9xde_4 _paragraph_xtcu6_10 layout-component text-serif-m layout-normal text-serif-m layout-padded\">Det vil ogs\u00e5 hindre finansiering av en \u00f8kning av amerikanske tropper p\u00e5 \u00f8ya eller p\u00e5virkningskampanjer rettet mot gr\u00f8nlenderne.<\/p>\n<p class=\"_paragraph_o9xde_4 _paragraph_xtcu6_10 layout-component text-serif-m layout-normal text-serif-m layout-padded\">M\u00f8tet i Danmark skjer samtidig som Trump n\u00e5 m\u00e5 finne den perfekte plasseringen av sin <a href=\"https:\/\/www.vg.no\/nyheter\/i\/3p9QvL\/trump-fikk-nobels-fredsprismedalje-fra-maria-corina-machado-norske-eksperter-reagerer\" data-track-element-type=\"Link\" data-track-id=\"link:3p9QvL\" class=\"_link_o9xde_39\" rel=\"nofollow noopener\" target=\"_blank\">innrammede Nobels <\/a>fredspris\u00admedalje:<\/p>\n<p><img alt=\"Foto: Daniel Torok\/The White House \/ Reuters \/ NTB\" class=\"_image_qp4xg_65 layout-component layout-normal\" data-fullscreen- data-track-element-type=\"Article image fullscreen\" data-track-name=\"ImageFullscreen\" decoding=\"async\" loading=\"lazy\" height=\"3000\" itemprop=\"image\"  src=\"https:\/\/www.europesays.com\/no\/wp-content\/uploads\/2026\/01\/32cae635-2cc0-49c3-97bf-326a9aa83a0b.jpeg\"  style=\"object-position:0% 0%\" width=\"2000\"\/>Foto: Daniel Torok\/The White House \/ Reuters \/ NTB<\/p>\n<p class=\"_paragraph_o9xde_4 _paragraph_xtcu6_10 layout-component text-serif-m layout-normal text-serif-m layout-padded\">En naturlig plassering kan v\u00e6re ved siden av <a href=\"http:\/\/www.vg.no\/sport\/i\/y5v6KK\/en-pris-naermest-opprettet-for-aa-smiske-med-trump#:~:text=VM%2Dtrekningen%20for%20fotball%2DVM,kritiserer%20manglende%20%C3%A5penhet%20rundt%20prisen.\" data-track-element-type=\"Link\" data-track-id=\"link:y5v6KK\" class=\"_link_o9xde_39\" rel=\"nofollow noopener\" target=\"_blank\">fredsprisen han fikk av Fifa<\/a>. <\/p>\n<p class=\"_paragraph_o9xde_4 _paragraph_xtcu6_10 layout-component text-serif-m layout-normal layout-padded\"><strong class=\"_strong_o9xde_25\">Les ogs\u00e5:<\/strong> <a href=\"https:\/\/www.vg.no\/i\/QJmqKx\" data-track-element-type=\"Link\" data-track-id=\"link:QJmqKx\" class=\"_link_o9xde_39\" rel=\"nofollow noopener\" target=\"_blank\">Tar imot amerikanske toppolitikere i K\u00f8benhavn<\/a><\/p>\n","protected":false},"excerpt":{"rendered":"Danskene har heist det gr\u00f8nlandske flagget under bes\u00f8k fra amerikanske kongressmedlemmer. Signal om samhold overfor USA, sier Karsten&hellip;\n","protected":false},"author":2,"featured_media":139098,"comment_status":"","ping_status":"","sticky":false,"template":"","format":"standard","meta":{"footnotes":""},"categories":[12],"tags":[20,21,1524,55,24,25,2112,15,22,23,13,30,28,29,14,16,26,27,42,43,44,45],"class_list":{"0":"post-139097","1":"post","2":"type-post","3":"status-publish","4":"format-standard","5":"has-post-thumbnail","7":"category-verden","8":"tag-breaking-news","9":"tag-breakingnews","10":"tag-danmark","11":"tag-donald-trump","12":"tag-featured-news","13":"tag-featurednews","14":"tag-gronland","15":"tag-headlines","16":"tag-latest-news","17":"tag-latestnews","18":"tag-news","19":"tag-no","20":"tag-norge","21":"tag-norway","22":"tag-nyheter","23":"tag-overskrifter","24":"tag-top-stories","25":"tag-topstories","26":"tag-verden","27":"tag-world","28":"tag-world-news","29":"tag-worldnews"},"share_on_mastodon":{"url":"https:\/\/pubeurope.com\/@no\/115904604097303893","error":""},"_links":{"self":[{"href":"https:\/\/www.europesays.com\/no\/wp-json\/wp\/v2\/posts\/139097","targetHints":{"allow":["GET"]}}],"collection":[{"href":"https:\/\/www.europesays.com\/no\/wp-json\/wp\/v2\/posts"}],"about":[{"href":"https:\/\/www.europesays.com\/no\/wp-json\/wp\/v2\/types\/post"}],"author":[{"embeddable":true,"href":"https:\/\/www.europesays.com\/no\/wp-json\/wp\/v2\/users\/2"}],"replies":[{"embeddable":true,"href":"https:\/\/www.europesays.com\/no\/wp-json\/wp\/v2\/comments?post=139097"}],"version-history":[{"count":0,"href":"https:\/\/www.europesays.com\/no\/wp-json\/wp\/v2\/posts\/139097\/revisions"}],"wp:featuredmedia":[{"embeddable":true,"href":"https:\/\/www.europesays.com\/no\/wp-json\/wp\/v2\/media\/139098"}],"wp:attachment":[{"href":"https:\/\/www.europesays.com\/no\/wp-json\/wp\/v2\/media?parent=139097"}],"wp:term":[{"taxonomy":"category","embeddable":true,"href":"https:\/\/www.europesays.com\/no\/wp-json\/wp\/v2\/categories?post=139097"},{"taxonomy":"post_tag","embeddable":true,"href":"https:\/\/www.europesays.com\/no\/wp-json\/wp\/v2\/tags?post=139097"}],"curies":[{"name":"wp","href":"https:\/\/api.w.org\/{rel}","templated":true}]}}