{"id":139101,"date":"2026-01-16T11:45:39","date_gmt":"2026-01-16T11:45:39","guid":{"rendered":"https:\/\/www.europesays.com\/no\/139101\/"},"modified":"2026-01-16T11:45:39","modified_gmt":"2026-01-16T11:45:39","slug":"sander-sagosen-om-kona-hanna-oftedal-sagosen","status":"publish","type":"post","link":"https:\/\/www.europesays.com\/no\/139101\/","title":{"rendered":"Sander Sagosen om kona Hanna Oftedal Sagosen:"},"content":{"rendered":"<p>Norge fikk en fin start p\u00e5 h\u00e5ndball-EM p\u00e5 hjemmebane med storseier mot Ukraina p\u00e5 39-22.<\/p>\n<p>Sander Sagosen str\u00e5lte i f\u00f8rste omgang og banket inn tre scoringer. Med det har 30-\u00e5ringen 200 scoringer i EM. Det er det bare fire andre spillere som har gjort f\u00f8r ham.<\/p>\n<p>\u2013 Det er alltid stas med milep\u00e6ler, men jeg h\u00e5per vi skal ta mange flere. Vi skal bare gi gass n\u00e5, sier Sagosen til TV 2.<\/p>\n<p>        <img class=\"image__img lazyload\" itemprop=\"image\" title=\"Foto: Stian Lysberg Solum \/ NTB\" alt=\"I GAMMELT SLAG? Sander Sagosen fikk en fin start med Norge i h\u00e5ndball-EM. Foto: Stian Lysberg Solum \/ NTB\" width=\"675\" height=\"412\" bad-src=\"https:\/\/www.europesays.com\/no\/wp-content\/uploads\/2026\/01\/18468358.webp.jpeg\" fetchpriority=\"auto\" \/><\/p>\n<p>      I GAMMELT SLAG? Sander Sagosen fikk en fin start med Norge i h\u00e5ndball-EM.<br \/>\n         Foto: Stian Lysberg Solum \/ NTB<\/p>\n<p>Han innr\u00f8mmer at han n\u00e5 har mer ro enn i forrige mesterskap.<\/p>\n<p>\u2013\u00a0Det er klart. Man er naiv hvis man sier at det ikke p\u00e5virker, sier Sagosen.<\/p>\n<p>For kontrasten er stor hvis man skrur tiden ett \u00e5r tilbake. Da var fremtiden i Kolstad og hjembyen Trondheim usikker, og ulmet over han mens VM p\u00e5 hjemmebane p\u00e5gikk.\u00a0<\/p>\n<p>Men etter mesterskapet kom bekreftelsen om klubbskiftet til Aalborg, og n\u00e5 har 30-\u00e5ringen f\u00e5tt sl\u00e5 seg til ro med en kontrakt til 2029.<\/p>\n<p>Kolstad-prosjektet ble aldri helt som h\u00e5pet, og Sagosens prestasjoner dalte b\u00e5de for klubb og landslag.<\/p>\n<p>Men i Aalborg satses det tungt b\u00e5de i hjemlig serie og i Europa, som har hjulpet tr\u00f8nderen.<\/p>\n<p>\u2013 N\u00e5 har jeg det supert. Vi har det bra og jeg og familien har det supert, sier Sagosen.<\/p>\n<p>        <img class=\"image__img lazyload\" itemprop=\"image\" title=\"Foto: Vidar Ruud \/ NTB\" alt=\"ST\u00d8TTESPILLER: Hanna Oftedal Sagosen har selv spilt h\u00e5ndball og er s\u00f8ster med tidligere landslagskaptein Stine Oftedal Dahmke. Foto: Vidar Ruud \/ NTB\" width=\"675\" height=\"419\" bad-src=\"https:\/\/www.europesays.com\/no\/wp-content\/uploads\/2026\/01\/18468360.webp.jpeg\" fetchpriority=\"auto\" \/><\/p>\n<p>      ST\u00d8TTESPILLER: Hanna Oftedal Sagosen har selv spilt h\u00e5ndball og er s\u00f8ster med tidligere landslagskaptein Stine Oftedal Dahmke.<br \/>\n         Foto: Vidar Ruud \/ NTB<\/p>\n<p>I juli i fjor ble han pappa for andre gang sammen med kona Hanna Oftedal Sagosen. Hun f\u00e5r mye av \u00e6ren for at sm\u00e5barnslivet i et annet land g\u00e5r s\u00e5 bra.<\/p>\n<p>        <img class=\"image__img lazyload\" itemprop=\"image\" title=\"Foto: Instagram\/@sandersagosen\" alt=\"FORELDE: Sander Sagosen og Hanna Oftedal Sagosen. Foto: Instagram\/@sandersagosen\" width=\"675\" height=\"379\" bad-src=\"https:\/\/www.europesays.com\/no\/wp-content\/uploads\/2026\/01\/18468368.webp.jpeg\" fetchpriority=\"auto\" \/><\/p>\n<p>      FORELDE: Sander Sagosen og Hanna Oftedal Sagosen.<br \/>\n         Foto: Instagram\/@sandersagosen<\/p>\n<p>\u2013 Jeg har en fantastisk kone som drar mye av lasset p\u00e5 hjemmebane, og en s\u00f8nn som trives bra i barnehagen i Danmark, sier Sagosen.<\/p>\n<p>\u2013 Vi har det bra. Det er et fint sted \u00e5 v\u00e6re, en fantastisk klubb som er med p\u00e5 \u00e5 kjempe om de store trofeene, sier 30-\u00e5ringen.<\/p>\n<p>N\u00e5 gleder han seg til ferden videre med landslaget p\u00e5 Fornebu og Unity Arena.<\/p>\n<p>\u2013 N\u00e5 g\u00e5r det fint b\u00e5de p\u00e5 og utenfor banen. Her med landslaget er vi en god gruppe p\u00e5 et bra sted. N\u00e5 fikk vi en god \u00e5pningskamp, og skal bygge selvtillit p\u00e5 det, sier tr\u00f8nderen.<\/p>\n<p>Neste kamp blir mot Tsjekkia l\u00f8rdag, mens stornasjonen og den regjerende EM-mesteren Frankrike venter p\u00e5 mandag. S\u00e5 g\u00e5r turen til danske Herning for kampene i hovedrunden, hvis Norge sl\u00e5r Tsjekkia.<\/p>\n<p>For alt fokus er p\u00e5 den kampen n\u00e5.<\/p>\n<p>\u2013 N\u00e5 skal vi vinne den kampen der ogs\u00e5. Vi f\u00e5r bare komme oss i dusjen her, spise og lade opp, sier Sagosen.<\/p>\n","protected":false},"excerpt":{"rendered":"Norge fikk en fin start p\u00e5 h\u00e5ndball-EM p\u00e5 hjemmebane med storseier mot Ukraina p\u00e5 39-22. Sander Sagosen str\u00e5lte&hellip;\n","protected":false},"author":2,"featured_media":139102,"comment_status":"","ping_status":"","sticky":false,"template":"","format":"standard","meta":{"footnotes":""},"categories":[5],"tags":[20,21,24,25,15,19,22,23,17,18,13,30,28,29,14,16,26,27],"class_list":{"0":"post-139101","1":"post","2":"type-post","3":"status-publish","4":"format-standard","5":"has-post-thumbnail","7":"category-overskrifter","8":"tag-breaking-news","9":"tag-breakingnews","10":"tag-featured-news","11":"tag-featurednews","12":"tag-headlines","13":"tag-hovedoppslag","14":"tag-latest-news","15":"tag-latestnews","16":"tag-main-news","17":"tag-mainnews","18":"tag-news","19":"tag-no","20":"tag-norge","21":"tag-norway","22":"tag-nyheter","23":"tag-overskrifter","24":"tag-top-stories","25":"tag-topstories"},"share_on_mastodon":{"url":"https:\/\/pubeurope.com\/@no\/115904611895225875","error":""},"_links":{"self":[{"href":"https:\/\/www.europesays.com\/no\/wp-json\/wp\/v2\/posts\/139101","targetHints":{"allow":["GET"]}}],"collection":[{"href":"https:\/\/www.europesays.com\/no\/wp-json\/wp\/v2\/posts"}],"about":[{"href":"https:\/\/www.europesays.com\/no\/wp-json\/wp\/v2\/types\/post"}],"author":[{"embeddable":true,"href":"https:\/\/www.europesays.com\/no\/wp-json\/wp\/v2\/users\/2"}],"replies":[{"embeddable":true,"href":"https:\/\/www.europesays.com\/no\/wp-json\/wp\/v2\/comments?post=139101"}],"version-history":[{"count":0,"href":"https:\/\/www.europesays.com\/no\/wp-json\/wp\/v2\/posts\/139101\/revisions"}],"wp:featuredmedia":[{"embeddable":true,"href":"https:\/\/www.europesays.com\/no\/wp-json\/wp\/v2\/media\/139102"}],"wp:attachment":[{"href":"https:\/\/www.europesays.com\/no\/wp-json\/wp\/v2\/media?parent=139101"}],"wp:term":[{"taxonomy":"category","embeddable":true,"href":"https:\/\/www.europesays.com\/no\/wp-json\/wp\/v2\/categories?post=139101"},{"taxonomy":"post_tag","embeddable":true,"href":"https:\/\/www.europesays.com\/no\/wp-json\/wp\/v2\/tags?post=139101"}],"curies":[{"name":"wp","href":"https:\/\/api.w.org\/{rel}","templated":true}]}}