{"id":139103,"date":"2026-01-16T11:46:07","date_gmt":"2026-01-16T11:46:07","guid":{"rendered":"https:\/\/www.europesays.com\/no\/139103\/"},"modified":"2026-01-16T11:46:07","modified_gmt":"2026-01-16T11:46:07","slug":"vm-i-vektlofting-i-forde-med-millionoverskot-pa-25-millionar-nrk-vestland","status":"publish","type":"post","link":"https:\/\/www.europesays.com\/no\/139103\/","title":{"rendered":"VM i vektl\u00f8fting i F\u00f8rde med millionoverskot p\u00e5 25 millionar \u2013 NRK Vestland"},"content":{"rendered":"<p>Fleire av dei siste store VM-arrangementa i Noreg har vore synonyme med dundrande underskot.<\/p>\n<p>Ski-VM i <a href=\"https:\/\/www.nrk.no\/sport\/ski-vm-gar-37-millioner-i-minus-_-tilbyr-60-prosent-av-det-de-skylder-1.17486278\" ec-id=\"pp:article:1.17486278\" ec-name=\"Trondheim\" rel=\"nofollow noopener\" target=\"_blank\">Trondheim<\/a> og sykkel-VM i <a href=\"https:\/\/www.nrk.no\/vestland\/38-millioner-i-underskudd-1.13954169\" ec-id=\"pp:article:1.13954169\" ec-name=\"Bergen\" rel=\"nofollow noopener\" target=\"_blank\">Bergen<\/a> enda med underskot p\u00e5 37 og 38 millionar kroner.<\/p>\n<p>No kan VM-generalen for vektl\u00f8fting i F\u00f8rde sl\u00e5 i bordet med noko s\u00e5 uvanleg som <strong>pluss <\/strong>i boka<strong>. <\/strong><\/p>\n<p><strong>Og det med mange millionar. Millionane skal delast ut til frivillig sektor.<\/strong><\/p>\n<p>\u2013 Vi har kjent p\u00e5 eit enormt press med midlane vi har f\u00e5tt og dei tusen frivillige som har deltatt. Da kjenner vi at vi m\u00e5 levere.<\/p>\n<p>Det seier VM-general Stian Grimseth.<\/p>\n<p>    \u2190<\/p>\n<ul data-scroll-container=\"\" role=\"list\" aria-label=\"Bildegalleri\">\n<li><img alt=\"en mann i dress og slips\"  width=\"3840\" height=\"2557\" loading=\"lazy\"\/>\n<p>Kong Harald saman med VM-general Stian Grimseth (til h\u00f8gre).<\/p>\n<p> Foto: Paul S. Amundsen \/ NTB <\/li>\n<li><img alt=\"Bildet viser et treningsstudio med flere vektstenger og vekter plassert p\u00e5 treningsmatter. Det er synlige vektstativ i bakgrunnen, og gulvet er laget av lys treverk. En stor skjerm p\u00e5 veggen viser grafikk, og en klokke viser tiden. Omgivelsene er romslige og godt opplyste.\"  width=\"3840\" height=\"2560\" loading=\"lazy\"\/>\n<p>Noko av overskotet er vektl\u00f8ftingsutstyr som ogs\u00e5 kjem andre klubbar til gode. <\/p>\n<p> Foto: Nils Ole Refvik \/ NRK <\/li>\n<li><img alt=\"Bildet viser en kvinnelig heisermedalje som l\u00f8fter en stang med vekter under IWF Verdensmesterskap i 2025 i F\u00f8rde, Norge. Hun er if\u00f8rt en r\u00f8d l\u00f8fterdrakt og har en konsentrert mine. Bakgrunnen viser konkurransens logo og lysende skjermer med informasjon om deltakere og vekter. Publikum er synlig i forgrunnen, og det er teknisk utstyr synlig p\u00e5 scenen.\"  width=\"3840\" height=\"2880\" loading=\"lazy\"\/>\n<p>Julia Jordanger Loen fekk oppleve sitt f\u00f8rste VM p\u00e5 heimebane. Mange var tilstades i salen for \u00e5 heie.<\/p>\n<p> Foto: Nils Ole Refvik \/ NRK <\/li>\n<\/ul>\n<p>\u2192<\/p>\n<p>\u2013 B\u00f8r l\u00e6re av F\u00f8rde<\/p>\n<p>Ski-VM i Trondheim og sykkel-VM i Bergen enda alts\u00e5 med fleire titals millionar kroner i minus. I tillegg ligg det an til at det komande EM i handball i Oslo vil g\u00e5 med eit <a href=\"https:\/\/www.nrk.no\/sport\/handball-em-kan-ende-med-underskudd-pa-10-12-millioner-1.17720530\" ec-id=\"pp:article:1.17720530\" ec-name=\"underskot\" rel=\"nofollow noopener\" target=\"_blank\">underskot<\/a> p\u00e5 10\u201312 millionar kroner.<\/p>\n<p>Sportskommentator i NRK, Jan Petter Saltvedt, seier det dermed blir lagt merke til n\u00e5r VM i vektl\u00f8fting klarer \u00e5 g\u00e5 med fleire millionar kroner i pluss.<\/p>\n<p><strong>\u2013 Den totale vanstyringa i ski- og sykkel-VM har skapt eit bilete av at ansvarsl\u00f8yse og underskot er malen for \u00e5 arrangere meisterskap i Noreg.<\/strong><\/p>\n<p><img decoding=\"async\"   src=\"data:image\/gif;base64,R0lGODlhAQABAIAAAAAAAP\/\/\/yH5BAEAAAAALAAAAAABAAEAAAIBRAA7\" loading=\"eager\" alt=\"Jan Petter Saltvedt, sportskommentator i NRK.\" title=\"Foto: Lars Thomas Nordby \/ NRK\"\/><\/p>\n<p class=\"\">Sportskommentator Jan Petter Saltvedt meiner andre arrang\u00f8rar b\u00f8r sj\u00e5 n\u00f8ye p\u00e5 korleis VM i vektl\u00f8fting vart gjennomf\u00f8rt.<\/p>\n<p>Foto: Lars Thomas Nordby \/ NRK<\/p>\n<p>Han meiner problemet med \u00f8konomien i fleire meisterskap har vore s\u00e5 stort at det har p\u00e5verka politikarane sin vilje til \u00e5 skulle bidra, fordi det er st\u00f8rre tvil om det kan gjennomf\u00f8rast p\u00e5 ein ansvarleg m\u00e5te.<\/p>\n<p>\u2013 Det har \u00f8ydelagt mykje for alle potensielle arrang\u00f8rar i Noreg.<\/p>\n<p>Difor er verdsmeisterskapen i F\u00f8rde er eit ferskt, godt og n\u00f8kternt d\u00f8me p\u00e5 korleis ein kan f\u00e5 til eit ansvarleg budsjett, meiner han.<\/p>\n<p>\u2013 Det ein skal ta med seg for norsk idrett vidare, er: Sj\u00e5 til F\u00f8rde, ikkje til Trondheim, seier Saltvedt.<\/p>\n<p>Tidlegare internasjonale meisterskap i Noreg<\/p>\n<p>Desse gjekk i underskot:<\/p>\n<p>Ski-VM i Trondheim 2025. Rundt 37 millionar kroner i underskot.<\/p>\n<p>Sykkel-VM Bergen, 2017. Rundt 35 millionar kroner i underskot.<\/p>\n<p>Handball-EM i Oslo 2026. Ligg an til underskot p\u00e5 10-12 millionar kroner.<\/p>\n<p>Handball-VM, 2023. Rundt 1,1 million kroner i underskot. (Her arrangerte Noreg VM saman med Sverige og Danmark. Dei to andre landa hadde betre \u00f8konomiske resultat enn Noreg).<\/p>\n<p>VM i rallycross p\u00e5 Hell, 2014\u20132023. Det einaste \u00e5ret HellRX AS gjekk i overskot var 2020. Da arrangerte dei ikkje VM grunna pandemien.<\/p>\n<p>Desse gjekk i overskot:<\/p>\n<p>Ski-VM i Oslo 2011. Rundt 68 millionar kroner i overskot.<\/p>\n<p>VM i orientering i Trondheim 2010. Rundt 3 millionar kroner i overskot.<\/p>\n<p>Skiskyttar-VM i Holmenkollen 2016. Rundt 15 millionar kroner i overskot.<\/p>\n<p>Slik gjorde dei det<\/p>\n<p>Under vektl\u00f8ftar-VM i F\u00f8rde deltok ut\u00f8varar fr\u00e5 rundt hundre nasjonar. F\u00f8rde kjempa med store byar som Las Vegas, Sofia og Tashkent om \u00e5 f\u00e5 halde meisterskapen.<\/p>\n<p>Valet landa likevel p\u00e5 vestlandsbyen med rundt 11.000 innbyggjarar.<\/p>\n<p>Allereie f\u00f8r meisterskapen i oktober i fjor gjekk <a href=\"https:\/\/www.nrk.no\/vestland\/nytt-vm-til-noreg-eit-halvar-etter-millionunderskotet-i-granasen-1.17585384\" ec-id=\"pp:article:1.17585384\" ec-name=\"arrang\u00f8ren\" rel=\"nofollow noopener\" target=\"_blank\">arrang\u00f8ren<\/a> h\u00f8gt p\u00e5 bana og varsla at n\u00f8ktern pengebruk var viktig.<\/p>\n<p><strong>Budsjettet var p\u00e5 80 millionar kroner, der ein tredel kom fr\u00e5 offentleg st\u00f8tte. I tillegg vart det formidla at ansvaret for vektl\u00f8ftar-VM ligg p\u00e5 veldig f\u00e5 hender.<\/strong><\/p>\n<p><strong>Sj\u00f8lv om det var over tusen frivillige i systema, var det berre tre som hadde ansvaret for det meste.<\/strong><\/p>\n<p>\u2013 Resultatet er god kontroll p\u00e5 b\u00e5de utgifter og inntekter, sa Grimseth f\u00f8r konkurransen.<\/p>\n<p>Det skulle vise seg \u00e5 stemme.<\/p>\n<p><img decoding=\"async\"   src=\"data:image\/gif;base64,R0lGODlhAQABAIAAAAAAAP\/\/\/yH5BAEAAAAALAAAAAABAAEAAAIBRAA7\" loading=\"eager\" alt=\"Bildet viser en stor innend\u00f8rs arena fylt med publikum som ser p\u00e5 en konkurranse. P\u00e5 scenen er det ut\u00f8vere som deltar i det som ser ut til \u00e5 v\u00e6re et mesterskap. Det er flere skjermer synlige bak ut\u00f8verne som viser resultater og informasjon om arrangementet. Lyssettingen er variert, med mange farger som bidrar til stemningen i lokalet.\" title=\"Foto: Nils Ole Refvik \/ NRK\"\/><\/p>\n<p class=\"\">Fleire av VM-kveldane hadde stort oppm\u00f8te og stappfulle hus.<\/p>\n<p>Foto: Nils Ole Refvik \/ NRK<\/p>\n<p>\u2013 Kjem grasrota til gode<\/p>\n<p>Den endelege rekneskapen er ikkje heilt fullf\u00f8rt, men \u00f8konomien viser eit solid overskot.<\/p>\n<p>Overskotet p\u00e5 25 millionar kroner er ikkje berre i reine pengar.<\/p>\n<p>Utstyr til ein verdi av 15 millionar kroner er delt ut til 40 ulike idrettslag og skular, b\u00e5de i Vestland og elles i landet.<\/p>\n<p>3,5 millionar er betalt i dugnadskompensasjon til lag og organisasjonar som bidrog under meisterskapen.<\/p>\n<p>N\u00e5r det endelege rekneskapen er klart vil eigarane av VM-selskapet f\u00e5 utbyte av det resterande \u00f8konomiske overskotet.<\/p>\n<p>Samla blir dette om lag 25 millionar kroner som skal tilbake til frivillig sektor, melder arrang\u00f8ren.<\/p>\n<p>Tambarskjelvar IL, AK Bj\u00f8rgvin og F\u00f8rde IL har allereie f\u00e5tt overf\u00f8rt premie for det frivillige arbeidet: 1.350.000 kroner.<\/p>\n<p>\u2013 Vi visste jo ikkje kva det ville bety n\u00e5r vi sa ja til \u00e5 jobbe, og det er ikkje kvar dag vi mottar millionbel\u00f8p, seier leiar i F\u00f8rde IL, Arne Helgheim.<\/p>\n<p>\u2013 Arrangementet har etterlate varige verdiar som kjem grasrota til gode i mange \u00e5r framover. Dette er eit solid fotavtrykk og ein viktig arv etter meisterskapen, seier styreleiar i VM-selskapet, Nils R. Sandal<\/p>\n<p>Publisert<\/p>\n<p>16.01.2026, kl. 12.00<\/p>\n","protected":false},"excerpt":{"rendered":"Fleire av dei siste store VM-arrangementa i Noreg har vore synonyme med dundrande underskot. Ski-VM i Trondheim og&hellip;\n","protected":false},"author":2,"featured_media":139104,"comment_status":"","ping_status":"","sticky":false,"template":"","format":"standard","meta":{"footnotes":""},"categories":[59],"tags":[30,28,29,83,82],"class_list":{"0":"post-139103","1":"post","2":"type-post","3":"status-publish","4":"format-standard","5":"has-post-thumbnail","7":"category-sport","8":"tag-no","9":"tag-norge","10":"tag-norway","11":"tag-sport","12":"tag-sports"},"share_on_mastodon":{"url":"https:\/\/pubeurope.com\/@no\/115904615915464958","error":""},"_links":{"self":[{"href":"https:\/\/www.europesays.com\/no\/wp-json\/wp\/v2\/posts\/139103","targetHints":{"allow":["GET"]}}],"collection":[{"href":"https:\/\/www.europesays.com\/no\/wp-json\/wp\/v2\/posts"}],"about":[{"href":"https:\/\/www.europesays.com\/no\/wp-json\/wp\/v2\/types\/post"}],"author":[{"embeddable":true,"href":"https:\/\/www.europesays.com\/no\/wp-json\/wp\/v2\/users\/2"}],"replies":[{"embeddable":true,"href":"https:\/\/www.europesays.com\/no\/wp-json\/wp\/v2\/comments?post=139103"}],"version-history":[{"count":0,"href":"https:\/\/www.europesays.com\/no\/wp-json\/wp\/v2\/posts\/139103\/revisions"}],"wp:featuredmedia":[{"embeddable":true,"href":"https:\/\/www.europesays.com\/no\/wp-json\/wp\/v2\/media\/139104"}],"wp:attachment":[{"href":"https:\/\/www.europesays.com\/no\/wp-json\/wp\/v2\/media?parent=139103"}],"wp:term":[{"taxonomy":"category","embeddable":true,"href":"https:\/\/www.europesays.com\/no\/wp-json\/wp\/v2\/categories?post=139103"},{"taxonomy":"post_tag","embeddable":true,"href":"https:\/\/www.europesays.com\/no\/wp-json\/wp\/v2\/tags?post=139103"}],"curies":[{"name":"wp","href":"https:\/\/api.w.org\/{rel}","templated":true}]}}