{"id":139107,"date":"2026-01-16T11:50:56","date_gmt":"2026-01-16T11:50:56","guid":{"rendered":"https:\/\/www.europesays.com\/no\/139107\/"},"modified":"2026-01-16T11:50:56","modified_gmt":"2026-01-16T11:50:56","slug":"drepte-cubanske-soldater-sendt-hjem-fra-venezuela","status":"publish","type":"post","link":"https:\/\/www.europesays.com\/no\/139107\/","title":{"rendered":"Drepte cubanske soldater sendt hjem fra Venezuela"},"content":{"rendered":"\n<p class=\"_lead_o9xde_2 _lead_xtcu6_50 layout-component text-serif-m layout-normal text-serif-l layout-component layout-wide layout-padded _wide_17hqh_1 layout-padded\">Levningene av 32 cubanske politifolk og soldater som ble drept da USA tok Venezuelas president til fange, er kommet hjem til Cuba.<\/p>\n<ul class=\"_gallery_1qa3s_23\" tabindex=\"0\">\n<li class=\"_item_1qa3s_37\" data-index=\"0\"><img fetchpriority=\"high\" decoding=\"async\" class=\"_image_foru8_23 _introGallery_foru8_43\" data-fullscreen- width=\"7803\" height=\"5202\" itemprop=\"image\" loading=\"eager\"  src=\"https:\/\/www.europesays.com\/no\/wp-content\/uploads\/2026\/01\/c30d2b87-5583-4c3b-a329-61a53e8cf6c0.png\"  style=\"object-position:50% 50%;aspect-ratio:var(--gallery-aspect-ratio, 16 \/ 9)\"\/>Levningene av 32 cubanske soldater som ble drept da USA tok Venezuelas president til fange, kom torsdag hjem til Cuba og ble gravlagt i en massebegravelse i hovedstaden Havanna.  Foto: Ramon Espinosa \/ AP \/ NTB<\/li>\n<li class=\"_item_1qa3s_37\" data-index=\"1\"><img decoding=\"async\" class=\"_image_foru8_23 _introGallery_foru8_43\" data-fullscreen- width=\"4263\" height=\"2648\" itemprop=\"image\" loading=\"lazy\"  src=\"https:\/\/www.europesays.com\/no\/wp-content\/uploads\/2026\/01\/6f92e075-3226-4b61-95f6-55db49d0c73f.png\"  style=\"object-position:50% 50%;aspect-ratio:var(--gallery-aspect-ratio, 16 \/ 9)\"\/>Tusener sto langs veien da kortesjen med de drepte soldatenes levninger kj\u00f8rte gjennom Cuba hovedstad Havanna.  Foto: Ernesto Mastrascusa \/ AP \/ NTB<\/li>\n<\/ul>\n<p>Levningene av 32 cubanske soldater som ble drept da USA tok Venezuelas president til fange, kom torsdag hjem til Cuba og ble gravlagt i en massebegravelse i hovedstaden Havanna.  Foto: Ramon Espinosa \/ AP \/ NTB<\/p>\n<ul aria-hidden=\"true\" class=\"_images_ntbth_112\">\n<li><a class=\"_link_ntbth_117\" href=\"https:\/\/www.vg.no\/forfatter\/ntb\" style=\"z-index:1\" title=\"NTB\" rel=\"nofollow noopener\" target=\"_blank\"><img alt=\"Bilde av NTB\" class=\"_image_ntbth_93\" fetchpriority=\"low\" loading=\"lazy\" decoding=\"async\" itemprop=\"image\"  src=\"https:\/\/www.europesays.com\/no\/wp-content\/uploads\/2026\/01\/1768564256_196_c33980b0-5d07-4027-84a1-813f90a7c8d6.png\"  width=\"480\"\/><\/a><\/li>\n<\/ul>\n<p> Oppdatert fredag 16. januar kl. 05:16     <\/p>\n<p class=\"_paragraph_o9xde_4 _paragraph_xtcu6_10 layout-component text-serif-m layout-normal text-serif-m layout-padded\">Soldater marsjerte ut av flyet da urnene med levningene ble m\u00f8tt av s\u00f8rgemusikk fra milit\u00e6re trommer og trompeter i Havanna. <\/p>\n<p class=\"_paragraph_o9xde_4 _paragraph_xtcu6_10 layout-component text-serif-m layout-normal text-serif-m layout-padded\">Langs en av de mest kjente gatene i den cubanske hovedstaden hadde tusenvis m\u00f8tt opp for \u00e5 vise den siste \u00e6re. Senere defilerte titusener forbi urnene f\u00f8r en massebegravelse torsdag.<\/p>\n<p class=\"_paragraph_o9xde_4 _paragraph_xtcu6_10 layout-component text-serif-m layout-normal text-serif-m layout-padded\">Soldatene og politifolkene var sendt til <a href=\"https:\/\/www.vg.no\/tag\/venezuela?utm_source=vg-article&amp;utm_medium=auto-tagger&amp;utm_campaign=d4lPB1\" class=\"_link_o9xde_39\" rel=\"nofollow noopener\" target=\"_blank\">Venezuela<\/a> som en del av sikkerhetsstyrken som passet p\u00e5 vertslandets president Nicol\u00e1s Maduro. <\/p>\n<p class=\"_paragraph_o9xde_4 _paragraph_xtcu6_10 layout-component text-serif-m layout-normal text-serif-m layout-padded\">De ble drept i en amerikanske milit\u00e6raksjon der Maduro og kona ble tatt til fange og f\u00f8rt til USA for \u00e5 stilles for retten for omfattende narkotikaforbrytelser.<\/p>\n<p class=\"_paragraph_o9xde_4 _paragraph_xtcu6_10 layout-component text-serif-m layout-normal text-serif-m layout-padded\">Cuba og Venezuela er allierte og har begge et sv\u00e6rt anstrengt forhold til USA. <\/p>\n<p class=\"_paragraph_o9xde_4 _paragraph_xtcu6_10 layout-component text-serif-m layout-normal text-serif-m layout-padded\">Det anstrengte forholdet mellom Cuba og USA er blitt verre i det siste, og USAs president Donald Trump har krevd at landet inng\u00e5r en avtale med ham f\u00f8r det er \u00abfor sent\u00bb. Han sa ikke hva slags avtale han mente. <\/p>\n","protected":false},"excerpt":{"rendered":"Levningene av 32 cubanske politifolk og soldater som ble drept da USA tok Venezuelas president til fange, er&hellip;\n","protected":false},"author":2,"featured_media":139108,"comment_status":"","ping_status":"","sticky":false,"template":"","format":"standard","meta":{"footnotes":""},"categories":[12],"tags":[20,21,55,24,25,15,22,23,13,4037,30,28,29,14,16,26,27,50,95,42,43,44,45],"class_list":{"0":"post-139107","1":"post","2":"type-post","3":"status-publish","4":"format-standard","5":"has-post-thumbnail","7":"category-verden","8":"tag-breaking-news","9":"tag-breakingnews","10":"tag-donald-trump","11":"tag-featured-news","12":"tag-featurednews","13":"tag-headlines","14":"tag-latest-news","15":"tag-latestnews","16":"tag-news","17":"tag-nicolas-maduro","18":"tag-no","19":"tag-norge","20":"tag-norway","21":"tag-nyheter","22":"tag-overskrifter","23":"tag-top-stories","24":"tag-topstories","25":"tag-usa","26":"tag-venezuela","27":"tag-verden","28":"tag-world","29":"tag-world-news","30":"tag-worldnews"},"share_on_mastodon":{"url":"https:\/\/pubeurope.com\/@no\/115904635545149208","error":""},"_links":{"self":[{"href":"https:\/\/www.europesays.com\/no\/wp-json\/wp\/v2\/posts\/139107","targetHints":{"allow":["GET"]}}],"collection":[{"href":"https:\/\/www.europesays.com\/no\/wp-json\/wp\/v2\/posts"}],"about":[{"href":"https:\/\/www.europesays.com\/no\/wp-json\/wp\/v2\/types\/post"}],"author":[{"embeddable":true,"href":"https:\/\/www.europesays.com\/no\/wp-json\/wp\/v2\/users\/2"}],"replies":[{"embeddable":true,"href":"https:\/\/www.europesays.com\/no\/wp-json\/wp\/v2\/comments?post=139107"}],"version-history":[{"count":0,"href":"https:\/\/www.europesays.com\/no\/wp-json\/wp\/v2\/posts\/139107\/revisions"}],"wp:featuredmedia":[{"embeddable":true,"href":"https:\/\/www.europesays.com\/no\/wp-json\/wp\/v2\/media\/139108"}],"wp:attachment":[{"href":"https:\/\/www.europesays.com\/no\/wp-json\/wp\/v2\/media?parent=139107"}],"wp:term":[{"taxonomy":"category","embeddable":true,"href":"https:\/\/www.europesays.com\/no\/wp-json\/wp\/v2\/categories?post=139107"},{"taxonomy":"post_tag","embeddable":true,"href":"https:\/\/www.europesays.com\/no\/wp-json\/wp\/v2\/tags?post=139107"}],"curies":[{"name":"wp","href":"https:\/\/api.w.org\/{rel}","templated":true}]}}