{"id":139115,"date":"2026-01-16T12:01:08","date_gmt":"2026-01-16T12:01:08","guid":{"rendered":"https:\/\/www.europesays.com\/no\/139115\/"},"modified":"2026-01-16T12:01:08","modified_gmt":"2026-01-16T12:01:08","slug":"e6-trafikk-politiet-vil-stenge-e6-i-begge-retninger-vil-bli-ekstreme-koer-romerikes-blad","status":"publish","type":"post","link":"https:\/\/www.europesays.com\/no\/139115\/","title":{"rendered":"E6, Trafikk | Politiet vil stenge E6 i begge retninger: \u2013 Vil bli ekstreme k\u00f8er &#8211; Romerikes Blad"},"content":{"rendered":"<ol>\n<li><a href=\"https:\/\/news.google.com\/rss\/articles\/CBMimwFBVV95cUxQcTVoWHRkRXo0cmc2Zmh1TmpRQ3hTQXV4ci1PN1hWRnRSRk9oOFdmZ29FSlJsMlY3VHYtU0tpMTBTQVk4dWU4VVk0SFpkbGJ1R0lSRmxHWTU0eXdaRE9uMG5OMGlwZjhMRml4aE1jLUNKNEZzZ202cm9ub3FRM1dYUmhqT2RrWXdzOWdnUjJOaU0xZkVQWHBOTlRrQQ?oc=5\" target=\"_blank\" rel=\"nofollow noopener\">E6, Trafikk | Politiet vil stenge E6 i begge retninger: \u2013 Vil bli ekstreme k\u00f8er<\/a>&nbsp;&nbsp;Romerikes Blad<\/li>\n<li><a href=\"https:\/\/news.google.com\/rss\/articles\/CBMiqgFBVV95cUxNX2lQR0pRUEljemhTXzlUVHBSZWl3dEo1MVk0WktIR1FQZnVGdmU2ajRjTHBSQU90U09ybDEtdWZJNmdmX0RLVXZjWnJUY2lhVWlaNXNNTGNial93R1dSRV9DNHE3ZzZyT2I2WFpiZXRBWGFEOWtzcklRZWd2NktvMExGYjkwZFdPX0VSWGwtcUdQbkJEMldNTHRSN0VJa29sLW9vcGg1MTRTQQ?oc=5\" target=\"_blank\" rel=\"nofollow noopener\">E6 delvis stengt etter p\u00e5kj\u00f8rsel i Lillestr\u00f8m \u2013 en person omkommet \u2013 Stor-Oslo<\/a>&nbsp;&nbsp;NRK<\/li>\n<li><a href=\"https:\/\/news.google.com\/rss\/articles\/CBMiqAFBVV95cUxOVF9NZ0FWYjZyQ2xSeVI3R1BNZGQ2RVZIMXRFVnAtT1ByLVNnTGh6ZFVLV0kzYlFVWHZxWXNXT2I1WWltSmF1UlFRbmRDN0h2SjZUVDNiM29NOEZqRkVqOXRHS29fSGNrbFhwQjdLV0dWcUJBd3l3RjJ1QkJmS19lcm5rSnNRWVRMcExqZzlzVDhVb2NtRTdsMHNiM1VjLXMwLTVadjZPUHM?oc=5\" target=\"_blank\" rel=\"nofollow noopener\">Person p\u00e5kj\u00f8rt p\u00e5 E6 ved Skedsmokorset<\/a>&nbsp;&nbsp;MSN<\/li>\n<li><a href=\"https:\/\/news.google.com\/rss\/articles\/CBMif0FVX3lxTFBoQ2tEajYyZ1RKa25tQjZ6aENNRmVRem8zU1lwM2VVU01pYkg5bnA1aEd0dFZxTmhqYzltYXJyRHZ3TFRfc0NhY191cVM5SnFIckxxd2hQSDYxTmV3UmdBTE0wRXI1ZTB0b1M2dVNfVEtIN1JXM0dhREhyRDVnUnc?oc=5\" target=\"_blank\" rel=\"nofollow noopener\">Nyhetsvarsel | Person p\u00e5kj\u00f8rt p\u00e5 E6<\/a>&nbsp;&nbsp;Nettavisen<\/li>\n<li><a href=\"https:\/\/news.google.com\/rss\/articles\/CBMiXEFVX3lxTE9abXR4N29QVmZBdEcyVm9kZUlVdnJNNzEtMHY4RzdaTnM4c1U1RE1rMlFKLXhJMHJSa1BUalJaWXhqN3dSZGhXTlo4WHUtWVRBazhwUDctcTFJSGZR?oc=5\" target=\"_blank\" rel=\"nofollow noopener\">E6, P\u00e5kj\u00f8rsel | Alvorlig hendelse p\u00e5 E6<\/a>&nbsp;&nbsp;Romerikes Blad<\/li>\n<\/ol>\n","protected":false},"excerpt":{"rendered":"E6, Trafikk | Politiet vil stenge E6 i begge retninger: \u2013 Vil bli ekstreme k\u00f8er&nbsp;&nbsp;Romerikes Blad E6 delvis&hellip;\n","protected":false},"author":2,"featured_media":139116,"comment_status":"","ping_status":"","sticky":false,"template":"","format":"standard","meta":{"footnotes":""},"categories":[10],"tags":[20,21,24,25,15,22,23,13,30,28,29,14,16,26,27],"class_list":{"0":"post-139115","1":"post","2":"type-post","3":"status-publish","4":"format-standard","5":"has-post-thumbnail","7":"category-norge","8":"tag-breaking-news","9":"tag-breakingnews","10":"tag-featured-news","11":"tag-featurednews","12":"tag-headlines","13":"tag-latest-news","14":"tag-latestnews","15":"tag-news","16":"tag-no","17":"tag-norge","18":"tag-norway","19":"tag-nyheter","20":"tag-overskrifter","21":"tag-top-stories","22":"tag-topstories"},"share_on_mastodon":{"url":"https:\/\/pubeurope.com\/@no\/115904674688079797","error":""},"_links":{"self":[{"href":"https:\/\/www.europesays.com\/no\/wp-json\/wp\/v2\/posts\/139115","targetHints":{"allow":["GET"]}}],"collection":[{"href":"https:\/\/www.europesays.com\/no\/wp-json\/wp\/v2\/posts"}],"about":[{"href":"https:\/\/www.europesays.com\/no\/wp-json\/wp\/v2\/types\/post"}],"author":[{"embeddable":true,"href":"https:\/\/www.europesays.com\/no\/wp-json\/wp\/v2\/users\/2"}],"replies":[{"embeddable":true,"href":"https:\/\/www.europesays.com\/no\/wp-json\/wp\/v2\/comments?post=139115"}],"version-history":[{"count":0,"href":"https:\/\/www.europesays.com\/no\/wp-json\/wp\/v2\/posts\/139115\/revisions"}],"wp:featuredmedia":[{"embeddable":true,"href":"https:\/\/www.europesays.com\/no\/wp-json\/wp\/v2\/media\/139116"}],"wp:attachment":[{"href":"https:\/\/www.europesays.com\/no\/wp-json\/wp\/v2\/media?parent=139115"}],"wp:term":[{"taxonomy":"category","embeddable":true,"href":"https:\/\/www.europesays.com\/no\/wp-json\/wp\/v2\/categories?post=139115"},{"taxonomy":"post_tag","embeddable":true,"href":"https:\/\/www.europesays.com\/no\/wp-json\/wp\/v2\/tags?post=139115"}],"curies":[{"name":"wp","href":"https:\/\/api.w.org\/{rel}","templated":true}]}}