{"id":139117,"date":"2026-01-16T12:03:05","date_gmt":"2026-01-16T12:03:05","guid":{"rendered":"https:\/\/www.europesays.com\/no\/139117\/"},"modified":"2026-01-16T12:03:05","modified_gmt":"2026-01-16T12:03:05","slug":"snur-ryggen-til-aqua-nor-etablerer-ny-laksemesse","status":"publish","type":"post","link":"https:\/\/www.europesays.com\/no\/139117\/","title":{"rendered":"Snur ryggen til Aqua Nor. Etablerer ny laksemesse"},"content":{"rendered":"<p class=\"lead dn-text-entity lead\" role=\"paragraph\">Misn\u00f8ye med Aqua Nor-messen i Trondheim er s\u00e5 kraftig at det etableres en konkurrerende oppdrettsmesse p\u00e5 Lillestr\u00f8m. Den skal arrangeres kun to uker etter neste \u00e5rs laksefest i Trondheim.<\/p>\n<p>Hans J\u00f8rgen Runshaug (t.h) er en av initiativtakerne til en ny stor oppdrettsmesse p\u00e5 Lillestr\u00f8m. Her er han fotografert sammen med Frode V\u00e5gen p\u00e5 Austevoll<\/p>\n<p>Foto: Tomas Alf Larsen<\/p>\n","protected":false},"excerpt":{"rendered":"Misn\u00f8ye med Aqua Nor-messen i Trondheim er s\u00e5 kraftig at det etableres en konkurrerende oppdrettsmesse p\u00e5 Lillestr\u00f8m. Den&hellip;\n","protected":false},"author":2,"featured_media":139118,"comment_status":"","ping_status":"","sticky":false,"template":"","format":"standard","meta":{"footnotes":""},"categories":[5],"tags":[20,21,24,25,15,19,22,23,17,18,13,30,28,29,14,16,26,27],"class_list":{"0":"post-139117","1":"post","2":"type-post","3":"status-publish","4":"format-standard","5":"has-post-thumbnail","7":"category-overskrifter","8":"tag-breaking-news","9":"tag-breakingnews","10":"tag-featured-news","11":"tag-featurednews","12":"tag-headlines","13":"tag-hovedoppslag","14":"tag-latest-news","15":"tag-latestnews","16":"tag-main-news","17":"tag-mainnews","18":"tag-news","19":"tag-no","20":"tag-norge","21":"tag-norway","22":"tag-nyheter","23":"tag-overskrifter","24":"tag-top-stories","25":"tag-topstories"},"share_on_mastodon":{"url":"https:\/\/pubeurope.com\/@no\/115904682564357955","error":""},"_links":{"self":[{"href":"https:\/\/www.europesays.com\/no\/wp-json\/wp\/v2\/posts\/139117","targetHints":{"allow":["GET"]}}],"collection":[{"href":"https:\/\/www.europesays.com\/no\/wp-json\/wp\/v2\/posts"}],"about":[{"href":"https:\/\/www.europesays.com\/no\/wp-json\/wp\/v2\/types\/post"}],"author":[{"embeddable":true,"href":"https:\/\/www.europesays.com\/no\/wp-json\/wp\/v2\/users\/2"}],"replies":[{"embeddable":true,"href":"https:\/\/www.europesays.com\/no\/wp-json\/wp\/v2\/comments?post=139117"}],"version-history":[{"count":0,"href":"https:\/\/www.europesays.com\/no\/wp-json\/wp\/v2\/posts\/139117\/revisions"}],"wp:featuredmedia":[{"embeddable":true,"href":"https:\/\/www.europesays.com\/no\/wp-json\/wp\/v2\/media\/139118"}],"wp:attachment":[{"href":"https:\/\/www.europesays.com\/no\/wp-json\/wp\/v2\/media?parent=139117"}],"wp:term":[{"taxonomy":"category","embeddable":true,"href":"https:\/\/www.europesays.com\/no\/wp-json\/wp\/v2\/categories?post=139117"},{"taxonomy":"post_tag","embeddable":true,"href":"https:\/\/www.europesays.com\/no\/wp-json\/wp\/v2\/tags?post=139117"}],"curies":[{"name":"wp","href":"https:\/\/api.w.org\/{rel}","templated":true}]}}