{"id":139121,"date":"2026-01-16T12:09:07","date_gmt":"2026-01-16T12:09:07","guid":{"rendered":"https:\/\/www.europesays.com\/no\/139121\/"},"modified":"2026-01-16T12:09:07","modified_gmt":"2026-01-16T12:09:07","slug":"knivstikking-pa-kjopesenter-i-trondheim-nrk-trondelag-lokale-nyheter-tv-og-radio","status":"publish","type":"post","link":"https:\/\/www.europesays.com\/no\/139121\/","title":{"rendered":"Knivstikking p\u00e5 kj\u00f8pesenter i Trondheim \u2013 NRK Tr\u00f8ndelag \u2013 Lokale nyheter, TV og radio"},"content":{"rendered":"<p>\u2013 Det n\u00f8detatene har f\u00e5tt varsling om er at en person er stukket med kniv. Vi har tatt kontroll p\u00e5 denne pasienten og hjulpet han til sykehus.<\/p>\n<p>Like f\u00f8r klokken 13.00 sier innsatslederen til <a href=\"https:\/\/www.adressa.no\/nyheter\/trondheim\/i\/ArlWj3\/stor-utrykning-til-kjoepesenter-i-trondheim\" ec-id=\"https:\/\/www.adressa.no\/nyheter\/trondheim\/i\/ArlWj3\/stor-utrykning-til-kjoepesenter-i-trondheim\" ec-name=\"Adresseavisen\" rel=\"nofollow noopener\" target=\"_blank\">Adresseavisen <\/a>at ingen er p\u00e5grepet.<\/p>\n<p><strong>\u2013 Det n\u00f8detatene har f\u00e5tt varsling om er at en person er stukket med kniv. Vi har tatt kontroll p\u00e5 denne pasienten og hjulpet han til sykehus. <\/strong><\/p>\n<p>Det sier Peter Kvammvoll, som er innsatsleder i Tr\u00f8ndelag politidistrikt. Han opplyser at de har satt i gang etterforskning p\u00e5 stedet.<\/p>\n<p><img decoding=\"async\"   src=\"data:image\/gif;base64,R0lGODlhAQABAIAAAAAAAP\/\/\/yH5BAEAAAAALAAAAAABAAEAAAIBRAA7\" loading=\"eager\" alt=\"Bilde av politisperring med teksten &quot;POLITI&quot; og advarselsskilt i en innend\u00f8rs setting. Bakgrunnen viser glassd\u00f8rer og en korridor med kunstverk p\u00e5 veggene. Sperringen markerer et omr\u00e5de som ikke er tilgjengelig for allmennheten. Lysbelysningen er naturlig fra vinduet i bakgrunnen.\" title=\"Foto: Bjarte M. Johannesen \/ NRK\"\/><\/p>\n<p>Foto: Bjarte M. Johannesen \/ NRK<\/p>\n<p>En person i slutten av 20-\u00e5rene eller starten av 30-\u00e5rene er skadd.<\/p>\n<p>\u2013 Hva vet dere noe om gjerningsperson?<\/p>\n<p>\u2013 Det vet vi veldig lite om enda, s\u00e5 vi holder mange muligheter \u00e5pne.<\/p>\n<p>Den skadde er v\u00e5ken og bevisst, sier politiet. De har sperra av et omr\u00e5de for \u00e5 skaffe seg arbeidsro.<\/p>\n<p>\u2013 Hva gj\u00f8r politiet videre p\u00e5 stedet n\u00e5?<\/p>\n<p>\u2013 Vi g\u00e5r i avh\u00f8r med vitner og g\u00e5r gjennom senteret og ser om det er noe videooverv\u00e5kning som kan hjelpe oss.<\/p>\n<p>Publisert<\/p>\n<p>16.01.2026, kl. 12.42<\/p>\n<p>Oppdatert<\/p>\n<p>16.01.2026, kl. 13.07<\/p>\n","protected":false},"excerpt":{"rendered":"\u2013 Det n\u00f8detatene har f\u00e5tt varsling om er at en person er stukket med kniv. Vi har tatt&hellip;\n","protected":false},"author":2,"featured_media":139122,"comment_status":"","ping_status":"","sticky":false,"template":"","format":"standard","meta":{"footnotes":""},"categories":[10],"tags":[20,21,24,25,15,22,23,13,30,28,29,14,16,26,27],"class_list":{"0":"post-139121","1":"post","2":"type-post","3":"status-publish","4":"format-standard","5":"has-post-thumbnail","7":"category-norge","8":"tag-breaking-news","9":"tag-breakingnews","10":"tag-featured-news","11":"tag-featurednews","12":"tag-headlines","13":"tag-latest-news","14":"tag-latestnews","15":"tag-news","16":"tag-no","17":"tag-norge","18":"tag-norway","19":"tag-nyheter","20":"tag-overskrifter","21":"tag-top-stories","22":"tag-topstories"},"share_on_mastodon":{"url":"https:\/\/pubeurope.com\/@no\/115904706246368003","error":""},"_links":{"self":[{"href":"https:\/\/www.europesays.com\/no\/wp-json\/wp\/v2\/posts\/139121","targetHints":{"allow":["GET"]}}],"collection":[{"href":"https:\/\/www.europesays.com\/no\/wp-json\/wp\/v2\/posts"}],"about":[{"href":"https:\/\/www.europesays.com\/no\/wp-json\/wp\/v2\/types\/post"}],"author":[{"embeddable":true,"href":"https:\/\/www.europesays.com\/no\/wp-json\/wp\/v2\/users\/2"}],"replies":[{"embeddable":true,"href":"https:\/\/www.europesays.com\/no\/wp-json\/wp\/v2\/comments?post=139121"}],"version-history":[{"count":0,"href":"https:\/\/www.europesays.com\/no\/wp-json\/wp\/v2\/posts\/139121\/revisions"}],"wp:featuredmedia":[{"embeddable":true,"href":"https:\/\/www.europesays.com\/no\/wp-json\/wp\/v2\/media\/139122"}],"wp:attachment":[{"href":"https:\/\/www.europesays.com\/no\/wp-json\/wp\/v2\/media?parent=139121"}],"wp:term":[{"taxonomy":"category","embeddable":true,"href":"https:\/\/www.europesays.com\/no\/wp-json\/wp\/v2\/categories?post=139121"},{"taxonomy":"post_tag","embeddable":true,"href":"https:\/\/www.europesays.com\/no\/wp-json\/wp\/v2\/tags?post=139121"}],"curies":[{"name":"wp","href":"https:\/\/api.w.org\/{rel}","templated":true}]}}