{"id":139131,"date":"2026-01-16T12:20:20","date_gmt":"2026-01-16T12:20:20","guid":{"rendered":"https:\/\/www.europesays.com\/no\/139131\/"},"modified":"2026-01-16T12:20:20","modified_gmt":"2026-01-16T12:20:20","slug":"ski-lotta-udnes-weng-melder-forfall-man-foler-seg-som-et-null","status":"publish","type":"post","link":"https:\/\/www.europesays.com\/no\/139131\/","title":{"rendered":"Ski, Lotta Udnes Weng | Melder forfall: \u2013 Man f\u00f8ler seg som et null"},"content":{"rendered":"\n<p>Det bekrefter landslagstrener Sjur Ole Svarstad overfor NTB.<\/p>\n<p>\u2013 Hun har v\u00e6rt syk siden lille julaften. Hun hadde lyst til \u00e5 g\u00e5 en bra NM-sprint her, men det var som \u00e5 tro p\u00e5 julenissen, sier han.<\/p>\n<p>Lotta Weng ble sl\u00e5tt ut i kvartfinalen p\u00e5 onsdagens NM-sprint.<\/p>\n<p>\u2013 Hun kjenner at hun ikke er klar, s\u00e5 det var egentlig en enkel avgj\u00f8relse, sier Svarstad om Oberhof-forfallet.<\/p>\n<p>Ingrid Bergene Aabrekk og Ansgar Evensen dropper ogs\u00e5 Oberhof-rennene. Aabrekk f\u00f8ler seg sliten og trenger en treningspause, mens Evensen sliter med ryggen og trenger retitusjon f\u00f8r nye konkurranser.<\/p>\n<p>Ny sjanse<\/p>\n<p>Inn i den norske troppen til l\u00f8rdagens sprint i Tyskland kommer Maiken Min Midtskogen. 27-\u00e5ringen, som representerer Stor-Elvdal, fikk sin verdenscupdebut p\u00e5 sprinten i Trondheim f\u00f8r jul. <\/p>\n<p>Da r\u00f8k hun ut i prologen. N\u00e5 f\u00e5r hun sin f\u00f8rste sjanse p\u00e5 \u00f8verste niv\u00e5 i langrennssporten utenfor Norges grenser.<\/p>\n<p>Tiril Udnes Weng (Nes) og Even Solem Michelsen (By\u00e5sen) kommer inn i troppen for \u00e5 g\u00e5 sprint, Margrethe Bergane (Konnerud) for 10 kilometer.<\/p>\n<p>Lotta Weng har en tung sesong bak seg. I pressesonen onsdag kalte hun egen innsats katastrofal.<\/p>\n<p>\u2013 Den er jo det. Jeg vet jeg skal v\u00e6re med \u00e5 kjempe om seieren nasjonalt n\u00e5r (Kristine Stav\u00e5s) Skistad og (Mathilde) Myhrvold ikke er her. Da er det \u00e5pent. P\u00e5 en normal dag skal jeg v\u00e6re i finalen. S\u00e5 ryker jeg i kvartfinalen. Jeg kan faktisk ikke huske sist jeg var s\u00e5 d\u00e5rlig, sa Nes-l\u00f8peren til NTB.<\/p>\n<p>Brutalt liv<\/p>\n<p>29-\u00e5ringen erkjenner at de mange tilbakeslagene i vinter har v\u00e6rt vanskelige \u00e5 takle.<\/p>\n<p>\u2013 Det er t\u00f8ft. Toppidrett er brutalt, og det er dessverre flest nedturer for de aller fleste. Det jeg har kjent p\u00e5 i vinter, er at n\u00e5r man presterer d\u00e5rlig, har man det d\u00e5rlig som person ogs\u00e5. Man f\u00f8ler seg som et null, egentlig, sa Lotta Weng \u00e6rlig og la til:<\/p>\n<p>\u2013 Det er nesten flaut \u00e5 m\u00f8te folk.<\/p>\n<p>Det skal g\u00e5s sprint i Oberhof l\u00f8rdag. S\u00f8ndag er det verdenscuprenn over 10 kilometer i klassisk stil.<\/p>\n<p>(\u00a9NTB)<\/p>\n","protected":false},"excerpt":{"rendered":"Det bekrefter landslagstrener Sjur Ole Svarstad overfor NTB. \u2013 Hun har v\u00e6rt syk siden lille julaften. Hun hadde&hellip;\n","protected":false},"author":2,"featured_media":139132,"comment_status":"","ping_status":"","sticky":false,"template":"","format":"standard","meta":{"footnotes":""},"categories":[59],"tags":[36,9183,30,28,29,3650,83,82,1510],"class_list":{"0":"post-139131","1":"post","2":"type-post","3":"status-publish","4":"format-standard","5":"has-post-thumbnail","7":"category-sport","8":"tag-art","9":"tag-lotta-udnes-weng","10":"tag-no","11":"tag-norge","12":"tag-norway","13":"tag-ski","14":"tag-sport","15":"tag-sports","16":"tag-story"},"share_on_mastodon":{"url":"https:\/\/pubeurope.com\/@no\/115904749375611111","error":""},"_links":{"self":[{"href":"https:\/\/www.europesays.com\/no\/wp-json\/wp\/v2\/posts\/139131","targetHints":{"allow":["GET"]}}],"collection":[{"href":"https:\/\/www.europesays.com\/no\/wp-json\/wp\/v2\/posts"}],"about":[{"href":"https:\/\/www.europesays.com\/no\/wp-json\/wp\/v2\/types\/post"}],"author":[{"embeddable":true,"href":"https:\/\/www.europesays.com\/no\/wp-json\/wp\/v2\/users\/2"}],"replies":[{"embeddable":true,"href":"https:\/\/www.europesays.com\/no\/wp-json\/wp\/v2\/comments?post=139131"}],"version-history":[{"count":0,"href":"https:\/\/www.europesays.com\/no\/wp-json\/wp\/v2\/posts\/139131\/revisions"}],"wp:featuredmedia":[{"embeddable":true,"href":"https:\/\/www.europesays.com\/no\/wp-json\/wp\/v2\/media\/139132"}],"wp:attachment":[{"href":"https:\/\/www.europesays.com\/no\/wp-json\/wp\/v2\/media?parent=139131"}],"wp:term":[{"taxonomy":"category","embeddable":true,"href":"https:\/\/www.europesays.com\/no\/wp-json\/wp\/v2\/categories?post=139131"},{"taxonomy":"post_tag","embeddable":true,"href":"https:\/\/www.europesays.com\/no\/wp-json\/wp\/v2\/tags?post=139131"}],"curies":[{"name":"wp","href":"https:\/\/api.w.org\/{rel}","templated":true}]}}