{"id":139138,"date":"2026-01-16T12:33:07","date_gmt":"2026-01-16T12:33:07","guid":{"rendered":"https:\/\/www.europesays.com\/no\/139138\/"},"modified":"2026-01-16T12:33:07","modified_gmt":"2026-01-16T12:33:07","slug":"nyhetsvarsel-trafikkulykke-funnet-dod-person-i-veibanen-pa-e6-2","status":"publish","type":"post","link":"https:\/\/www.europesays.com\/no\/139138\/","title":{"rendered":"Nyhetsvarsel, Trafikkulykke | Funnet d\u00f8d person i veibanen p\u00e5 E6"},"content":{"rendered":"\n<p>Dette melder \u00d8st politidistrikt ved 11.30-tiden fredag. Hendelsen f\u00f8rer til trafikale problemer p\u00e5 E6 nord for Oslo.<\/p>\n<p>Hendelsen har skjedd i sydg\u00e5ende felt ved Skedsmokorset i Lillestr\u00f8m nord for Oslo.<\/p>\n<p>\u2013 N\u00f8detatene er p\u00e5 stedet. Bekrefter funn av d\u00f8d person i vegbanen. Vi vet forel\u00f8pig ikke hvem det er eller hva som har skjedd. E6 mellom Berger og Skedsmokorset i sydg\u00e5ende retning kommer til \u00e5 bli stengt en god stund fremover.<\/p>\n<p>Politiet opplyser at de fikk meldingen fra AMK.<\/p>\n<p>\u2013 Det er det eneste vi vet per n\u00e5. Vi fikk meldingen via AMK. Personen kan ikke ha oppholdt seg lenge p\u00e5 stedet, for da hadde vi nok f\u00e5tt meldinger om det, sier operasjonsleder H\u00e5kon Hatlen til <a href=\"https:\/\/www.rb.no\/pakjorsel-pa-e6\/s\/5-43-2655107\" rel=\"Follow nofollow noopener\" target=\"_blank\">Romerikes Blad<\/a>.<\/p>\n<p>Og han legger til:<\/p>\n<p>\u2013 Vi vet per n\u00e5 ikke noe om foranledning eller hvem det er.<\/p>\n<p>Hatlen opplyser at veien kan bli stengt i begge retninger p\u00e5 ubestemt tid.<\/p>\n<p>Det vil i s\u00e5 fall skape tr\u00f8bbel for bilistene som gleder seg til helg etter jobb, opplyser Vegtrafikksentralen.<\/p>\n<p>\u2013 Stenges begge kj\u00f8reretningene p\u00e5 E6 ved Skedsmokorset vil det bli ekstreme k\u00f8er, sier trafikkoperat\u00f8r Gunnar Dovland til <a href=\"https:\/\/www.rb.no\/politiet-vil-stenge-e6-i-begge-retninger-vil-bli-ekstreme-koer\/s\/5-43-2655118\" rel=\"Follow nofollow noopener\" target=\"_blank\">Romerikes Blad<\/a>.<\/p>\n","protected":false},"excerpt":{"rendered":"Dette melder \u00d8st politidistrikt ved 11.30-tiden fredag. Hendelsen f\u00f8rer til trafikale problemer p\u00e5 E6 nord for Oslo. Hendelsen&hellip;\n","protected":false},"author":2,"featured_media":139139,"comment_status":"","ping_status":"","sticky":false,"template":"","format":"standard","meta":{"footnotes":""},"categories":[10],"tags":[20,21,24,25,15,22,23,13,30,28,29,14,16,26,27],"class_list":{"0":"post-139138","1":"post","2":"type-post","3":"status-publish","4":"format-standard","5":"has-post-thumbnail","7":"category-norge","8":"tag-breaking-news","9":"tag-breakingnews","10":"tag-featured-news","11":"tag-featurednews","12":"tag-headlines","13":"tag-latest-news","14":"tag-latestnews","15":"tag-news","16":"tag-no","17":"tag-norge","18":"tag-norway","19":"tag-nyheter","20":"tag-overskrifter","21":"tag-top-stories","22":"tag-topstories"},"share_on_mastodon":{"url":"https:\/\/pubeurope.com\/@no\/115904800549650877","error":""},"_links":{"self":[{"href":"https:\/\/www.europesays.com\/no\/wp-json\/wp\/v2\/posts\/139138","targetHints":{"allow":["GET"]}}],"collection":[{"href":"https:\/\/www.europesays.com\/no\/wp-json\/wp\/v2\/posts"}],"about":[{"href":"https:\/\/www.europesays.com\/no\/wp-json\/wp\/v2\/types\/post"}],"author":[{"embeddable":true,"href":"https:\/\/www.europesays.com\/no\/wp-json\/wp\/v2\/users\/2"}],"replies":[{"embeddable":true,"href":"https:\/\/www.europesays.com\/no\/wp-json\/wp\/v2\/comments?post=139138"}],"version-history":[{"count":0,"href":"https:\/\/www.europesays.com\/no\/wp-json\/wp\/v2\/posts\/139138\/revisions"}],"wp:featuredmedia":[{"embeddable":true,"href":"https:\/\/www.europesays.com\/no\/wp-json\/wp\/v2\/media\/139139"}],"wp:attachment":[{"href":"https:\/\/www.europesays.com\/no\/wp-json\/wp\/v2\/media?parent=139138"}],"wp:term":[{"taxonomy":"category","embeddable":true,"href":"https:\/\/www.europesays.com\/no\/wp-json\/wp\/v2\/categories?post=139138"},{"taxonomy":"post_tag","embeddable":true,"href":"https:\/\/www.europesays.com\/no\/wp-json\/wp\/v2\/tags?post=139138"}],"curies":[{"name":"wp","href":"https:\/\/api.w.org\/{rel}","templated":true}]}}