{"id":139144,"date":"2026-01-16T12:40:13","date_gmt":"2026-01-16T12:40:13","guid":{"rendered":"https:\/\/www.europesays.com\/no\/139144\/"},"modified":"2026-01-16T12:40:13","modified_gmt":"2026-01-16T12:40:13","slug":"norske-myndigheter-undersoker-om-danske-soldater-skjot-mot-wideroe-fly","status":"publish","type":"post","link":"https:\/\/www.europesays.com\/no\/139144\/","title":{"rendered":"Norske myndigheter unders\u00f8ker om danske soldater skj\u00f8t mot Wider\u00f8e-fly"},"content":{"rendered":"<p class=\"extendedContent hyperion-css-eyn926\" data-test-tag=\"lead-text\">Usikkerhet om danske milit\u00e6re tok feil av passasjerfly og drone i fjor, melder danske Radio4.<\/p>\n<p><img decoding=\"async\" class=\"image-asset hyperion-css-u06ts1\" data-test-tag=\"image-asset\" src=\"https:\/\/www.europesays.com\/no\/wp-content\/uploads\/2026\/01\/4251beb8-a544-48cb-9414-b185503e0d18.jpeg\"  alt=\"Kan danske soldater ha trodd at dette var en drone? Det vil norske myndigheter finne ut av.\"  loading=\"eager\" fetchpriority=\"high\" style=\"aspect-ratio:2048 \/ 1305\"\/>Kan danske soldater ha trodd at dette var en drone? Det vil norske myndigheter finne ut av. Foto: Lise \u00c5serud \/ NTB<\/p>\n<p class=\"paywall hyperion-css-1j42uic\">I september i fjor kan danske soldater ha l\u00f8snet skudd mot et Wider\u00f8e-fly, fordi de trodde det var en drone. N\u00e5 har flyselskapet bedt norske myndigheter finne ut hva som faktisk skjedde, skriver <a aria-label=\"Radio4.\" class=\"breaking-short hyperion-css-1raymq9\" href=\"https:\/\/radio4.dk\/nyheder\/norsk-flyselskab-soeger-svar-om-dansk-dronehaendelse-EZ91nCCi65qf1P2RwR8b?utm_source=sdrn:vg:article:bOndad\" target=\"_blank\" rel=\"noopener nofollow noreferrer\" data-test-tag=\"external-link\">Radio4.<\/a><\/p>\n<p class=\"paywall hyperion-css-1j42uic\">Radio4 har f\u00e5tt tak i et brev sendt fra Luftfartstilsynet, der de ber om svar fra den danske Trafikstyrelsen.<\/p>\n<p class=\"paywall hyperion-css-1j42uic\">\u2013 Vi har mottatt en anmodning fra Wider\u00f8e flyselskap her i Norge om tilbakemelding om en mulig hendelse den 28. september 2025 i dansk luftrom, heter det i meldingen.<\/p>\n<p class=\"paywall hyperion-css-1j42uic\">Trafikstyrelsen opplyser kanalen at de ikke er kjent med hendelsen.<\/p>\n<p class=\"paywall hyperion-css-1j42uic\">If\u00f8lge Radio4 skal et norsk passasjerfly ha befunnet seg i luften over en dansk milit\u00e6rleir p\u00e5 det aktuelle tidspunktet. Det danske forsvaret skal ha registert en \u00abspesiell dronehendelse\u00bb over leiren i det samme tidsrommet. Wider\u00f8e skal selv ikke ha noen indikasjoner p\u00e5 at flyet deres ble beskutt.<\/p>\n<p class=\"paywall hyperion-css-1j42uic\">\u2013 Det var en helt normal flygning, og dette er en ubekreftet hendelse vi har blitt kjent med gjennom danske medier, sier Wider\u00f8es kommunikasjonssjef Catharina Solli til\u00a0<a aria-label=\"Bergens Tidende\" class=\"breaking-short hyperion-css-1raymq9\" href=\"https:\/\/www.bt.no\/hendelser\/i\/XM8n2n\/dansk-radiokanal-undersoeker-om-dansk-soldat-fyrte-av-skot-mot-wideroee-fly\" target=\"_blank\" rel=\"noopener nofollow noreferrer\" data-test-tag=\"external-link\">Bergens Tidende<\/a>.<\/p>\n","protected":false},"excerpt":{"rendered":"Usikkerhet om danske milit\u00e6re tok feil av passasjerfly og drone i fjor, melder danske Radio4. Kan danske soldater&hellip;\n","protected":false},"author":2,"featured_media":139145,"comment_status":"","ping_status":"","sticky":false,"template":"","format":"standard","meta":{"footnotes":""},"categories":[10],"tags":[20,21,24,25,15,22,23,13,30,28,29,14,16,26,27],"class_list":{"0":"post-139144","1":"post","2":"type-post","3":"status-publish","4":"format-standard","5":"has-post-thumbnail","7":"category-norge","8":"tag-breaking-news","9":"tag-breakingnews","10":"tag-featured-news","11":"tag-featurednews","12":"tag-headlines","13":"tag-latest-news","14":"tag-latestnews","15":"tag-news","16":"tag-no","17":"tag-norge","18":"tag-norway","19":"tag-nyheter","20":"tag-overskrifter","21":"tag-top-stories","22":"tag-topstories"},"share_on_mastodon":{"url":"https:\/\/pubeurope.com\/@no\/115904828043869236","error":""},"_links":{"self":[{"href":"https:\/\/www.europesays.com\/no\/wp-json\/wp\/v2\/posts\/139144","targetHints":{"allow":["GET"]}}],"collection":[{"href":"https:\/\/www.europesays.com\/no\/wp-json\/wp\/v2\/posts"}],"about":[{"href":"https:\/\/www.europesays.com\/no\/wp-json\/wp\/v2\/types\/post"}],"author":[{"embeddable":true,"href":"https:\/\/www.europesays.com\/no\/wp-json\/wp\/v2\/users\/2"}],"replies":[{"embeddable":true,"href":"https:\/\/www.europesays.com\/no\/wp-json\/wp\/v2\/comments?post=139144"}],"version-history":[{"count":0,"href":"https:\/\/www.europesays.com\/no\/wp-json\/wp\/v2\/posts\/139144\/revisions"}],"wp:featuredmedia":[{"embeddable":true,"href":"https:\/\/www.europesays.com\/no\/wp-json\/wp\/v2\/media\/139145"}],"wp:attachment":[{"href":"https:\/\/www.europesays.com\/no\/wp-json\/wp\/v2\/media?parent=139144"}],"wp:term":[{"taxonomy":"category","embeddable":true,"href":"https:\/\/www.europesays.com\/no\/wp-json\/wp\/v2\/categories?post=139144"},{"taxonomy":"post_tag","embeddable":true,"href":"https:\/\/www.europesays.com\/no\/wp-json\/wp\/v2\/tags?post=139144"}],"curies":[{"name":"wp","href":"https:\/\/api.w.org\/{rel}","templated":true}]}}