{"id":139146,"date":"2026-01-16T12:43:10","date_gmt":"2026-01-16T12:43:10","guid":{"rendered":"https:\/\/www.europesays.com\/no\/139146\/"},"modified":"2026-01-16T12:43:10","modified_gmt":"2026-01-16T12:43:10","slug":"nora-haukland-roper-detaljer-om-bruddet","status":"publish","type":"post","link":"https:\/\/www.europesays.com\/no\/139146\/","title":{"rendered":"Nora Haukland r\u00f8per detaljer om bruddet:"},"content":{"rendered":"<p class=\"kicker \" style=\"\">Nora Haukland:\u00a0<\/p>\n<p>    Influenseren deler detaljer om bruddet med kj\u00e6resten.<\/p>\n<p>\n    SVARER: Nora Haukland deler ny oppdatering etter bruddet. Foto: Andreas Fadum\/Se og H\u00f8r\n  <\/p>\n<p>I starten av januar ble det kjent at\u00a0<a href=\"https:\/\/www.seher.no\/kjendis\/roper-brudd\/83683952\" rel=\"nofollow noopener\" target=\"_blank\">Nora Haukland (29) og kj\u00e6resten Johannes Bjelland (30)<\/a>\u00a0 har g\u00e5tt hver til sitt,\u00a0etter \u00e5 ha v\u00e6rt et par siden 2024. <\/p>\n<p>    <a itemprop=\"url\" href=\"https:\/\/www.seher.no\/kjendis\/roper-brudd\/83683952\" rel=\"nofollow noopener\" target=\"_blank\"><\/p>\n<p>        <img loading=\"lazy\" decoding=\"async\" src=\"https:\/\/www.europesays.com\/no\/wp-content\/uploads\/2026\/01\/1768567388_879_83684030.webp.webp\" width=\"147\" height=\"98\" title=\"R\u00f8per brudd\" alt=\"\" class=\"lazyload\" style=\"--aspect-ratio-image: 1.50; \"\/><\/p>\n<p>        R\u00f8per brudd<\/p>\n<p>    <\/a><\/p>\n<p> \u00abSelv om jeg g\u00e5r ut av 2025 singel, s\u00e5 f\u00f8les det riktig. Har v\u00e6rt redd for \u00e5 si at jeg er singel fordi det p\u00e5 en m\u00e5te f\u00f8ltes som en \u00abfailure\u00bb, men det er det ikke. \u00c5ret har v\u00e6rt s\u00e5 definerbart og riktig for meg, derav det fineste \u00e5ret i mitt liv\u2026\u2764\ufe0f\u00bb, delte hun p\u00e5 Instagram.\u00a0<\/p>\n<p>        SENTRALEN, OSLO: Det var duket til r\u00f8d l\u00f8per p\u00e5 Sentralen i Oslo i forbindelse med TV 2s lansering av v\u00e5rprogrammet for 2026. Influenser Nora Haukland dukket opp p\u00e5 krykker. Video: Nora Skavhaug\/R\u00f8d L\u00f8per. Reporter: Thea Hope\/R\u00f8d L\u00f8per<\/p>\n<p>I sosiale medier deler \u00abGirls of Oslo\u00bb-profilen stadig om livets opp- og nedturer. N\u00e5 deler influenseren\u00a0en \u00e5penhjertig oppdatering om bruddet p\u00e5 Snapchat.\u00a0<\/p>\n<p>\u00abNoen ganger finner man ut at man vil forskjellige ting i livet. Er ikke alltid s\u00e5 dypt\u00bb, skriver Haukland.\u00a0<\/p>\n<p>        <img loading=\"lazy\" decoding=\"async\" src=\"https:\/\/www.europesays.com\/no\/wp-content\/uploads\/2026\/01\/84106686.webp.webp\" width=\"667\" height=\"1161\" title=\"Foto: Skjermdump Snapchat\" alt=\"\" class=\"\" style=\"--aspect-ratio-image: 0.57; \"\/><\/p>\n<p>\n        Foto: Skjermdump Snapchat\n    <\/p>\n<p>Videre forteller hun at ingenting dramatisk har skjedd mellom dem:\u00a0<\/p>\n<p>\u00abVi har kontakt og jeg \u00f8nsker han bare godt! Alltid kj\u00e6rlighet for han\u00bb.\u00a0<\/p>\n<p class=\"italic m-italic\" data-lab-italic=\"italic\">Nora Haukland har forel\u00f8pig ikke besvart Se og H\u00f8rs henvendelse.\u00a0<\/p>\n<p>Haukland og Bjelland ble som nevnt et par i 2024, og kort tid etter ble det kjent at duoen hadde blitt samboere. 29-\u00e5ringen flyttet blant annet hjem til Bjellands foreldre p\u00e5 grunn av leilighetsoppussing.<\/p>\n<p> &#8211; Vi gleder oss veldig til \u00e5 flytte sammen. Det har blitt litt utsettelser. I mellomtiden bor vi litt her og der &#8211; og hos svigermor, sa hun til\u00a0<a href=\"https:\/\/www.seher.no\/kjendis\/flytter-inn-hos-svigermor\/83119390\" rel=\"nofollow noopener\" target=\"_blank\">Se og H\u00f8r<\/a>\u00a0den gang.\u00a0<\/p>\n<p>        BRYTER: Det blir en t\u00f8ff start for Danby Choi og Nora Haukland i \u00ab71 grader nord &#8211; Team\u00bb n\u00e5r produksjonen m\u00e5 bryte inn. Reporter: Sofie Losen. Video: Thea Hope\/ R\u00f8d L\u00f8per<\/p>\n<p>Etter planen skulle hun egentlig kj\u00f8pe seg inn i Bjellands leilighet p\u00e5 Ris i Oslo, men endte til slutt opp med \u00e5 snu &#8211; og kj\u00f8pe sin egen leilighet i stedet.\u00a0<\/p>\n<p>    <a itemprop=\"url\" href=\"https:\/\/www.seher.no\/kjendis\/har-vaert-nervos\/83973216\" rel=\"nofollow noopener\" target=\"_blank\"><\/p>\n<p>        <img loading=\"lazy\" decoding=\"async\" src=\"https:\/\/www.europesays.com\/no\/wp-content\/uploads\/2026\/01\/83925945.webp.webp\" width=\"980\" height=\"441\" title=\"- Har v\u00e6rt nerv\u00f8s\" alt=\"\" class=\"lazyload\" style=\"--aspect-ratio-image: 2.22; \"\/><\/p>\n<p>        &#8211; Har v\u00e6rt nerv\u00f8s<\/p>\n<p>    <\/a><\/p>\n<p>I oktober i fjor r\u00f8pte hun at hun<a href=\"https:\/\/www.seher.no\/kjendis\/flyttet-for-meg-selv\/83774671\" rel=\"nofollow noopener\" target=\"_blank\">\u00a0har flytter for seg selv. <\/a>\u00a0Samtidig svarte hun kryptisk p\u00e5 sp\u00f8rsm\u00e5l om hvordan det gikk p\u00e5\u00a0 p\u00e5 kj\u00e6rlighetsfronten.\u00a0<\/p>\n<p>&#8211; Jeg har ikke noe svar, sa hun p\u00e5 Snapchat, og la til:\u00a0<\/p>\n<p> &#8211; Jeg har flyttet for meg selv, som dere har sett og stilt sp\u00f8rsm\u00e5l om. S\u00e5nn som det er for meg n\u00e5, s\u00e5 kjenner jeg at det har v\u00e6rt litt godt \u00e5 v\u00e6re alene. Jeg har ikke helt svaret p\u00e5 hva som skjer, men jeg har trengt \u00e5 v\u00e6re litt for meg selv. <\/p>\n","protected":false},"excerpt":{"rendered":"Nora Haukland:\u00a0 Influenseren deler detaljer om bruddet med kj\u00e6resten. SVARER: Nora Haukland deler ny oppdatering etter bruddet. Foto:&hellip;\n","protected":false},"author":2,"featured_media":139147,"comment_status":"","ping_status":"","sticky":false,"template":"","format":"standard","meta":{"footnotes":""},"categories":[58],"tags":[4085,71,479,2543,30,831,28,29,72],"class_list":{"0":"post-139146","1":"post","2":"type-post","3":"status-publish","4":"format-standard","5":"has-post-thumbnail","7":"category-underholdning","8":"tag-brudd","9":"tag-entertainment","10":"tag-kjendis","11":"tag-kjendisdesken","12":"tag-no","13":"tag-nora-haukland","14":"tag-norge","15":"tag-norway","16":"tag-underholdning"},"share_on_mastodon":{"url":"https:\/\/pubeurope.com\/@no\/115904839888884575","error":""},"_links":{"self":[{"href":"https:\/\/www.europesays.com\/no\/wp-json\/wp\/v2\/posts\/139146","targetHints":{"allow":["GET"]}}],"collection":[{"href":"https:\/\/www.europesays.com\/no\/wp-json\/wp\/v2\/posts"}],"about":[{"href":"https:\/\/www.europesays.com\/no\/wp-json\/wp\/v2\/types\/post"}],"author":[{"embeddable":true,"href":"https:\/\/www.europesays.com\/no\/wp-json\/wp\/v2\/users\/2"}],"replies":[{"embeddable":true,"href":"https:\/\/www.europesays.com\/no\/wp-json\/wp\/v2\/comments?post=139146"}],"version-history":[{"count":0,"href":"https:\/\/www.europesays.com\/no\/wp-json\/wp\/v2\/posts\/139146\/revisions"}],"wp:featuredmedia":[{"embeddable":true,"href":"https:\/\/www.europesays.com\/no\/wp-json\/wp\/v2\/media\/139147"}],"wp:attachment":[{"href":"https:\/\/www.europesays.com\/no\/wp-json\/wp\/v2\/media?parent=139146"}],"wp:term":[{"taxonomy":"category","embeddable":true,"href":"https:\/\/www.europesays.com\/no\/wp-json\/wp\/v2\/categories?post=139146"},{"taxonomy":"post_tag","embeddable":true,"href":"https:\/\/www.europesays.com\/no\/wp-json\/wp\/v2\/tags?post=139146"}],"curies":[{"name":"wp","href":"https:\/\/api.w.org\/{rel}","templated":true}]}}