{"id":13915,"date":"2025-08-21T07:14:07","date_gmt":"2025-08-21T07:14:07","guid":{"rendered":"https:\/\/www.europesays.com\/no\/13915\/"},"modified":"2025-08-21T07:14:07","modified_gmt":"2025-08-21T07:14:07","slug":"underholdning-tv2-dukker-opp-i-ny-reality-serie-sammen-med-faren-telemarksavisa","status":"publish","type":"post","link":"https:\/\/www.europesays.com\/no\/13915\/","title":{"rendered":"Underholdning, TV2 | Dukker opp i ny reality-serie sammen med faren &#8211; Telemarksavisa"},"content":{"rendered":"<ol>\n<li><a href=\"https:\/\/news.google.com\/rss\/articles\/CBMihgFBVV95cUxPUWJ4ZF9LTnhFSjVLQ0dzTldKdkhvRVdjdVZUb3B1NjYxRE5JYTZwOW5Lbmc4ZFlDX1JYd05TakV3RVVYMzBmMW14dnJGNlBLalBKZEV2TGV5ZnUwMVRsajkxT1JObExjR1ZadWRXR3hZNHc0QzdsN2VvY3EyTklFUEdjdklDUQ?oc=5\" target=\"_blank\" rel=\"nofollow noopener\">Underholdning, TV2 | Dukker opp i ny reality-serie sammen med faren<\/a>&nbsp;&nbsp;Telemarksavisa<\/li>\n<li><a href=\"https:\/\/news.google.com\/rss\/articles\/CBMihAFBVV95cUxOWGVmMXBoZy1hSjRjcGZPRnowRFNvbXNxZENja2RFZzZ3eW94Z3dneTlQVXJ0ZmgtaWF0RE5SLWlSWjR3bzJrWUxnUzdnTTh3QTRJZjVlLWFScWRGVFhhdEZzQWV0ZFd4ZnV0WGlsSGVRR1lqMGJLM1NSUFhOZW85R3UzMkE?oc=5\" target=\"_blank\" rel=\"nofollow noopener\">Ny reality: Disse skal v\u00e6re med i \u00abHotellet\u00bb<\/a>&nbsp;&nbsp;VG<\/li>\n<li><a href=\"https:\/\/news.google.com\/rss\/articles\/CBMipwFBVV95cUxOeV9sU1NtcHZkYWtuWVk5emhRX1JCcDdYOFY3WkdOMnZGRG1Ma04tSzE0aTZUMnFjWEppTVVoMXVaeThBTWs3aTNQbkhzU2xmSE5OXzlqTEVIZHBnSDgyRmE1aHZLR2U5YThMRGJHWG92eXNzeVJNdXIwSjgzWkYwOFBQb29neVBEUGUxaVVpS2lQRWRrQmNjaFF1VVAtRnF6TGFJbmRRNA?oc=5\" target=\"_blank\" rel=\"nofollow noopener\">(+) Menn styrer showet p\u00e5 TV 2 i h\u00f8st: &#8211; Tilfeldig, sier programdirekt\u00f8r<\/a>&nbsp;&nbsp;kampanje.com<\/li>\n<li><a href=\"https:\/\/news.google.com\/rss\/articles\/CBMiakFVX3lxTE1TVkY3M3NHSGw2cmNrZnlXM1NUVFJsYWtGSmhPS1RkbEhkV1h3Smg2MnVTaENYZlplS0JZV3ZUc1c5UUlxSHlsLVFSWkk4VEtwSmQ2S2UyZEMtOVhxNER6Q0hGQkU5cUZhRGc?oc=5\" target=\"_blank\" rel=\"nofollow noopener\">Avsl\u00f8rer: Gir seg<\/a>&nbsp;&nbsp;Dagbladet<\/li>\n<li><a href=\"https:\/\/news.google.com\/rss\/articles\/CBMifEFVX3lxTFB1aE1MSFQtazZPSUJNQlJhU0hzemdQMFk0RVlWb1B0Z0ktdFJHUTBEcHdnbllONXNQS0tDYS1QY2MtbVFjUEVyYWZWbnc0VzRtSnZhcUx4YU9lY1dvcUNUelJuRWFZaG5IX2ZidzZ4ck9aVk1hWl9TNV9zUGg?oc=5\" target=\"_blank\" rel=\"nofollow noopener\">Stjernene str\u00f8mmer til etterfesten<\/a>&nbsp;&nbsp;seher.no<\/li>\n<\/ol>\n","protected":false},"excerpt":{"rendered":"Underholdning, TV2 | Dukker opp i ny reality-serie sammen med faren&nbsp;&nbsp;Telemarksavisa Ny reality: Disse skal v\u00e6re med i&hellip;\n","protected":false},"author":2,"featured_media":13916,"comment_status":"","ping_status":"","sticky":false,"template":"","format":"standard","meta":{"footnotes":""},"categories":[58],"tags":[36,71,30,28,29,2550,1510,1130,72],"class_list":{"0":"post-13915","1":"post","2":"type-post","3":"status-publish","4":"format-standard","5":"has-post-thumbnail","7":"category-underholdning","8":"tag-art","9":"tag-entertainment","10":"tag-no","11":"tag-norge","12":"tag-norway","13":"tag-oskar-westerlin","14":"tag-story","15":"tag-tv2","16":"tag-underholdning"},"share_on_mastodon":{"url":"","error":""},"_links":{"self":[{"href":"https:\/\/www.europesays.com\/no\/wp-json\/wp\/v2\/posts\/13915","targetHints":{"allow":["GET"]}}],"collection":[{"href":"https:\/\/www.europesays.com\/no\/wp-json\/wp\/v2\/posts"}],"about":[{"href":"https:\/\/www.europesays.com\/no\/wp-json\/wp\/v2\/types\/post"}],"author":[{"embeddable":true,"href":"https:\/\/www.europesays.com\/no\/wp-json\/wp\/v2\/users\/2"}],"replies":[{"embeddable":true,"href":"https:\/\/www.europesays.com\/no\/wp-json\/wp\/v2\/comments?post=13915"}],"version-history":[{"count":0,"href":"https:\/\/www.europesays.com\/no\/wp-json\/wp\/v2\/posts\/13915\/revisions"}],"wp:featuredmedia":[{"embeddable":true,"href":"https:\/\/www.europesays.com\/no\/wp-json\/wp\/v2\/media\/13916"}],"wp:attachment":[{"href":"https:\/\/www.europesays.com\/no\/wp-json\/wp\/v2\/media?parent=13915"}],"wp:term":[{"taxonomy":"category","embeddable":true,"href":"https:\/\/www.europesays.com\/no\/wp-json\/wp\/v2\/categories?post=13915"},{"taxonomy":"post_tag","embeddable":true,"href":"https:\/\/www.europesays.com\/no\/wp-json\/wp\/v2\/tags?post=13915"}],"curies":[{"name":"wp","href":"https:\/\/api.w.org\/{rel}","templated":true}]}}