{"id":139157,"date":"2026-01-16T12:58:11","date_gmt":"2026-01-16T12:58:11","guid":{"rendered":"https:\/\/www.europesays.com\/no\/139157\/"},"modified":"2026-01-16T12:58:11","modified_gmt":"2026-01-16T12:58:11","slug":"julio-iglesias-etterforskes-for-seksuelle-overgrep","status":"publish","type":"post","link":"https:\/\/www.europesays.com\/no\/139157\/","title":{"rendered":"Julio Iglesias etterforskes for seksuelle overgrep"},"content":{"rendered":"\n<p class=\"_lead_o9xde_2 _lead_xtcu6_50 layout-component text-serif-m layout-normal text-serif-l layout-component layout-wide layout-padded _wide_17hqh_1 layout-padded\">Spanske p\u00e5talemyndigheter etterforsker artisten Julio Iglesias etter at to tidligere ansatte har anklaget ham for seksuelle overgrep. <\/p>\n<p><img alt=\"F\u00f8r musikkarrieren tok av, var Julio Iglesias fotballkeeper og spilte for juniorlaget til Real Madrid p\u00e5 1960-tallet. Idrettsdr\u00f8mmen ble imidlertid knust da han som 20-\u00e5ring ble utsatt for en alvorlig bilulykke som lammet beina i en lengre periode. Foto: RONALDO SCHEMIDT \/ AFP \/ NTB\" class=\"_image_qp4xg_65 layout-component layout-wide\" data-fullscreen- data-track-element-type=\"Article image fullscreen\" data-track-name=\"ImageFullscreen\" fetchpriority=\"high\" decoding=\"sync\" loading=\"eager\" height=\"2817\" itemprop=\"image\"  src=\"https:\/\/www.europesays.com\/no\/wp-content\/uploads\/2026\/01\/6e05b86b-e7a7-4cb9-8298-9b1dc7c83607.png\"  style=\"object-position:0% 0%\" width=\"4044\"\/>F\u00f8r musikkarrieren tok av, var Julio Iglesias fotballkeeper og spilte for juniorlaget til Real Madrid p\u00e5 1960-tallet. Idrettsdr\u00f8mmen ble imidlertid knust da han som 20-\u00e5ring ble utsatt for en alvorlig bilulykke som lammet beina i en lengre periode. Foto: RONALDO SCHEMIDT \/ AFP \/ NTB<\/p>\n<ul aria-hidden=\"true\" class=\"_images_ntbth_112\">\n<li><a class=\"_link_ntbth_117\" href=\"https:\/\/www.vg.no\/forfatter\/ingrid-storeboe\" style=\"z-index:1\" title=\"Ingrid Storeb\u00f8\" rel=\"nofollow noopener\" target=\"_blank\"><img alt=\"Bilde av Ingrid Storeb\u00f8\" class=\"_image_ntbth_93\" fetchpriority=\"low\" loading=\"lazy\" decoding=\"async\" itemprop=\"image\"  src=\"https:\/\/www.europesays.com\/no\/wp-content\/uploads\/2026\/01\/1768568288_208_b3fc896d-536d-4041-8257-79b6b2cd3323.jpeg\"  width=\"480\"\/><\/a><\/li>\n<\/ul>\n<p> Oppdatert fredag 16. januar kl. 13:31    <\/p>\n<ul class=\"_list_o9xde_3 _list_64s2r_85 _unordered_o9xde_106 text-sans-m\">\n<li class=\"_item_o9xde_30\">Julio Iglesias etterforskes av spanske p\u00e5talemyndigheter for seksuelle overgrep.<\/li>\n<li class=\"_item_o9xde_30\">To tidligere ansatte hevder de ble utsatt for grove overgrep i 2021.<\/li>\n<li class=\"_item_o9xde_30\">Unders\u00f8kelser inneholder vitnem\u00e5l om et arbeidsmilj\u00f8 preget av trakassering og overgrep.<\/li>\n<li class=\"_item_o9xde_30\">Iglesias har ikke kommentert saken offentlig.<\/li>\n<\/ul>\n<p>Vis mer <\/p>\n<p class=\"_paragraph_o9xde_4 _paragraph_xtcu6_10 layout-component text-serif-m layout-normal text-serif-m layout-padded\">Julio Iglesias (82), sm\u00f8rsanger og tidligere fotballkeeper, er en av verdens mest suksessrike artister gjennom tidene, med over 300 millioner solgte plater.<\/p>\n<p class=\"_paragraph_o9xde_4 _paragraph_xtcu6_10 layout-component text-serif-m layout-normal text-serif-m layout-padded\">N\u00e5 etterforskes han for overgrep if\u00f8lge <a href=\"https:\/\/www.nytimes.com\/2026\/01\/13\/world\/europe\/julio-iglesias-accused-sexual-assault.html\" class=\"_link_o9xde_39\" rel=\"nofollow noopener\" target=\"_blank\">The New York Times<\/a>.<\/p>\n<p class=\"_paragraph_o9xde_4 _paragraph_xtcu6_10 layout-component text-serif-m layout-normal text-serif-m layout-padded\">Spanske myndigheter etterforsker p\u00e5stander knyttet til hendelser som skal ha skjedd i Den dominikanske republikk og p\u00e5 <a href=\"https:\/\/www.vg.no\/tag\/bahamas?utm_source=vg-article&amp;utm_medium=auto-tagger&amp;utm_campaign=gkWKJL\" class=\"_link_o9xde_39\" rel=\"nofollow noopener\" target=\"_blank\">Bahamas<\/a> i perioden januar til oktober 2021.<\/p>\n<p><img alt=\"Inngangen til boligkomplekset der den spanske sangeren Julio Iglesias\u2019 villa ligger i Punta Cana, Den dominikanske republikk, 14. januar 2026.   Foto: ORLANDO BARRIA \/ EPA \/ NTB\" class=\"_image_qp4xg_65 layout-component layout-normal\" data-fullscreen- data-track-element-type=\"Article image fullscreen\" data-track-name=\"ImageFullscreen\" decoding=\"async\" loading=\"lazy\" height=\"3159\" itemprop=\"image\"  src=\"https:\/\/www.europesays.com\/no\/wp-content\/uploads\/2026\/01\/1b7f1389-6ce4-4404-94cc-d65d40f452d0.png\"  style=\"object-position:0% 0%\" width=\"4873\"\/>Inngangen til boligkomplekset der den spanske sangeren Julio Iglesias\u2019 villa ligger i Punta Cana, Den dominikanske republikk, 14. januar 2026.   Foto: ORLANDO BARRIA \/ EPA \/ NTB<\/p>\n<p class=\"_paragraph_o9xde_4 _paragraph_xtcu6_10 layout-component text-serif-m layout-normal text-serif-m layout-padded\">Et av Iglesias st\u00f8rste internasjonale gjennombrudd kom i 1984 med duetten \u00abTo All the Girls I\u2019ve Loved Before\u00bb, som han fremf\u00f8rte sammen med den amerikanske countryartisten Willie Nelson.<\/p>\n<p><img alt=\"Willie Nelson var \u00e5 se p\u00e5 scenen p\u00e5 Farm Aid 30 i Chicago 19. september 2015.   Foto: Rob Grabowski \/ AP \/ NTB\" class=\"_image_qp4xg_65 layout-component layout-normal\" data-fullscreen- data-track-element-type=\"Article image fullscreen\" data-track-name=\"ImageFullscreen\" decoding=\"async\" loading=\"lazy\" height=\"1926\" itemprop=\"image\"  src=\"https:\/\/www.europesays.com\/no\/wp-content\/uploads\/2026\/01\/00412e36-9064-415c-8b46-51e3a36cf4e5.jpeg\"  style=\"object-position:0% 0%\" width=\"2894\"\/>Willie Nelson var \u00e5 se p\u00e5 scenen p\u00e5 Farm Aid 30 i Chicago 19. september 2015.   Foto: Rob Grabowski \/ AP \/ NTB<\/p>\n<p class=\"_paragraph_o9xde_4 _paragraph_xtcu6_10 layout-component text-serif-m layout-normal text-serif-m layout-padded\">De formelle anklagene mot Julio Iglesias ble levert til spanske p\u00e5talemyndigheter 5. januar 2026.<\/p>\n<p class=\"_paragraph_o9xde_4 _paragraph_xtcu6_10 layout-component text-serif-m layout-normal text-serif-m layout-padded\"><strong class=\"_strong_o9xde_25\">Flere utenlandske medier, skriver n\u00e5 at to kvinner som jobbet for Iglesias\u2019 private hjem som henholdsvis hushjelp og fysioterapeut, hevder at de skal ha blitt utsatt for grove overgrep.<\/strong><\/p>\n<p class=\"_paragraph_o9xde_4 _paragraph_xtcu6_10 layout-component text-serif-m layout-normal text-serif-m layout-padded\">Spaniens riksadvokater opplyser at de vil avh\u00f8re kvinnene som har anklaget sangeren for seksuell trakassering og overgrep.<\/p>\n<p><img alt=\"Folk passerer et veggmaleri som avbilder artistene Julio Iglesias, Johnny Ventura og Juan Luis Guerra i Punta Cana, Den dominikanske republikk, 14. januar 2026.   Foto: ORLANDO BARRIA \/ EPA \/ NTB\" class=\"_image_qp4xg_65 layout-component layout-normal\" data-fullscreen- data-track-element-type=\"Article image fullscreen\" data-track-name=\"ImageFullscreen\" decoding=\"async\" loading=\"lazy\" height=\"3527\" itemprop=\"image\"  src=\"https:\/\/www.europesays.com\/no\/wp-content\/uploads\/2026\/01\/e6b02550-63f2-4c2b-ad8a-95872c1bcf33.jpeg\"  style=\"object-position:0% 0%\" width=\"5290\"\/>Folk passerer et veggmaleri som avbilder artistene Julio Iglesias, Johnny Ventura og Juan Luis Guerra i Punta Cana, Den dominikanske republikk, 14. januar 2026.   Foto: ORLANDO BARRIA \/ EPA \/ NTB<\/p>\n<p class=\"_paragraph_o9xde_4 _paragraph_xtcu6_10 layout-component text-serif-m layout-normal text-serif-m layout-padded\">Dersom saken g\u00e5r videre, kan den bli behandlet av den nasjonale domstolen i Madrid, som har myndighet til \u00e5 h\u00e5ndtere alvorlige forbrytelser beg\u00e5tt utenlands \u2013 n\u00e5r de involverer spanske statsborgere.<\/p>\n<p class=\"_paragraph_o9xde_4 _paragraph_xtcu6_10 layout-component text-serif-m layout-normal text-serif-m layout-padded\">Den spanske nettavisen elDiario.es og den spanskspr\u00e5klige TV-kanalen Univision Noticias<strong class=\"_strong_o9xde_25\"> <\/strong>publiserte resultatene fra en omfattende, tre \u00e5r lang gransking.<\/p>\n<p><img alt=\"Iglesias markerte 50 \u00e5r som artist i 2018.   Foto: SERGEI CHIRIKOV \/ EPA \/ NTB\" class=\"_image_qp4xg_65 layout-component layout-normal\" data-fullscreen- data-track-element-type=\"Article image fullscreen\" data-track-name=\"ImageFullscreen\" decoding=\"async\" loading=\"lazy\" height=\"3288\" itemprop=\"image\"  src=\"https:\/\/www.europesays.com\/no\/wp-content\/uploads\/2026\/01\/707c4069-4c6d-499a-bf3c-a04efcd8fa89.png\"  style=\"object-position:0% 0%\" width=\"4512\"\/>Iglesias markerte 50 \u00e5r som artist i 2018.   Foto: SERGEI CHIRIKOV \/ EPA \/ NTB<\/p>\n<p class=\"_paragraph_o9xde_4 _paragraph_xtcu6_10 layout-component text-serif-m layout-normal text-serif-m layout-padded\">Unders\u00f8kelsen inneholder anklager om seksuell trakassering og overgrep, basert p\u00e5 anonyme vitnem\u00e5l fra tidligere ansatte.<\/p>\n<p class=\"_paragraph_o9xde_4 _paragraph_xtcu6_10 layout-component text-serif-m layout-normal text-serif-m layout-padded\">Materialet inkluderer blant annet anonyme vitnem\u00e5l fra 15 tidligere ansatte som jobbet for Iglesias i perioden fra slutten av 1990-tallet til 2023.<\/p>\n<p><img alt=\"Julio Iglesias opptr\u00e5dte p\u00e5 Skansen i Stockholm i 2007.  Foto: HENRIK MONTGOMERY \/ TT \/ TT Nyhetsbyr\u00e5n \/ NTB\" class=\"_image_qp4xg_65 layout-component layout-normal\" data-fullscreen- data-track-element-type=\"Article image fullscreen\" data-track-name=\"ImageFullscreen\" decoding=\"async\" loading=\"lazy\" height=\"2025\" itemprop=\"image\"  src=\"https:\/\/www.europesays.com\/no\/wp-content\/uploads\/2026\/01\/900fb4ae-fd74-4589-98f9-5264c1e2b968.jpeg\"  style=\"object-position:0% 0%\" width=\"2760\"\/>Julio Iglesias opptr\u00e5dte p\u00e5 Skansen i Stockholm i 2007.  Foto: HENRIK MONTGOMERY \/ TT \/ TT Nyhetsbyr\u00e5n \/ NTB<\/p>\n<p class=\"_paragraph_o9xde_4 _paragraph_xtcu6_10 layout-component text-serif-m layout-normal text-serif-m layout-padded\">Ingen st\u00e5r frem med fullt navn, men flere beskriver et arbeidsmilj\u00f8 preget av trakassering, maktmisbruk og seksuelt press.<\/p>\n<p class=\"_paragraph_o9xde_4 _paragraph_xtcu6_10 layout-component text-serif-m layout-normal text-serif-m layout-padded\">If\u00f8lge unders\u00f8kelsen skal kvinner i Iglesias\u2019 tjeneste ha blitt rekruttert p\u00e5 grunn av utseende og deretter utsatt for upassende kommentarer og sp\u00f8rsm\u00e5l om deres kropp og seksualitet.<\/p>\n<p><img alt=\"Julio Iglesias er gift med den nederlandske modellen Miranda Rijnsburger, som han giftet seg med i 2010 etter to ti\u00e5r sammen. De har fem barn. Tidligere var han gift med Isabel Preysler (1971\u20131979), og sammen fikk de tre barn, blant dem Enrique Iglesias.  Foto: PIERRE-PHILIPPE MARCOU \/ AFP \/ NTB\" class=\"_image_qp4xg_65 layout-component layout-normal\" data-fullscreen- data-track-element-type=\"Article image fullscreen\" data-track-name=\"ImageFullscreen\" decoding=\"async\" loading=\"lazy\" height=\"2500\" itemprop=\"image\"  src=\"https:\/\/www.europesays.com\/no\/wp-content\/uploads\/2026\/01\/bb36b4f4-ddcc-4a62-955d-5b8c151a9e75.jpeg\"  style=\"object-position:0% 0%\" width=\"1525\"\/>Julio Iglesias er gift med den nederlandske modellen Miranda Rijnsburger, som han giftet seg med i 2010 etter to ti\u00e5r sammen. De har fem barn. Tidligere var han gift med Isabel Preysler (1971\u20131979), og sammen fikk de tre barn, blant dem Enrique Iglesias.  Foto: PIERRE-PHILIPPE MARCOU \/ AFP \/ NTB<\/p>\n<p class=\"_paragraph_o9xde_4 _paragraph_xtcu6_10 layout-component text-serif-m layout-normal text-serif-m layout-padded\">En av kvinnene, omtalt med pseudonympseudonymOrdet pseudonym betyr et falskt eller oppdiktet navn som en person bruker i stedet for sitt egentlige navn, ofte for \u00e5 skjule sin identitet., hevdet at hun ble utsatt for seksuelle overgrep n\u00e6rmest daglig.<\/p>\n<p class=\"_paragraph_o9xde_4 _paragraph_xtcu6_10 layout-component text-serif-m layout-normal text-serif-m layout-padded\">Julio Iglesias har forel\u00f8pig ikke kommentert saken offentlig. S\u00f8nnen Enrique Iglesias, som ogs\u00e5 er en ber\u00f8mt popartist, har heller ikke uttalt seg i saken. <\/p>\n<p><img alt=\"Enrique Iglesias er kjent for \u00e5 v\u00e6re en internasjonal popstjerne og en av de mest suksessrike latinopop-artistene gjennom tidene. Han er kanskje mest kjent for sangene \u00abHero\u00bb og \u00abBailando\u00bb.   Foto: Paul R. Giunta \/ AP \/ NTB\" class=\"_image_qp4xg_65 layout-component layout-normal\" data-fullscreen- data-track-element-type=\"Article image fullscreen\" data-track-name=\"ImageFullscreen\" decoding=\"async\" loading=\"lazy\" height=\"4024\" itemprop=\"image\"  src=\"https:\/\/www.europesays.com\/no\/wp-content\/uploads\/2026\/01\/6d878e35-7b86-494c-bc08-94802d5172e4.png\"  style=\"object-position:0% 0%\" width=\"6048\"\/>Enrique Iglesias er kjent for \u00e5 v\u00e6re en internasjonal popstjerne og en av de mest suksessrike latinopop-artistene gjennom tidene. Han er kanskje mest kjent for sangene \u00abHero\u00bb og \u00abBailando\u00bb.   Foto: Paul R. Giunta \/ AP \/ NTB<\/p>\n<p class=\"_paragraph_o9xde_4 _paragraph_xtcu6_10 layout-component text-serif-m layout-normal text-serif-m layout-padded\">Hans advokat Russell L. King, basert i Miami, har heller ikke svart p\u00e5 henvendelser fra AP, The New York Times eller de spanske mediene som har publisert anklagene.<\/p>\n<p class=\"_paragraph_o9xde_4 _paragraph_xtcu6_10 layout-component text-serif-m layout-normal text-serif-m layout-padded\">Heller ikke Sony Music, artistenes plateselskap, har \u00f8nsket \u00e5 kommentere saken.<\/p>\n<p class=\"_paragraph_o9xde_4 _paragraph_xtcu6_10 layout-component text-serif-m layout-normal text-serif-m layout-padded\">Spanske p\u00e5talemyndigheter opplyser at saken fortsatt er under vurdering, og det er ikke kjent n\u00e5r en eventuell rettsprosess vil finne sted.<\/p>\n","protected":false},"excerpt":{"rendered":"Spanske p\u00e5talemyndigheter etterforsker artisten Julio Iglesias etter at to tidligere ansatte har anklaget ham for seksuelle overgrep. F\u00f8r&hellip;\n","protected":false},"author":2,"featured_media":139158,"comment_status":"","ping_status":"","sticky":false,"template":"","format":"standard","meta":{"footnotes":""},"categories":[58],"tags":[15837,71,30,28,29,1622,5130,72],"class_list":{"0":"post-139157","1":"post","2":"type-post","3":"status-publish","4":"format-standard","5":"has-post-thumbnail","7":"category-underholdning","8":"tag-bahamas","9":"tag-entertainment","10":"tag-no","11":"tag-norge","12":"tag-norway","13":"tag-overgrep","14":"tag-real-madrid","15":"tag-underholdning"},"share_on_mastodon":{"url":"https:\/\/pubeurope.com\/@no\/115904898935186422","error":""},"_links":{"self":[{"href":"https:\/\/www.europesays.com\/no\/wp-json\/wp\/v2\/posts\/139157","targetHints":{"allow":["GET"]}}],"collection":[{"href":"https:\/\/www.europesays.com\/no\/wp-json\/wp\/v2\/posts"}],"about":[{"href":"https:\/\/www.europesays.com\/no\/wp-json\/wp\/v2\/types\/post"}],"author":[{"embeddable":true,"href":"https:\/\/www.europesays.com\/no\/wp-json\/wp\/v2\/users\/2"}],"replies":[{"embeddable":true,"href":"https:\/\/www.europesays.com\/no\/wp-json\/wp\/v2\/comments?post=139157"}],"version-history":[{"count":0,"href":"https:\/\/www.europesays.com\/no\/wp-json\/wp\/v2\/posts\/139157\/revisions"}],"wp:featuredmedia":[{"embeddable":true,"href":"https:\/\/www.europesays.com\/no\/wp-json\/wp\/v2\/media\/139158"}],"wp:attachment":[{"href":"https:\/\/www.europesays.com\/no\/wp-json\/wp\/v2\/media?parent=139157"}],"wp:term":[{"taxonomy":"category","embeddable":true,"href":"https:\/\/www.europesays.com\/no\/wp-json\/wp\/v2\/categories?post=139157"},{"taxonomy":"post_tag","embeddable":true,"href":"https:\/\/www.europesays.com\/no\/wp-json\/wp\/v2\/tags?post=139157"}],"curies":[{"name":"wp","href":"https:\/\/api.w.org\/{rel}","templated":true}]}}