{"id":139159,"date":"2026-01-16T13:01:35","date_gmt":"2026-01-16T13:01:35","guid":{"rendered":"https:\/\/www.europesays.com\/no\/139159\/"},"modified":"2026-01-16T13:01:35","modified_gmt":"2026-01-16T13:01:35","slug":"jeanstrenden-alle-vil-kaste-seg-pa-i-2026","status":"publish","type":"post","link":"https:\/\/www.europesays.com\/no\/139159\/","title":{"rendered":"Jeanstrenden \u00aballe\u00bb vil kaste seg p\u00e5 i 2026"},"content":{"rendered":"<p class=\"kicker \" style=\"\">Jeans:\u00a0<\/p>\n<p>    Finnes det et plagg som alltid er like aktuelt som jeans? I \u00e5r er det en avslappet, retro trend som kommer til \u00e5 bli mer synlig.\u00a0<\/p>\n<p>\n    JEANS: Denne sesongen er det spesielt \u00e9n type jeans som gjelder. FOTO: NTB\n  <\/p>\n<p>Det spiller ingen rolle hvilken \u00e5rstid det er \u2013 jeans er alltid relevant. Det er f\u00e5 som ikke har minst ett par jeans i garderoben, og for mange av oss er det hverdagsplagget nummer \u00e9n.<\/p>\n<p>    <a itemprop=\"url\" href=\"https:\/\/www.kk.no\/mote\/na-er-disse-jeansene-tilbake-1\/83699208\" rel=\"nofollow noopener\" target=\"_blank\"><\/p>\n<p>        <img loading=\"lazy\" decoding=\"async\" src=\"https:\/\/www.europesays.com\/no\/wp-content\/uploads\/2026\/01\/83700934.webp.webp\" width=\"980\" height=\"441\" title=\"N\u00e5 er disse jeansene tilbake\" alt=\"\" class=\"lazyload\" style=\"--aspect-ratio-image: 2.22; \"\/><\/p>\n<p>        N\u00e5 er disse jeansene tilbake<\/p>\n<p>    <\/a><\/p>\n<p>Men hvordan ser jeanstrendene ut for 2026? Det er s\u00e6rlig \u00e9n jeansstil som skiller seg ut og sp\u00e5s \u00e5 bli en av \u00e5rets store trender: nemlig de vaskede jeansene.\u00a0<\/p>\n<p>Ikke n\u00f8dvendigvis s\u00e5 hardt vasket som steintvaskede jeans, og om du vil ha dem slitte i tillegg til vasken, er opp til hver enkelt, men vaskede jeans er her for \u00e5 bli.<\/p>\n<p>P\u00e5 moteshowene for v\u00e5r- og sommerkolleksjonene 2026 viste merker som Dior og Maison Margiela frem ulike grader av vaskede jeansplagg, og hos Isabel Marant ble den avslappede jeanstrenden prikken over i-en i merkets bohemske styling.<\/p>\n<p>    <a itemprop=\"url\" href=\"https:\/\/www.kk.no\/mote\/na-er-det-denne-fargen-pa-jeansen-som-gjelder\/83626113\" rel=\"nofollow noopener\" target=\"_blank\"><\/p>\n<p>        <img loading=\"lazy\" decoding=\"async\" src=\"https:\/\/www.europesays.com\/no\/wp-content\/uploads\/2026\/01\/83626489.webp.webp\" width=\"980\" height=\"441\" title=\"N\u00e5 er det denne fargen p\u00e5 jeansen som gjelder\" alt=\"\" class=\"lazyload\" style=\"--aspect-ratio-image: 2.22; \"\/><\/p>\n<p>        N\u00e5 er det denne fargen p\u00e5 jeansen som gjelder<\/p>\n<p>    <\/a><\/p>\n<p>        <img loading=\"lazy\" decoding=\"async\" src=\"https:\/\/www.europesays.com\/no\/wp-content\/uploads\/2026\/01\/84102665.webp.webp\" width=\"667\" height=\"861\" title=\"Maison Margiela show. FOTO: NTB\" alt=\"\" class=\"\" style=\"--aspect-ratio-image: 0.77; \"\/><\/p>\n<p>\n        Maison Margiela show. FOTO: NTB\n    <\/p>\n<p>        <img loading=\"lazy\" decoding=\"async\" src=\"https:\/\/www.europesays.com\/no\/wp-content\/uploads\/2026\/01\/84102661.webp.webp\" width=\"667\" height=\"954\" title=\"Christian Dior show. FOTO: NTB\" alt=\"\" class=\"\" style=\"--aspect-ratio-image: 0.70; \"\/><\/p>\n<p>\n        Christian Dior show. FOTO: NTB\n    <\/p>\n<p>Slik kan du style jeansen\t<\/p>\n<p>Vaskede jeans er en trend som dukker opp med jevne mellomrom, og den er perfekt for second hand-funn! Jo mer brukte og slitte jeansene er, desto bedre \u2013 samtidig sparer du b\u00e5de penger og milj\u00f8et. Har du allerede slitte jeans hjemme i garderoben? Enda bedre!<\/p>\n<p>        MOTE: Se videoen for \u00e5 h\u00f8re KK sin moteekspert Ida Elise Eide Einarsd\u00f3ttir g\u00e5 gjennom alt om de nyeste trendene innen mote. Video: Aller media\/Oskar Brus\u00e9n<\/p>\n<p>Det finnes mange ulike jeansmodeller \u00e5 velge mellom n\u00e5r det gjelder vaskede jeans, og du kan gj\u00f8re som Jennifer Lopez og velge et par baggy jeans som du matcher med h\u00e6ler og en lang k\u00e5pe, eller du kan g\u00e5 for et tidl\u00f8st, rett snitt. Hvis du vil ha en klassisk styling, kan du i v\u00e5r kombinere jeansene med en l\u00f8s t-skjorte, en fin blazer og et par komfortable sneakers eller loafers.<\/p>\n<p>    <a itemprop=\"url\" href=\"https:\/\/www.kk.no\/mote\/arets-store-jeanstrend-1\/83755829\" rel=\"nofollow noopener\" target=\"_blank\"><\/p>\n<p>        <img loading=\"lazy\" decoding=\"async\" src=\"https:\/\/www.europesays.com\/no\/wp-content\/uploads\/2026\/01\/83756731.webp.webp\" width=\"980\" height=\"441\" title=\"\u00c5rets store jeanstrend\" alt=\"\" class=\"lazyload\" style=\"--aspect-ratio-image: 2.22; \"\/><\/p>\n<p>        \u00c5rets store jeanstrend <\/p>\n<p>    <\/a><\/p>\n<p>        <img loading=\"lazy\" decoding=\"async\" src=\"https:\/\/www.europesays.com\/no\/wp-content\/uploads\/2026\/01\/84102664.webp.webp\" width=\"667\" height=\"934\" title=\"Jennifer Lopez i en baggy, \u00abdirty-washed\u00bb jeans. FOTO: NTB\" alt=\"\" class=\"\" style=\"--aspect-ratio-image: 0.71; \"\/><\/p>\n<p>\n        Jennifer Lopez i en baggy, \u00abdirty-washed\u00bb jeans. FOTO: NTB\n    <\/p>\n","protected":false},"excerpt":{"rendered":"Jeans:\u00a0 Finnes det et plagg som alltid er like aktuelt som jeans? I \u00e5r er det en avslappet,&hellip;\n","protected":false},"author":2,"featured_media":139160,"comment_status":"","ping_status":"","sticky":false,"template":"","format":"standard","meta":{"footnotes":""},"categories":[56],"tags":[6455,60,61,6782,7455,4024,4311,62,30,28,29,1702],"class_list":{"0":"post-139159","1":"post","2":"type-post","3":"status-publish","4":"format-standard","5":"has-post-thumbnail","7":"category-naeringsliv","8":"tag-bukser","9":"tag-business","10":"tag-economy","11":"tag-jeans","12":"tag-jennifer-lopez","13":"tag-mote","14":"tag-motetrender","15":"tag-naeringsliv","16":"tag-no","17":"tag-norge","18":"tag-norway","19":"tag-trend"},"share_on_mastodon":{"url":"https:\/\/pubeurope.com\/@no\/115904910695576698","error":""},"_links":{"self":[{"href":"https:\/\/www.europesays.com\/no\/wp-json\/wp\/v2\/posts\/139159","targetHints":{"allow":["GET"]}}],"collection":[{"href":"https:\/\/www.europesays.com\/no\/wp-json\/wp\/v2\/posts"}],"about":[{"href":"https:\/\/www.europesays.com\/no\/wp-json\/wp\/v2\/types\/post"}],"author":[{"embeddable":true,"href":"https:\/\/www.europesays.com\/no\/wp-json\/wp\/v2\/users\/2"}],"replies":[{"embeddable":true,"href":"https:\/\/www.europesays.com\/no\/wp-json\/wp\/v2\/comments?post=139159"}],"version-history":[{"count":0,"href":"https:\/\/www.europesays.com\/no\/wp-json\/wp\/v2\/posts\/139159\/revisions"}],"wp:featuredmedia":[{"embeddable":true,"href":"https:\/\/www.europesays.com\/no\/wp-json\/wp\/v2\/media\/139160"}],"wp:attachment":[{"href":"https:\/\/www.europesays.com\/no\/wp-json\/wp\/v2\/media?parent=139159"}],"wp:term":[{"taxonomy":"category","embeddable":true,"href":"https:\/\/www.europesays.com\/no\/wp-json\/wp\/v2\/categories?post=139159"},{"taxonomy":"post_tag","embeddable":true,"href":"https:\/\/www.europesays.com\/no\/wp-json\/wp\/v2\/tags?post=139159"}],"curies":[{"name":"wp","href":"https:\/\/api.w.org\/{rel}","templated":true}]}}