{"id":139161,"date":"2026-01-16T13:03:09","date_gmt":"2026-01-16T13:03:09","guid":{"rendered":"https:\/\/www.europesays.com\/no\/139161\/"},"modified":"2026-01-16T13:03:09","modified_gmt":"2026-01-16T13:03:09","slug":"ullensvang-politiet-alvorlig-trafikkulykke-pa-e-134-bil-og-buss-har-kollidert","status":"publish","type":"post","link":"https:\/\/www.europesays.com\/no\/139161\/","title":{"rendered":"Ullensvang, Politiet | Alvorlig trafikkulykke p\u00e5 E 134: Bil og buss har kollidert"},"content":{"rendered":"\n<p><b>ULLENSVANG: <\/b>N\u00f8detatene rykker ut til en trafikkulykke ved Grastj\u00f8rn p\u00e5 E 134. Det er mellom Kl\u00f8vet og Vintertun.<\/p>\n<p>En personbil og en buss har kollidert front-mot-front.<\/p>\n<p>Ulykka framst\u00e5r som alvorlig.<\/p>\n<p>Politiet opplyser i en oppdatering at fire personer om bord i bussen er uskadd, mens tre personer var i personbilen<\/p>\n<p><b>\u2013 Alle v\u00e5kne, skadeomfang ellers ukjent. Luftambulanse er sendt mot stedet, sier operasjonsleder Dan Erik Johannessen i Vest politidistrikt.<\/b><\/p>\n<p>Meldingen om ulykken kom like etter klokken 13.00 fredag.<\/p>\n<p><b>\u2013 De som er i bussen sier de er uskadde. Det er ulike utfordringer for de som er i personbilen. Det kan tyde p\u00e5 personskade, men det er per n\u00e5 uvisst skadeomfang, sier <a href=\"https:\/\/www.hardanger-folkeblad.no\/front-mot-front-i-skare\/s\/5-22-748652\" rel=\"Follow nofollow noopener\" target=\"_blank\">politioverbetjent Bodil Nakkerud p\u00e5 <\/a>Hardanger politistasjon til Hardanger Folkeblad.<\/b><\/p>\n<p>Vegtrafikksentralen (VTS) melder at ulykken kan for\u00e5rsake trafikale problemer.<\/p>\n<p><b>\u2013 Veien forventes stengt i perioder, opplyser VTS.<\/b><\/p>\n<p>Klokka 13.35 er n\u00f8detatene samlet p\u00e5 stedet.<\/p>\n<p><b>&#8211; Veien forventes stengt noe tid fremover, melder operasjonslederen.<\/b><\/p>\n<p>   <img decoding=\"async\" width=\"800\" height=\"600\" fetchpriority=\"low\"  loading=\"lazy\"  src=\"https:\/\/www.europesays.com\/no\/wp-content\/uploads\/2026\/01\/1229022_1.jpg\" alt=\"\" class=\"brick-c-cFOWSL\" style=\"--brick-image-ratio: 800 \/ 600;\"\/><\/p>\n<p>      VINTERF\u00d8RE: N\u00e5r vi ser p\u00e5 webkamera til Statens vegvesen, her fra Kl\u00f8vet, er det sn\u00f8dekke p\u00e5 veien. <\/p>\n<p>Saken oppdateres<\/p>\n","protected":false},"excerpt":{"rendered":"ULLENSVANG: N\u00f8detatene rykker ut til en trafikkulykke ved Grastj\u00f8rn p\u00e5 E 134. Det er mellom Kl\u00f8vet og Vintertun.&hellip;\n","protected":false},"author":2,"featured_media":139162,"comment_status":"","ping_status":"","sticky":false,"template":"","format":"standard","meta":{"footnotes":""},"categories":[10],"tags":[36,20,21,11602,24,25,15,22,23,13,30,28,29,14,16,468,1510,26,27,224,457],"class_list":{"0":"post-139161","1":"post","2":"type-post","3":"status-publish","4":"format-standard","5":"has-post-thumbnail","7":"category-norge","8":"tag-art","9":"tag-breaking-news","10":"tag-breakingnews","11":"tag-e-134","12":"tag-featured-news","13":"tag-featurednews","14":"tag-headlines","15":"tag-latest-news","16":"tag-latestnews","17":"tag-news","18":"tag-no","19":"tag-norge","20":"tag-norway","21":"tag-nyheter","22":"tag-overskrifter","23":"tag-politiet","24":"tag-story","25":"tag-top-stories","26":"tag-topstories","27":"tag-trafikk","28":"tag-ullensvang"},"share_on_mastodon":{"url":"https:\/\/pubeurope.com\/@no\/115904918534078106","error":""},"_links":{"self":[{"href":"https:\/\/www.europesays.com\/no\/wp-json\/wp\/v2\/posts\/139161","targetHints":{"allow":["GET"]}}],"collection":[{"href":"https:\/\/www.europesays.com\/no\/wp-json\/wp\/v2\/posts"}],"about":[{"href":"https:\/\/www.europesays.com\/no\/wp-json\/wp\/v2\/types\/post"}],"author":[{"embeddable":true,"href":"https:\/\/www.europesays.com\/no\/wp-json\/wp\/v2\/users\/2"}],"replies":[{"embeddable":true,"href":"https:\/\/www.europesays.com\/no\/wp-json\/wp\/v2\/comments?post=139161"}],"version-history":[{"count":0,"href":"https:\/\/www.europesays.com\/no\/wp-json\/wp\/v2\/posts\/139161\/revisions"}],"wp:featuredmedia":[{"embeddable":true,"href":"https:\/\/www.europesays.com\/no\/wp-json\/wp\/v2\/media\/139162"}],"wp:attachment":[{"href":"https:\/\/www.europesays.com\/no\/wp-json\/wp\/v2\/media?parent=139161"}],"wp:term":[{"taxonomy":"category","embeddable":true,"href":"https:\/\/www.europesays.com\/no\/wp-json\/wp\/v2\/categories?post=139161"},{"taxonomy":"post_tag","embeddable":true,"href":"https:\/\/www.europesays.com\/no\/wp-json\/wp\/v2\/tags?post=139161"}],"curies":[{"name":"wp","href":"https:\/\/api.w.org\/{rel}","templated":true}]}}