{"id":139178,"date":"2026-01-16T13:23:10","date_gmt":"2026-01-16T13:23:10","guid":{"rendered":"https:\/\/www.europesays.com\/no\/139178\/"},"modified":"2026-01-16T13:23:10","modified_gmt":"2026-01-16T13:23:10","slug":"kan-stenge-ned-hele-danmark","status":"publish","type":"post","link":"https:\/\/www.europesays.com\/no\/139178\/","title":{"rendered":"\u2013 Kan stenge ned hele Danmark"},"content":{"rendered":"<p class=\"no_italic m-no_italic\" data-lab-italic=\"\">USAs president Donald Trump fortsetter \u00e5 ville erobre Gr\u00f8nland fra Nato-allierte Danmark.<\/p>\n<p class=\"no_italic m-no_italic\" data-lab-italic=\"\">Det setter forsvarsalliansen p\u00e5 en pr\u00f8ve som savner sidestykke etter at den ble grunnlagt i 1949, i kj\u00f8lvannet av andre verdenskrig.\u00a0<\/p>\n<p class=\"no_italic m-no_italic\" data-lab-italic=\"\">Flere europeiske land har n\u00e5 sendt milit\u00e6rt personell til Gr\u00f8nland som f\u00f8lge av Trumps gjentatte utspill om \u00e5 ville ta over landet.\u00a0<\/p>\n<p>                <img decoding=\"async\" src=\"https:\/\/www.europesays.com\/no\/wp-content\/uploads\/2026\/01\/10153037.webp.jpeg\" width=\"480\" height=\"274\" title=\"Veldig mye data fra europeiske land lagres p\u00e5 servere i USA eller p\u00e5 servere eid av amerikanske selskaper i Europa.\" alt=\"\" loading=\"lazy\" style=\"\"\/><\/p>\n<p>\n            Veldig mye data fra europeiske land lagres p\u00e5 servere i USA eller p\u00e5 servere eid av amerikanske selskaper i Europa.<br \/>\n            Foto: iStock\n        <\/p>\n<p> \u2013 Europa fullstendig avhengig av USA<\/p>\n<p class=\"italic m-italic\" data-lab-italic=\"italic\">\u2013 Hvor avhengig er Europa av amerikansk teknologi?<\/p>\n<p>                <img decoding=\"async\" src=\"https:\/\/www.europesays.com\/no\/wp-content\/uploads\/2026\/01\/10152277.webp.jpeg\" width=\"480\" height=\"394\" title=\"Bert Hubert mener det haster med \u00e5 finne alternativer til amerikansk teknologi.\" alt=\"\" loading=\"lazy\" style=\"\"\/><\/p>\n<p>\n            Bert Hubert mener det haster med \u00e5 finne alternativer til amerikansk teknologi.<br \/>\n            Foto: Privat\n        <\/p>\n<p>\u2013 Fullstendig og totalt. Hele bankindustrien v\u00e5r<br \/>\nbruker amerikanske skytjenester, sier Bert Hubert til Dagsavisen.\u00a0<\/p>\n<p>En skytjeneste inneb\u00e6rer at data lagres p\u00e5 eksterne servere, for eksempel hos Google, og ikke lokalt. <\/p>\n<p>Hubert er en nederlandsk IT-ekspert og entrepren\u00f8r, og har tidligere blant annet hatt ansvar for \u00e5 f\u00f8re tilsyn med de nederlandske etterretningstjenestene.<\/p>\n<p>Han er sv\u00e6rt kritisk til Europas avhengighet av teknologiselskaper fra USA.<\/p>\n<p>\u2013 Europeiske banker er fullstendig avhengige av amerikansk teknologi. De er<br \/>\nhelt avhengige av Microsoft Azure eller Amazon Web Services, sier han.<\/p>\n<p>Dette er skytjenester som drives av Microsoft og Amazon\u00a0\u2013 som begge er amerikanske selskaper.<\/p>\n<p> \u2013 Gjelder alle omr\u00e5der i samfunnet<\/p>\n<p>Vi omgir oss med teknologi fra USA p\u00e5 alle kanter.\u00a0IT-ekspert Torgeir Waterhouse sier dette om v\u00e5r avhengighet av denne teknologien til Dagsavisen:<\/p>\n<p>                <img decoding=\"async\" src=\"https:\/\/www.europesays.com\/no\/wp-content\/uploads\/2026\/01\/10152052.webp.jpeg\" width=\"480\" height=\"312\" title=\"Teknologi fra USA er overalt, p\u00e5peker Torgeir Waterhouse.\" alt=\"\" loading=\"lazy\" style=\"\"\/><\/p>\n<p>\n            Teknologi fra USA er overalt, p\u00e5peker Torgeir Waterhouse.<br \/>\n            Foto: Hans Kristian Thorbj\u00f8rrnsen\n        <\/p>\n<p> \u2013 Det er vanskelig \u00e5 kvantifisere. Hvis du tenker gjennom det vi gj\u00f8r n\u00e5, snakke i telefonen, kommer b\u00e5de det fysiske apparatet, programvaren, og betydelige deler av infrastrukturen fra USA. I tillegg er mange patenter fra USA, og det kan v\u00e6re selskaper i USA som eier rettigheter til hvordan man gj\u00f8r ting. Hvis du ser rundt p\u00e5 alle omr\u00e5der i samfunnet, vil du se det samme. <\/p>\n<p> Waterhouse jobber for teknologir\u00e5dgivningsselskapet Otte, og har tidligere jobbet i Forbrukerr\u00e5det og IKT Norge. <\/p>\n<p>Han understreker at mye av teknologien er open source, alts\u00e5 at\u00a0hvem som helst kan gj\u00f8re hva de vil med den, selv om den stammer fra USA, men:\u00a0<\/p>\n<p> \u2013 Vi har ofte en avhengighet ogs\u00e5 i disse tilfellene, ved at vi er avhengige av kompetanse fra USA, sier han.\u00a0<\/p>\n<p>        <a itemprop=\"url\" class=\"\" href=\"https:\/\/www.dagsavisen.no\/nyheter\/trump-har-fatt-veldig-mye-makt-i-venezuela\/10142694\" data-k5a-url=\"https:\/\/www.dagsavisen.no\/a\/10142694\" rel=\"nofollow noopener\" target=\"_blank\"><\/p>\n<p>            \u2013 Trump har f\u00e5tt veldig mye makt i Venezuela<\/p>\n<p>        <\/a><\/p>\n<p> \u2013 Alt m\u00e5 innrettes mot uavhengighet<\/p>\n<p>                <img decoding=\"async\" src=\"https:\/\/www.europesays.com\/no\/wp-content\/uploads\/2026\/01\/10152085.webp.jpeg\" width=\"480\" height=\"274\" title=\"Martin Sandbu kommenterer europeisk \u00f8konomi for britiske Financial Times.\" alt=\"\" loading=\"lazy\" style=\"\"\/><\/p>\n<p>\n            Martin Sandbu kommenterer europeisk \u00f8konomi for britiske Financial Times.<br \/>\n            Foto: Vegard Wivestad Gr\u00f8tt\n        <\/p>\n<p>Martin Sandbu er kommentator i britiske Financial Times, og kommenterer europeisk \u00f8konomi for avisen.\u00a0<\/p>\n<p>Han mener splittelsen som har oppst\u00e5tt mellom Europa og USA, gj\u00f8r at Europa m\u00e5 f\u00e5 opp farta med \u00e5 finne teknologiske l\u00f8sninger som er uavhengige av USA.\u00a0<\/p>\n<p> \u2013 Rent fysisk tar det tid \u00e5 bygge datasentre, men det er juridiske grep man kan ta for \u00e5 sikre hvem som har kontroll over det som faktisk eksisterer fysisk. Det g\u00e5r an \u00e5 sikre at fra n\u00e5 av skal alle nye kontrakter og tjenester sikres juridisk \u2013 helst p\u00e5 en m\u00e5te hvor man sikrer suveren kontroll hos Europa og statene her, sier Sandbu til Dagsavisen.\u00a0<\/p>\n<p>Han mener det er viktig \u00e5 begynne \u00e5 tenke p\u00e5 det verste som kan skje med en gang, samt hvilke l\u00f8sninger man umiddelbart kan g\u00e5 i gang med for \u00e5 hindre slike scenarioer.<\/p>\n<p> \u2013\u00a0Fra n\u00e5 av m\u00e5 alt innrettes mot uavhengighet. Europa er et teknisk avansert kontinent. Vi har teknisk avanserte \u00f8konomier, sier Sandbu.\u00a0<\/p>\n<p> \u2013 Se hvor raskt Kina kan bygge ut en sektor hvis de \u00f8nsker det. Det viser at det ikke er noen tekniske begrensninger for avanserte \u00f8konomier i Europa med tanke p\u00e5 \u00e5 kunne bli selvforsynte med digitale tjenester og det tekniske grunnlaget for det. Men vi m\u00e5 bestemme oss for \u00e5 gj\u00f8re det, konstaterer han.\u00a0<\/p>\n<p>        <a itemprop=\"url\" class=\"\" href=\"https:\/\/www.dagsavisen.no\/nyheter\/tror-ikke-europa-vil-lofte-en-finger-for-a-forsvare-gronland\/10136637\" data-k5a-url=\"https:\/\/www.dagsavisen.no\/a\/10136637\" rel=\"nofollow noopener\" target=\"_blank\"><\/p>\n<p>            Tror ikke Europa vil l\u00f8fte en finger for \u00e5 forsvare Gr\u00f8nland<\/p>\n<p>        <\/a><\/p>\n<p>Manglende beredskap<\/p>\n<p>Bert Hubert mener europeiske samfunn i dag mangler beredskap for \u00e5 klare seg uten amerikansk teknologi.<\/p>\n<p>\u2013 Hvis du g\u00e5r til et stort selskap og sp\u00f8r om det<br \/>\ner avhengig av teknologi fra USA, svarer de gjerne at de strengt tatt ikke er det.<br \/>\nHvis du sp\u00f8r dem om de har testet hvorvidt selskapet fungerer uten Microsoft,<br \/>\nsvarer de nei. <\/p>\n<p>\u2013 Alle vet at de m\u00e5 ha backup-systemer hvis<br \/>\nstr\u00f8mmen g\u00e5r, men de skj\u00f8nner tydeligvis ikke at de trenger det for dette, sier Hubert.\u00a0<\/p>\n<p class=\"italic m-italic\" data-lab-italic=\"italic\">\u2013 Hvor b\u00e6rekraftig mener du at dette er, med tanke p\u00e5 den<br \/>\nsituasjonen Europa befinner seg i n\u00e5?<\/p>\n<p>\u2013 Det er forferdelig. Vi flytter v\u00e5re offentlige<br \/>\nIT-systemer til Microsoft samtidig som USA pr\u00f8ver \u00e5 ta Gr\u00f8nland, svarer han.<\/p>\n<p>                <img decoding=\"async\" src=\"https:\/\/www.europesays.com\/no\/wp-content\/uploads\/2026\/01\/10152306.webp.jpeg\" width=\"480\" height=\"274\" title=\"Gr\u00f8nland har havnet i det internasjonale s\u00f8kelyset p\u00e5 grunn av Donald Trumps \u00f8nske om \u00e5 gj\u00f8re \u00f8ya amerikansk.\" alt=\"\" loading=\"lazy\" style=\"\"\/><\/p>\n<p>\n            Gr\u00f8nland har havnet i det internasjonale s\u00f8kelyset p\u00e5 grunn av Donald Trumps \u00f8nske om \u00e5 gj\u00f8re \u00f8ya amerikansk.<br \/>\n            Foto: iStock\n        <\/p>\n<p>Mulig pressmiddel<\/p>\n<p>USAs teknologimakt kan fungere som pressmiddel mot europeiske ledere, mener Hubert.\u00a0<\/p>\n<p>\u2013 Alle vet hvor avhengige vi er n\u00e5. Det betyr at<br \/>\nn\u00e5r regjeringer tar beslutninger, kan de ikke ta beslutninger som provoserer<br \/>\nUSA for mye, fordi de kan ende med at e-posten deres slutter \u00e5 fungere.\u00a0<\/p>\n<p>Hubert mener dette direkte utfordrer europeiske lands suverenitet.<\/p>\n<p> \u2013 Vi pr\u00f8ver \u00e5 si at det ikke er tilfellet, men det er tilfellet, og det er ikke b\u00e6rekraftig, sier han.<\/p>\n<p>Han peker p\u00e5 at nettopp dette skjedde med sjefanklager Karim Khan i Den internasjonale straffedomstolen (ICC) i Nederland.<\/p>\n<p>Khan mistet tilgangen til e-postene sine etter at Trump innf\u00f8rte sanksjoner mot ham. Det skjedde fordi Microsoft kuttet tilgangen.\u00a0<\/p>\n<p>Khan hadde utstedt arrestordre p\u00e5 Israels statsminister Benjamin Netanyahu og landets tidligere forsvarsminister Yoav Gallant for krigsforbrytelser og forbrytelser mot menneskeheten p\u00e5 Gaza.\u00a0Det mislikte Donald Trump sterkt, og derav sanksjonene.\u00a0<\/p>\n<p>\u2013 Kan stenge ned et land totalt<\/p>\n<p class=\"italic m-italic\" data-lab-italic=\"italic\"> \u2013 Trump vil ha Gr\u00f8nland og han vil at Danmark skal gi fra seg<br \/>\nGr\u00f8nland til USA. Hva kunne USA gjort mot Danmark dersom det bestemte seg for \u00e5<br \/>\nbruke teknologi til \u00e5 presse Danmark til \u00e5 gi fra seg Gr\u00f8nland?<\/p>\n<p>\u2013 De kan stenge ned hele Danmark, fra et teknisk<br \/>\nperspektiv. Det vil bety at togene ikke g\u00e5r, at bankene ikke virker at, IT-systemene<br \/>\nikke fungerer og at ambulansene ikke vet hvor de er. Teknisk sett kan de stenge<br \/>\nned et land totalt, svarer Bert Hubert.<\/p>\n<p>                <img decoding=\"async\" src=\"https:\/\/www.europesays.com\/no\/wp-content\/uploads\/2026\/01\/10153047.webp.jpeg\" width=\"480\" height=\"274\" title=\"Danmark ville f\u00e5tt enorme problemer, dersom USA skulle bestemme seg for \u00e5 bruke teknologi til \u00e5 presse landet, sier eksperter.\" alt=\"\" loading=\"lazy\" style=\"\"\/><\/p>\n<p>\n            Danmark ville f\u00e5tt enorme problemer, dersom USA skulle bestemme seg for \u00e5 bruke teknologi til \u00e5 presse landet, sier eksperter.<br \/>\n            Foto: Francis Crisostomo\/iStock\n        <\/p>\n<p>Torgeir Waterhouse er inne p\u00e5 noe av det samme:<\/p>\n<p> \u2013 Hvis USA innf\u00f8rer eksportforbud i vid forstand til Danmark vil store deler av det danske samfunnet stoppe opp. Man har enkeltelementer som ikke avhengige av USA direkte, men n\u00e5r s\u00e5pass mye av helheten stopper, vil Danmark slite likevel. <\/p>\n<p>Bert Hubert understreker at det er gode grunner til at USA trolig ikke vil gj\u00f8re dette.\u00a0<\/p>\n<p>\u2013 Politisk sett, kan de bare gj\u00f8re noe s\u00e5nt \u00e9n<br \/>\ngang. Etter noe s\u00e5nt vil ingen \u00f8nske \u00e5 samhandle med USA. Derfor er det ikke<br \/>\nsannsynlig at de vil gj\u00f8re noe s\u00e5 eksplisitt, sier han.<\/p>\n<p>\u2013 Man kan se for seg at de ville gitt en liten \u00abdemonstrasjon\u00bb<br \/>\ntil Danmarks regjering, hvor forskjellige systemer plutselig slutter \u00e5 fungere.<br \/>\nFor eksempel at systemene p\u00e5 noen sykehus ikke fungerer, eller p\u00e5 flyplassen. P\u00e5<br \/>\nden m\u00e5ten kan de vise at Danmark er fullstendig avhengig av USA. Teknisk sett kan de stenge ned alt, men politisk<br \/>\ner det mer sannsynlig at de vil bruke det til mindre advarsler, sier Hubert.<\/p>\n<p>        <a itemprop=\"url\" class=\"\" href=\"https:\/\/www.dagsavisen.no\/nyheter\/general-om-trump-og-gronland-et-historisk-selvmal\/10145063\" data-k5a-url=\"https:\/\/www.dagsavisen.no\/a\/10145063\" rel=\"nofollow noopener\" target=\"_blank\"><\/p>\n<p>            General om Trump og Gr\u00f8nland: \u2013 Et historisk selvm\u00e5l<\/p>\n<p>        <\/a><\/p>\n<p>Mener total uavhengighet er urealistisk<\/p>\n<p>Torgeir Waterhouse mener total teknologisk uavhengighet fra USA er urealistisk.<\/p>\n<p>\u2013 Det er vi veldig langt unna. S\u00e5nn som samfunnet er digitalisert, med teknologien som er i bruk, eierskapet og kunnskapen som er i bruk, s\u00e5 er vi avhengige av USA. Det kan man like og ikke like, men det er ikke realisme i noe annet, sier han.<\/p>\n<p>Samtidig mener han det er en betydelig realisme i \u00e5 redusere avhengigheten og \u00e5 gj\u00f8re noe med den reelle valgfriheten.\u00a0<\/p>\n<p> \u2013 Man kan gj\u00f8re mange enkeltgrep. Hvis man skal v\u00e6re litt banal, kan man sammenligne med trafikken: Ingen av oss tror at det er realistisk \u00e5 f\u00e5 en samferdsel helt uten ulykker, men det er alltid noe man kan gj\u00f8re for \u00e5 redusere, sier han.\u00a0<\/p>\n<p>Bert Hubert sl\u00e5r fast at Norge, Danmark og andre land i Europa b\u00f8r f\u00e5 opp farta med \u00e5 bli mer uavhengige av USA teknologisk.<\/p>\n<p>\u2013 Hvis man kan redusere avhengigheten i en del<br \/>\nsektorer fra 100 prosent til 90 prosent, ville det v\u00e6rt en god start. At man<br \/>\nhar \u00e9n bank som kan operere uten USA. Jeg tror det kan v\u00e6re lurt \u00e5 starte med<br \/>\nbankene, for de pleier \u00e5 lytte til staten.\u00a0Jeg mener det er ganske gjennomf\u00f8rbart. For fem \u00e5r siden drev ikke store selskaper og myndigheter ting i nettskyen. Vi ber dem bare om \u00e5 gj\u00f8re det de gjorde for fem \u00e5r siden, sier Hubert.<\/p>\n<p class=\"no_italic m-no_italic\" data-lab-italic=\"\">F\u00e5 nyhetsbrev fra Dagsavisen. Meld deg p\u00e5\u00a0<a href=\"https:\/\/www.dagsavisen.no\/om-dagsavisen\/2023\/12\/20\/fa-daglig-nyhetsbrev\/\" rel=\"nofollow noopener\" target=\"_blank\">her<\/a>!<\/p>\n<p>        <a itemprop=\"url\" class=\"\" href=\"https:\/\/www.dagsavisen.no\/nyheter\/et-mini-nato-uten-usa-hvis-det-verste-skulle-skje\/10139690\" data-k5a-url=\"https:\/\/www.dagsavisen.no\/a\/10139690\" rel=\"nofollow noopener\" target=\"_blank\"><\/p>\n<p>            Et \u00abmini-Nato\u00bb uten USA: \u2013 Hvis det verste skulle skje<\/p>\n<p>        <\/a><\/p>\n","protected":false},"excerpt":{"rendered":"USAs president Donald Trump fortsetter \u00e5 ville erobre Gr\u00f8nland fra Nato-allierte Danmark. Det setter forsvarsalliansen p\u00e5 en pr\u00f8ve&hellip;\n","protected":false},"author":2,"featured_media":139179,"comment_status":"","ping_status":"","sticky":false,"template":"","format":"standard","meta":{"footnotes":""},"categories":[12],"tags":[20,21,24,25,15,22,23,13,30,28,29,14,16,26,27,42,43,44,45],"class_list":{"0":"post-139178","1":"post","2":"type-post","3":"status-publish","4":"format-standard","5":"has-post-thumbnail","7":"category-verden","8":"tag-breaking-news","9":"tag-breakingnews","10":"tag-featured-news","11":"tag-featurednews","12":"tag-headlines","13":"tag-latest-news","14":"tag-latestnews","15":"tag-news","16":"tag-no","17":"tag-norge","18":"tag-norway","19":"tag-nyheter","20":"tag-overskrifter","21":"tag-top-stories","22":"tag-topstories","23":"tag-verden","24":"tag-world","25":"tag-world-news","26":"tag-worldnews"},"share_on_mastodon":{"url":"https:\/\/pubeurope.com\/@no\/115904997286745978","error":""},"_links":{"self":[{"href":"https:\/\/www.europesays.com\/no\/wp-json\/wp\/v2\/posts\/139178","targetHints":{"allow":["GET"]}}],"collection":[{"href":"https:\/\/www.europesays.com\/no\/wp-json\/wp\/v2\/posts"}],"about":[{"href":"https:\/\/www.europesays.com\/no\/wp-json\/wp\/v2\/types\/post"}],"author":[{"embeddable":true,"href":"https:\/\/www.europesays.com\/no\/wp-json\/wp\/v2\/users\/2"}],"replies":[{"embeddable":true,"href":"https:\/\/www.europesays.com\/no\/wp-json\/wp\/v2\/comments?post=139178"}],"version-history":[{"count":0,"href":"https:\/\/www.europesays.com\/no\/wp-json\/wp\/v2\/posts\/139178\/revisions"}],"wp:featuredmedia":[{"embeddable":true,"href":"https:\/\/www.europesays.com\/no\/wp-json\/wp\/v2\/media\/139179"}],"wp:attachment":[{"href":"https:\/\/www.europesays.com\/no\/wp-json\/wp\/v2\/media?parent=139178"}],"wp:term":[{"taxonomy":"category","embeddable":true,"href":"https:\/\/www.europesays.com\/no\/wp-json\/wp\/v2\/categories?post=139178"},{"taxonomy":"post_tag","embeddable":true,"href":"https:\/\/www.europesays.com\/no\/wp-json\/wp\/v2\/tags?post=139178"}],"curies":[{"name":"wp","href":"https:\/\/api.w.org\/{rel}","templated":true}]}}