{"id":139180,"date":"2026-01-16T13:24:25","date_gmt":"2026-01-16T13:24:25","guid":{"rendered":"https:\/\/www.europesays.com\/no\/139180\/"},"modified":"2026-01-16T13:24:25","modified_gmt":"2026-01-16T13:24:25","slug":"arfan-bhatti-domt-til-forvaring-etter-terrorangrepet-i-oslo","status":"publish","type":"post","link":"https:\/\/www.europesays.com\/no\/139180\/","title":{"rendered":"Arfan Bhatti d\u00f8mt til forvaring etter terrorangrepet i Oslo"},"content":{"rendered":"<p class=\"extendedContent hyperion-css-eyn926\" data-test-tag=\"lead-text\">Arfan Bhatti har f\u00e5tt lovens strengeste straff. Han er felt av meldinger han sendte til en agent fra E-tjenesten. Bhatti trodde agenten var et IS-medlem. Han har anket p\u00e5 stedet.<\/p>\n<p><img decoding=\"async\" class=\"image-asset hyperion-css-heoka8\" data-test-tag=\"image-asset\" src=\"https:\/\/www.europesays.com\/no\/wp-content\/uploads\/2026\/01\/28650ff3-d208-4d22-b56e-1691db27bd6c.jpeg\"  alt=\"Arfan Bhatti overrasket mange med sin stilendring da han m\u00f8tte opp p\u00e5 rettssakens f\u00f8rste dag i september i fjor. \"  loading=\"eager\" fetchpriority=\"high\" style=\"aspect-ratio:2048 \/ 1365\"\/>Arfan Bhatti overrasket mange med sin stilendring da han m\u00f8tte opp p\u00e5 rettssakens f\u00f8rste dag i september i fjor. Foto: Olav Olsen<\/p>\n<p class=\"paywall hyperion-css-1j42uic\">To personer ble drept og flere skadet i angrepet i Oslo sentrum i juni 2025.<\/p>\n<p class=\"paywall hyperion-css-1j42uic\"><strong>Fredag kom dommen: Bhatti er d\u00f8mt etter tiltalen. Dommen er p\u00e5 forvaring i 30 \u00e5r med en minstetid p\u00e5 20 \u00e5r. Dommen er enstemmig. Han har f\u00e5tt forvaring fordi han if\u00f8lge dommen har stor voldskapasitet og av hensyn til samfunnsvernet.<\/strong><\/p>\n<p class=\"paywall hyperion-css-1j42uic\">Bhatti ble hentet inn i rettssalen klokken 11.55. Han smilte, klemte og snakket med sine forsvarere.<\/p>\n<p class=\"paywall hyperion-css-1j42uic\">Da resultatet ble kjent, satt han der med et alvorlig ansikt og fulgte med p\u00e5 opplesningen av dommen. Da Bhatti fikk ordet etter opplesningen, anket han p\u00e5 stedet.<\/p>\n<p class=\"paywall hyperion-css-1j42uic\">\u2013 Bhatti sier han er uskyldig og har anket p\u00e5 stedet, sier Bernt Heiberg som er en av Bhattis forsvarere.<\/p>\n<p>Arfan Qadeer Bhatti (48)<\/p>\n<p class=\"hyperion-css-ffjyk2\">Ble i ung alder kjent som lederskikkelse i gjengen Young Guns.<\/p>\n<p>Vis merAktor Sturla Henriksb\u00f8 og aktor Aud Kinsarvik Grav\u00e5s f\u00f8r domsavsigelsen fredag.<\/p>\n<p>1 av 3Foto: Stein J. Bj\u00f8rge \/ Aftenposten<\/p>\n<p class=\"paywall hyperion-css-1j42uic\">Mannen som utf\u00f8rte selve angrepet, Zaniar Matapour, ble i 2024 d\u00f8mt til 30 \u00e5rs forvaring med en minstetid p\u00e5 20 \u00e5r. Bhatti var i Pakistan da angrepet skjedde. Han ble p\u00e5grepet av pakistansk politi i september 2022 og ble <a data-test-tag=\"internal-link\" href=\"https:\/\/www.aftenposten.no\/norge\/i\/nygK2J\/arfan-bhatti-har-landet-i-norge-skal-vitne-neste-uke\" class=\"hyperion-css-1raymq9\" rel=\"nofollow noopener\" target=\"\" aria-label=\"hentet til Norge i 2024\" theme=\"breaking-short\">hentet til Norge i 2024<\/a>. 48-\u00e5ringen motsatte seg innlevering til Norge, men fikk ikke geh\u00f8r i det pakistanske rettsvesenet.<\/p>\n<p class=\"paywall hyperion-css-1j42uic\">Under rettsforhandlingene kom det frem at Matapour og Bhatti er gode venner. <\/p>\n<p class=\"paywall hyperion-css-1j42uic\">Det er ogs\u00e5 konstatert at Bhatti videresendte et troskapsed fra Matapour til IS. Det Bhatti ikke var klar over, var at personen han trodde var et IS-medlem, var en agent som jobbet for den norske Etterretningstjenesten.<\/p>\n<p class=\"paywall hyperion-css-1j42uic\">Bhatti hadde en lang meldingsutveksling med denne agenten, noe som var med p\u00e5 \u00e5 danne grunnlaget for tiltalen. P\u00e5 bakgrunn av disse meldingene ble Bhatti tiltalt for terrorforbund. If\u00f8lge tiltalen foreslo Bhatti overfor denne agenten blant annet angrep mot Norges ambassade i Pakistan og mot familien til Jens Stoltenberg.<\/p>\n<p><img decoding=\"async\" class=\"image-asset hyperion-css-u06ts1\" data-test-tag=\"image-asset\" src=\"https:\/\/www.europesays.com\/no\/wp-content\/uploads\/2026\/01\/257b0f7a-6556-4db6-b8d1-bd21a879fc1a.jpeg\"  alt=\"To personer ble drept og flere s\u00e5ret i angret mot pubene Per p\u00e5 hj\u00f8rnet og London pub i juni 2022.\"  loading=\"eager\" fetchpriority=\"high\" style=\"aspect-ratio:954 \/ 634\"\/>To personer ble drept og flere s\u00e5ret i angret mot pubene Per p\u00e5 hj\u00f8rnet og London pub i juni 2022. Foto: PolitietFelt av samtaler med E-tjenesten<\/p>\n<p class=\"paywall hyperion-css-1j42uic\">N\u00e5 leser tingrettsdommer Kim Heger dommen mot Bhatti. Dommen er p\u00e5 59 sider. Dommer Heger ansl\u00e5r at opplesningen vil ta to timer, muligens noe lengre tid.<\/p>\n<p class=\"paywall hyperion-css-1j42uic\">\u2013 De sentrale bevisene i saken er agent-samtaler, leser Heger fra dommen og viser til samtaler som Bhatti hadde med agenten fra E-tjenesten.<\/p>\n<p class=\"paywall hyperion-css-1j42uic\">Bhatti har ikke bestridt samtalene, men mener at de ikke beviser at han har medvirket til terroren i Oslo. Bhatti har ogs\u00e5 ment at disse samtaler er \u00e5 regne som ulovlige bevis fordi de er \u00e5 regne som provokasjon.<\/p>\n<p class=\"paywall hyperion-css-1j42uic\">Bhatti har ogs\u00e5 anf\u00f8rt at Matapours angrep ikke var rettet mot det homofile milj\u00f8et og var ikke et terrorangrep. Derfor kan han ikke d\u00f8mmes for medvirkning til terror. <\/p>\n<p>Retten: Bhatti kjente til angrepet<\/p>\n<p class=\"paywall hyperion-css-1j42uic\">Matapour har forklart at han \u00f8nsket \u00e5 skyte p\u00e5 politifolk og drepe s\u00e5 mange som mulig. Han hadde ikke terrorhensikt. Retten mener at denne forklaringen er oppkonstruert og at det var en terrorhandling som rammet det skeive milj\u00f8et.<\/p>\n<p class=\"paywall hyperion-css-1j42uic\">\u2013 Det er ikke noe rom for tvil at Bhattis og Matapours m\u00e5l var \u00e5 ramme pride-feiringen, leser Heger videre og sier videre at Bhatti har handlet med terrorhensikt.<\/p>\n<p class=\"paywall hyperion-css-1j42uic\">Ogs\u00e5 ekskona til Bhatti, Aisha Kausar, er siktet i saken. Hun befinner seg for tiden i Syria. Kausar hadde ogs\u00e5 kontakt med denne agenten. Hun oppga navnet til Bhatti i en melding til agenten og skrev at Bhatti var involvert i angrepet.<\/p>\n<p class=\"paywall hyperion-css-1j42uic\">Bhatti har selv skrevet til agenten at planleggingen til angrepet tok noe tid, og at han hadde bist\u00e5tt med v\u00e5pen. 48-\u00e5ringen har i samtaler med agenten ogs\u00e5 skrevet at han og Matapour hadde snakket om angrepet.<\/p>\n<p class=\"paywall hyperion-css-1j42uic\"><strong>\u2013 Agentsamtalene utvilsomt viser at Bhatti var med p\u00e5 angrepet, konstaterer Heger.<\/strong><\/p>\n<p class=\"paywall hyperion-css-1j42uic\">Heger mener at Bhattis forklaring om at han bare ville skryte overfor IS, ikke er troverdig. Retten mener at Bhatti kjente til angrepet f\u00f8r det ble utf\u00f8rt og at han var med p\u00e5 \u00e5 fremskaffe v\u00e5pen som ble brukt.<\/p>\n<p class=\"paywall hyperion-css-1j42uic\">Det er ingen formildende omstendigheter i dommen.<\/p>\n<p>Ogs\u00e5 d\u00f8mt for terrorforbund<\/p>\n<p class=\"paywall hyperion-css-1j42uic\">Bhatti er n\u00e5 d\u00f8mt for b\u00e5de medvirkning til terror og fors\u00f8k p\u00e5 terrorforbund for \u00e5 ha kommet med forslag om angrep mot Norges ambassade i Pakistan og mot Jens Stoltenbergs familie. Ogs\u00e5 her er Bhattis egne meldinger det sentrale beviset mot ham.<\/p>\n<p class=\"paywall hyperion-css-1j42uic\">Bhatti har selv ment at han er blitt lokket av agenten og kommet med terrorforslag etter provokasjon.<\/p>\n<p class=\"paywall hyperion-css-1j42uic\">Det sentrale for retten er at ingen av forslagene kommer fra agenten, men det er Bhatti som kommer med forslag om terrorm\u00e5l. Retten er derfor ikke enig i Bhattis syn p\u00e5 dette sp\u00f8rsm\u00e5let.<\/p>\n","protected":false},"excerpt":{"rendered":"Arfan Bhatti har f\u00e5tt lovens strengeste straff. Han er felt av meldinger han sendte til en agent fra&hellip;\n","protected":false},"author":2,"featured_media":139181,"comment_status":"","ping_status":"","sticky":false,"template":"","format":"standard","meta":{"footnotes":""},"categories":[10],"tags":[20,21,24,25,15,22,23,13,30,28,29,14,16,26,27],"class_list":{"0":"post-139180","1":"post","2":"type-post","3":"status-publish","4":"format-standard","5":"has-post-thumbnail","7":"category-norge","8":"tag-breaking-news","9":"tag-breakingnews","10":"tag-featured-news","11":"tag-featurednews","12":"tag-headlines","13":"tag-latest-news","14":"tag-latestnews","15":"tag-news","16":"tag-no","17":"tag-norge","18":"tag-norway","19":"tag-nyheter","20":"tag-overskrifter","21":"tag-top-stories","22":"tag-topstories"},"share_on_mastodon":{"url":"https:\/\/pubeurope.com\/@no\/115905001118781448","error":""},"_links":{"self":[{"href":"https:\/\/www.europesays.com\/no\/wp-json\/wp\/v2\/posts\/139180","targetHints":{"allow":["GET"]}}],"collection":[{"href":"https:\/\/www.europesays.com\/no\/wp-json\/wp\/v2\/posts"}],"about":[{"href":"https:\/\/www.europesays.com\/no\/wp-json\/wp\/v2\/types\/post"}],"author":[{"embeddable":true,"href":"https:\/\/www.europesays.com\/no\/wp-json\/wp\/v2\/users\/2"}],"replies":[{"embeddable":true,"href":"https:\/\/www.europesays.com\/no\/wp-json\/wp\/v2\/comments?post=139180"}],"version-history":[{"count":0,"href":"https:\/\/www.europesays.com\/no\/wp-json\/wp\/v2\/posts\/139180\/revisions"}],"wp:featuredmedia":[{"embeddable":true,"href":"https:\/\/www.europesays.com\/no\/wp-json\/wp\/v2\/media\/139181"}],"wp:attachment":[{"href":"https:\/\/www.europesays.com\/no\/wp-json\/wp\/v2\/media?parent=139180"}],"wp:term":[{"taxonomy":"category","embeddable":true,"href":"https:\/\/www.europesays.com\/no\/wp-json\/wp\/v2\/categories?post=139180"},{"taxonomy":"post_tag","embeddable":true,"href":"https:\/\/www.europesays.com\/no\/wp-json\/wp\/v2\/tags?post=139180"}],"curies":[{"name":"wp","href":"https:\/\/api.w.org\/{rel}","templated":true}]}}