{"id":139188,"date":"2026-01-16T13:30:31","date_gmt":"2026-01-16T13:30:31","guid":{"rendered":"https:\/\/www.europesays.com\/no\/139188\/"},"modified":"2026-01-16T13:30:31","modified_gmt":"2026-01-16T13:30:31","slug":"slik-kan-nato-soldater-pa-gronland-hindre-usa-teknisk-ukeblad","status":"publish","type":"post","link":"https:\/\/www.europesays.com\/no\/139188\/","title":{"rendered":"Slik kan Nato-soldater p\u00e5 Gr\u00f8nland hindre USA &#8211; Teknisk Ukeblad"},"content":{"rendered":"<ol>\n<li><a href=\"https:\/\/news.google.com\/rss\/articles\/CBMihgFBVV95cUxNalBwV0xpdGRiNGs4eVc4dnM2Ykc4Qkd1T0lVd0NVTnpGYVdQcV9GZDBnazhuYjZWUHp1ZVhwRzFNWGpHdk5XcjJBWWlPcHR3czN0a241ZWRiSUEya0VvQXdGYzdtTnRickxNa2JReWJSU1liWTNuUnZpQXFIS190YU92T0R0dw?oc=5\" target=\"_blank\" rel=\"nofollow noopener\">Slik kan Nato-soldater p\u00e5 Gr\u00f8nland hindre USA<\/a>&nbsp;&nbsp;Teknisk Ukeblad<\/li>\n<li><a href=\"https:\/\/news.google.com\/rss\/articles\/CBMingFBVV95cUxONlg2dnN0N1ROdUlEUFNHODVnNUJGN0ZNZTYwbC1INnFGa1ZfMHM5V09pWFY4bEFHTHFFMHV4Vi1YZW9RenA0bjQ5cEpGUko2ZzRwanlWS2xKdGg1bnlEbXc3MHd5cFZoYmNDOWpfampaRjY3UXhRNFJUZHk2SkVwSGJhdTFRNVVIbU9jeVdtMUJtMUtXUGRjZkZBU0RjQQ?oc=5\" target=\"_blank\" rel=\"nofollow noopener\">Norge og Europa sender soldater til Gr\u00f8nland: \u2013 En start\u00adgruppe, sier professor<\/a>&nbsp;&nbsp;NRK<\/li>\n<li><a href=\"https:\/\/news.google.com\/rss\/articles\/CBMitAFBVV95cUxNNzh4cGdJQ3J3QWxOZUxtWHR3dmQyNWZSUGpCYWl3d0RyNTZVUl9QQ2pDTVI5aWh0Rzh3Yk56cHd3RmZCaFlWVzFzc2w3SDBTbDNfdzhXNnJBeFFDd0prdDlxU2lrY1lvZENqYTBRZ2tkTlFoMEFKTE13TFQwalNhWGJEOGh1eFFkbnZ6bHlfSXZhWWRMcDBucXVpa0REcUZyaDlIaGJkcnQ0NUZGZzgzTHBqekI?oc=5\" target=\"_blank\" rel=\"nofollow noopener\">To stabsoffiserer fra Norge sendt til Gr\u00f8nland, bekrefter Sandvik<\/a>&nbsp;&nbsp;adressa.no<\/li>\n<li><a href=\"https:\/\/news.google.com\/rss\/articles\/CBMimAFBVV95cUxQcDIteVhnVmE4S2dINHdQZlZBYTJpYjdDUzVhXzNsN1F2d1NGenROemkwbjNQOFYwY0pqZEJrSWRCMW83VWptbzNQVFJkZmtoaUdRcWZxUE14WnFob0pTdlRXc0d0R0NJREsxZUtvRkQzUlFSemc3SWVWY0RHeXpoblNhbHc1MzhWZHQ5aXI3TkNyRS1OQTZqcQ?oc=5\" target=\"_blank\" rel=\"nofollow noopener\">MDG vil ha norsk generalkonsulat p\u00e5 Gr\u00f8nland<\/a>&nbsp;&nbsp;E24<\/li>\n<li><a href=\"https:\/\/news.google.com\/rss\/articles\/CBMihAFBVV95cUxOR0s2endUVVM0bFlkZV83Wmc4d0lHMF84dDJNWHJWaGhLZjRDa0NjNDVDaFZHOW8xUTR5NzNzQ3Rsb1pPRWJjdDVZOWptdTFVSjl5TFpGNFZxZ0FOTVBlaGNqTnBFSi1uMEd4U1hTMFVDR3dFTlFOSVRIeklONjNBdGU2Y2s?oc=5\" target=\"_blank\" rel=\"nofollow noopener\">Representerer Norge: &#8211; Ting skjer raskt<\/a>&nbsp;&nbsp;Dagbladet<\/li>\n<\/ol>\n","protected":false},"excerpt":{"rendered":"Slik kan Nato-soldater p\u00e5 Gr\u00f8nland hindre USA&nbsp;&nbsp;Teknisk Ukeblad Norge og Europa sender soldater til Gr\u00f8nland: \u2013 En start\u00adgruppe,&hellip;\n","protected":false},"author":2,"featured_media":139189,"comment_status":"","ping_status":"","sticky":false,"template":"","format":"standard","meta":{"footnotes":""},"categories":[12],"tags":[20,21,24,25,226,15,22,23,13,30,28,29,14,16,26,27,42,43,44,45],"class_list":{"0":"post-139188","1":"post","2":"type-post","3":"status-publish","4":"format-standard","5":"has-post-thumbnail","7":"category-verden","8":"tag-breaking-news","9":"tag-breakingnews","10":"tag-featured-news","11":"tag-featurednews","12":"tag-forsvar","13":"tag-headlines","14":"tag-latest-news","15":"tag-latestnews","16":"tag-news","17":"tag-no","18":"tag-norge","19":"tag-norway","20":"tag-nyheter","21":"tag-overskrifter","22":"tag-top-stories","23":"tag-topstories","24":"tag-verden","25":"tag-world","26":"tag-world-news","27":"tag-worldnews"},"share_on_mastodon":{"url":"https:\/\/pubeurope.com\/@no\/115905024759880267","error":""},"_links":{"self":[{"href":"https:\/\/www.europesays.com\/no\/wp-json\/wp\/v2\/posts\/139188","targetHints":{"allow":["GET"]}}],"collection":[{"href":"https:\/\/www.europesays.com\/no\/wp-json\/wp\/v2\/posts"}],"about":[{"href":"https:\/\/www.europesays.com\/no\/wp-json\/wp\/v2\/types\/post"}],"author":[{"embeddable":true,"href":"https:\/\/www.europesays.com\/no\/wp-json\/wp\/v2\/users\/2"}],"replies":[{"embeddable":true,"href":"https:\/\/www.europesays.com\/no\/wp-json\/wp\/v2\/comments?post=139188"}],"version-history":[{"count":0,"href":"https:\/\/www.europesays.com\/no\/wp-json\/wp\/v2\/posts\/139188\/revisions"}],"wp:featuredmedia":[{"embeddable":true,"href":"https:\/\/www.europesays.com\/no\/wp-json\/wp\/v2\/media\/139189"}],"wp:attachment":[{"href":"https:\/\/www.europesays.com\/no\/wp-json\/wp\/v2\/media?parent=139188"}],"wp:term":[{"taxonomy":"category","embeddable":true,"href":"https:\/\/www.europesays.com\/no\/wp-json\/wp\/v2\/categories?post=139188"},{"taxonomy":"post_tag","embeddable":true,"href":"https:\/\/www.europesays.com\/no\/wp-json\/wp\/v2\/tags?post=139188"}],"curies":[{"name":"wp","href":"https:\/\/api.w.org\/{rel}","templated":true}]}}