{"id":139196,"date":"2026-01-16T13:37:33","date_gmt":"2026-01-16T13:37:33","guid":{"rendered":"https:\/\/www.europesays.com\/no\/139196\/"},"modified":"2026-01-16T13:37:33","modified_gmt":"2026-01-16T13:37:33","slug":"forholdet-til-kina-mer-forutsigbart-enn-det-til-usa","status":"publish","type":"post","link":"https:\/\/www.europesays.com\/no\/139196\/","title":{"rendered":"\u2013 Forholdet til Kina mer forutsigbart enn det til USA"},"content":{"rendered":"<p>    Kina og Canada er enige om \u00e5 redusere toll p\u00e5 hverandres varer etter at Kinas president Xi Jinping tok imot canadiske Mark Carney i Beijing.<\/p>\n<p>\n        Canadas statsminister Mark Carney h\u00e5ndhilser p\u00e5 Kinas president Xi Jinping fredag.<br \/>\n        Sean Kilpatrick\/The Canadian Press via AP \/ NTB\n    <\/p>\n<p>Blant annet skal Kina senke tollsatsen p\u00e5 canadisk rapsolje fra 1. mars. Samlet skal tollsatsene ned fra 84 prosent til 15 prosent, if\u00f8lge Carney.<\/p>\n<p>Canadiske turister f\u00e5r ogs\u00e5 reise visumfritt inn i Kina.<\/p>\n<p>                <img decoding=\"async\" src=\"https:\/\/www.europesays.com\/no\/wp-content\/uploads\/2026\/01\/1379861.webp.jpeg\" width=\"480\" height=\"274\" title=\"Kinas president Xi Jinping tok imot Carney i Folkets store sal p\u00e5 Den himmelske fredsplass.\" alt=\"\" loading=\"lazy\" style=\"\"\/><\/p>\n<p>\n            Kinas president Xi Jinping tok imot Carney i Folkets store sal p\u00e5 Den himmelske fredsplass.<br \/>\n            Vincent Thian \/ AP \/ NTB\n        <\/p>\n<p>Canada skal p\u00e5 sin side importere opp mot 49.000 kinesiske elbiler til en tollsats p\u00e5 6,1 prosent.<\/p>\n<p>\u2013 Dermed g\u00e5r vi tilbake til niv\u00e5ene vi hadde f\u00f8r de nylige uoverensstemmelsene om toll, sier den canadiske statsministeren.<\/p>\n<p>                <img decoding=\"async\" src=\"https:\/\/www.europesays.com\/no\/wp-content\/uploads\/2026\/01\/1379868.webp.jpeg\" width=\"480\" height=\"274\" title=\"Mark Carney skr\u00f8t av forholdet til Kina. De to landene er enige om \u00e5 senke tollsatsene p\u00e5 hverandres varer.\" alt=\"\" loading=\"lazy\" style=\"\"\/><\/p>\n<p>\n            Mark Carney skr\u00f8t av forholdet til Kina. De to landene er enige om \u00e5 senke tollsatsene p\u00e5 hverandres varer.<br \/>\n            Vincent Thian \/ AP \/ NTB\n        <\/p>\n<p>Carney skr\u00f8t av forholdet til Kina. Det er mer forutsigbart enn forholdet til USA, svarte han da han ble bedt om \u00e5 sammenligne de to.<\/p>\n<p>Han beskrev samtidig b\u00e5ndene til USA som mer mangefasettert, dypere og bredere enn de med Kina.<\/p>\n","protected":false},"excerpt":{"rendered":"Kina og Canada er enige om \u00e5 redusere toll p\u00e5 hverandres varer etter at Kinas president Xi Jinping&hellip;\n","protected":false},"author":2,"featured_media":139197,"comment_status":"","ping_status":"","sticky":false,"template":"","format":"standard","meta":{"footnotes":""},"categories":[12],"tags":[20,21,24,25,15,22,23,13,30,28,29,14,16,26,27,42,43,44,45],"class_list":{"0":"post-139196","1":"post","2":"type-post","3":"status-publish","4":"format-standard","5":"has-post-thumbnail","7":"category-verden","8":"tag-breaking-news","9":"tag-breakingnews","10":"tag-featured-news","11":"tag-featurednews","12":"tag-headlines","13":"tag-latest-news","14":"tag-latestnews","15":"tag-news","16":"tag-no","17":"tag-norge","18":"tag-norway","19":"tag-nyheter","20":"tag-overskrifter","21":"tag-top-stories","22":"tag-topstories","23":"tag-verden","24":"tag-world","25":"tag-world-news","26":"tag-worldnews"},"share_on_mastodon":{"url":"https:\/\/pubeurope.com\/@no\/115905052367750119","error":""},"_links":{"self":[{"href":"https:\/\/www.europesays.com\/no\/wp-json\/wp\/v2\/posts\/139196","targetHints":{"allow":["GET"]}}],"collection":[{"href":"https:\/\/www.europesays.com\/no\/wp-json\/wp\/v2\/posts"}],"about":[{"href":"https:\/\/www.europesays.com\/no\/wp-json\/wp\/v2\/types\/post"}],"author":[{"embeddable":true,"href":"https:\/\/www.europesays.com\/no\/wp-json\/wp\/v2\/users\/2"}],"replies":[{"embeddable":true,"href":"https:\/\/www.europesays.com\/no\/wp-json\/wp\/v2\/comments?post=139196"}],"version-history":[{"count":0,"href":"https:\/\/www.europesays.com\/no\/wp-json\/wp\/v2\/posts\/139196\/revisions"}],"wp:featuredmedia":[{"embeddable":true,"href":"https:\/\/www.europesays.com\/no\/wp-json\/wp\/v2\/media\/139197"}],"wp:attachment":[{"href":"https:\/\/www.europesays.com\/no\/wp-json\/wp\/v2\/media?parent=139196"}],"wp:term":[{"taxonomy":"category","embeddable":true,"href":"https:\/\/www.europesays.com\/no\/wp-json\/wp\/v2\/categories?post=139196"},{"taxonomy":"post_tag","embeddable":true,"href":"https:\/\/www.europesays.com\/no\/wp-json\/wp\/v2\/tags?post=139196"}],"curies":[{"name":"wp","href":"https:\/\/api.w.org\/{rel}","templated":true}]}}