{"id":139201,"date":"2026-01-16T13:45:51","date_gmt":"2026-01-16T13:45:51","guid":{"rendered":"https:\/\/www.europesays.com\/no\/139201\/"},"modified":"2026-01-16T13:45:51","modified_gmt":"2026-01-16T13:45:51","slug":"forsker-mener-russland-ikke-har-tiden-pa-sin-side","status":"publish","type":"post","link":"https:\/\/www.europesays.com\/no\/139201\/","title":{"rendered":"Forsker mener Russland ikke har tiden p\u00e5 sin side"},"content":{"rendered":"<p class=\"kicker t15 font-weight-bold m-font-weight-bold color_mobile_no_bg_color quaternary color_mobile_quaternary font-Trim text-case-transform-upper mobile-hasTextPadding\" style=\"\">Nyheter<\/p>\n<p>    \u2013 Det er mange indikatorer som peker mot at krigen n\u00e5 begynner \u00e5 smerte veldig for den russiske \u00f8konomien, sier forsker Trygve Smidt.<\/p>\n<p>\n        FIRE \u00c5R: Om en dr\u00f8y m\u00e5ned er det fire \u00e5r siden Russland gikk til angrep p\u00e5 Ukraina. N\u00e5 begynner krigen virkelig \u00e5 t\u00e6re p\u00e5 den russiske \u00f8konomien, if\u00f8lge forsker.<br \/>\n        Foto: Andriy Andriyenko, Ukraine&#8217;s 65th Mechanized Brigade via AP, NTB\n    <\/p>\n<p>I Russland stuper \u00f8konomien, og krigskostnadene begynner virkelig \u00e5 smerte, if\u00f8lge\u00a0forsker\u00a0Trygve Smidt ved Krigsskolen.<\/p>\n<p>\u2013 Den russiske \u00f8konomien vil sannsynligvis g\u00e5 i minus i 2026, sier Smidt til NTB.<\/p>\n<p>Blant annet sanksjonene har f\u00f8rt til et \u00f8konomisk fall p\u00e5 8 prosent.<\/p>\n<p>Det kan f\u00e5 stor betydning for den russiske krigsmaskinen. Russlands evne til \u00e5 produsere nytt milit\u00e6rmateriell er p\u00e5 vei ned og vil trolig bli ytterligere svekket i \u00e5r, opplyste Smidt p\u00e5 et Nupi-seminar onsdag.<\/p>\n<p>Der var overskriften\u00a0om\u00a0det er h\u00e5p\u00a0om\u00a0en ende p\u00e5\u00a0krigen\u00a0i\u00a0Ukraina.<\/p>\n<p>\u2013 Smerte veldig<\/p>\n<p>Sp\u00f8rsm\u00e5let er hvor lenge Russland vil holde ut, mener Smidt.<\/p>\n<p>\u2013 Russland har tiden mot sin side. Det er mange indikatorer som peker mot at\u00a0krigen\u00a0n\u00e5 begynner \u00e5 smerte veldig for den russiske \u00f8konomien, sier han til NTB og utdyper:<\/p>\n<ul>\n<li class=\"lab-bodytext-line\">Bonusene til dem som verver seg til det milit\u00e6re, er blitt redusert med tre firedeler.<\/li>\n<li class=\"lab-bodytext-line\">Russland har nesten brukt opp sitt \u00aboljefond\u00bb \u2013 National Welfare Fund.<\/li>\n<li class=\"lab-bodytext-line\">Bilindustrien har falt med 40 prosent.<\/li>\n<li class=\"lab-bodytext-line\">Det produseres ikke tilstrekkelig materiell til \u00e5 holde jernbanen, som er avgj\u00f8rende for b\u00e5de industri og samfunnsliv, ved like.<\/li>\n<\/ul>\n<p>\u2013 Dette er tydelige indikasjoner p\u00e5 at \u00f8konomien ikke t\u00e5ler \u00e5 bruke s\u00e5 mye penger p\u00e5 krig lenger, sier Smidt.<\/p>\n<p class=\"italic m-italic\" data-lab-italic=\"italic\">\u2013 Hvor mye betyr st\u00f8tten fra Kina?<\/p>\n<p>\u2013 Kina har hjulpet Russland med \u00e5 holde ting i gang, men Kina gir ingenting gratis.<\/p>\n<p>Mulighetsrom for\u00a0Ukraina<\/p>\n<p>Situasjonen i Russland gir muligheter for\u00a0Ukraina, mener Smidt.<\/p>\n<p>\u2013 Dersom Vest-Europa \u00f8ker st\u00f8tten til\u00a0Ukraina, s\u00e5 er det en reell mulighet for at\u00a0Ukraina\u00a0kan begynne \u00e5 f\u00e5 overtak p\u00e5 viktige omr\u00e5der milit\u00e6rt sett. Hvis den russiske kampkraften og det russiske forsvaret f\u00e5r en knekk n\u00e5, og det begynner \u00e5 g\u00e5 relativt mye nedover, s\u00e5 er det et mulighetsrom.<\/p>\n<p>Det kan gi\u00a0Ukraina\u00a0sterkere kort p\u00e5 h\u00e5nden ved et forhandlingsbord.<\/p>\n<p>Men forutsetningen er alts\u00e5 at europeiske land \u00f8ker st\u00f8tten kraftig. I en\u00a0<a href=\"https:\/\/www.nupi.no\/publikasjoner\/cristin-pub\/to-scenarier-for-krigen-i-ukraina-hva-betyr-de-for-europa-og-hva-vil-det-koste\" target=\"_blank\" rel=\"nofollow noopener\">Nupi-rapport<\/a>\u00a0f\u00f8r jul konkluderte Smidt og andre forskere med at Europa m\u00e5 tr\u00e5 til med minst 600 til 800 milliarder euro de neste fire \u00e5rene.<\/p>\n<p>\u2013 Vi m\u00e5 gi\u00a0Ukraina\u00a0mulighet til \u00e5 lykkes gjennom \u00e5 gi dem tungt og ikke minst nok materiell. De trenger alt, sier Smidt.<\/p>\n<p>N\u00f8kkel: Uh\u00e5ndterlige kostnader<\/p>\n<p>De siste m\u00e5nedene har det v\u00e6rt hektisk aktivitet fra USA og Europa for \u00e5 f\u00e5 en reell fredsprosess p\u00e5 beina.<\/p>\n<p>Men en viktig n\u00f8kkel for \u00e5 f\u00e5 slutt p\u00e5\u00a0krigen\u00a0er at kostnadene blir uh\u00e5ndterbare for Russland, if\u00f8lge forskeren.<\/p>\n<p>Det kan true maktposisjonen til president Vladimir Putin.<\/p>\n<p>\u2013 Putin og hans n\u00e6rmeste krets m\u00e5 ta en vurdering av risikoen for egen maktposisjon ved \u00e5 fortsette, versus \u00e5 stoppe\u00a0krigen\u00a0der vi er n\u00e5, sier Smidt.<\/p>\n<p class=\"italic m-italic\" data-lab-italic=\"italic\">\u2013 Tror du det blir en fred i 2026?<\/p>\n<p>\u2013 Det er vanskelig \u00e5 si. Men jeg tror at sannsynligheten er mye st\u00f8rre enn den var i fjor, sier Smidt.<\/p>\n<p>Ukrainerne tilpasser seg<\/p>\n<p>Samtidig viser ukrainerne overraskende motstandsdyktighet, if\u00f8lge\u00a0forsker\u00a0Oleksandra Deineko ved Oslo Met, som selv er ukrainer.<\/p>\n<p>\u2013 Ferske m\u00e5linger viser at folk tilpasser seg\u00a0krigen\u00a0og har g\u00e5tt fra skuffelse til motstandskraft. Det har skjedd en psykologisk tilpasning, fortalte hun en fullsatt sal p\u00e5 Nupi-seminaret.<\/p>\n<p>\u2013 Flere ser n\u00e5 mer positivt p\u00e5 Ukrainas framtid, sier hun.<\/p>\n<p>I tillegg sier flere \u2013 seks av ti \u2013 at de har tillit til president Volodymyr Zelenskyj, trass i flere korrupsjonsskandaler det siste halv\u00e5ret, opplyser Deineko.<\/p>\n<p>Derimot m\u00f8tte Zelenskyj kraftig motstand da han f\u00f8r jul testet ukrainernes villighet til \u00e5 gi fra seg land i bytte mot fred.<\/p>\n<p>\u2013 Zelenskyj vil ikke f\u00e5 noe mandat til \u00e5 avst\u00e5 territorier, sl\u00e5r Deineko fast.<\/p>\n","protected":false},"excerpt":{"rendered":"Nyheter \u2013 Det er mange indikatorer som peker mot at krigen n\u00e5 begynner \u00e5 smerte veldig for den&hellip;\n","protected":false},"author":2,"featured_media":139202,"comment_status":"","ping_status":"","sticky":false,"template":"","format":"standard","meta":{"footnotes":""},"categories":[12],"tags":[20,21,24,25,15,22,23,13,30,28,29,14,16,26,27,42,43,44,45],"class_list":{"0":"post-139201","1":"post","2":"type-post","3":"status-publish","4":"format-standard","5":"has-post-thumbnail","7":"category-verden","8":"tag-breaking-news","9":"tag-breakingnews","10":"tag-featured-news","11":"tag-featurednews","12":"tag-headlines","13":"tag-latest-news","14":"tag-latestnews","15":"tag-news","16":"tag-no","17":"tag-norge","18":"tag-norway","19":"tag-nyheter","20":"tag-overskrifter","21":"tag-top-stories","22":"tag-topstories","23":"tag-verden","24":"tag-world","25":"tag-world-news","26":"tag-worldnews"},"share_on_mastodon":{"url":"https:\/\/pubeurope.com\/@no\/115905087678931047","error":""},"_links":{"self":[{"href":"https:\/\/www.europesays.com\/no\/wp-json\/wp\/v2\/posts\/139201","targetHints":{"allow":["GET"]}}],"collection":[{"href":"https:\/\/www.europesays.com\/no\/wp-json\/wp\/v2\/posts"}],"about":[{"href":"https:\/\/www.europesays.com\/no\/wp-json\/wp\/v2\/types\/post"}],"author":[{"embeddable":true,"href":"https:\/\/www.europesays.com\/no\/wp-json\/wp\/v2\/users\/2"}],"replies":[{"embeddable":true,"href":"https:\/\/www.europesays.com\/no\/wp-json\/wp\/v2\/comments?post=139201"}],"version-history":[{"count":0,"href":"https:\/\/www.europesays.com\/no\/wp-json\/wp\/v2\/posts\/139201\/revisions"}],"wp:featuredmedia":[{"embeddable":true,"href":"https:\/\/www.europesays.com\/no\/wp-json\/wp\/v2\/media\/139202"}],"wp:attachment":[{"href":"https:\/\/www.europesays.com\/no\/wp-json\/wp\/v2\/media?parent=139201"}],"wp:term":[{"taxonomy":"category","embeddable":true,"href":"https:\/\/www.europesays.com\/no\/wp-json\/wp\/v2\/categories?post=139201"},{"taxonomy":"post_tag","embeddable":true,"href":"https:\/\/www.europesays.com\/no\/wp-json\/wp\/v2\/tags?post=139201"}],"curies":[{"name":"wp","href":"https:\/\/api.w.org\/{rel}","templated":true}]}}