{"id":139203,"date":"2026-01-16T13:46:11","date_gmt":"2026-01-16T13:46:11","guid":{"rendered":"https:\/\/www.europesays.com\/no\/139203\/"},"modified":"2026-01-16T13:46:11","modified_gmt":"2026-01-16T13:46:11","slug":"trafikk-fly-kan-ha-avfyrt-skudd-mot-wideroe-fly-avisa-nordland","status":"publish","type":"post","link":"https:\/\/www.europesays.com\/no\/139203\/","title":{"rendered":"Trafikk, Fly | Kan ha avfyrt skudd mot Wider\u00f8e-fly &#8211; Avisa Nordland"},"content":{"rendered":"<ol>\n<li><a href=\"https:\/\/news.google.com\/rss\/articles\/CBMidkFVX3lxTFBsT1NGTUpQUlRiZ3hQUU9Rbk5aeUFnQkVSR1RmSUpKOE1ERGw3X2hSN19NY3Fibm1lZFd5WFJmNUZyRGZHZ05qMUMwQVlyMmIwSFdqZmp0SU42aEVmR3VxZ1poZlJPaVUwMThqeUtPMEEzZ1pkRFE?oc=5\" target=\"_blank\" rel=\"nofollow noopener\">Trafikk, Fly | Kan ha avfyrt skudd mot Wider\u00f8e-fly<\/a>&nbsp;&nbsp;Avisa Nordland<\/li>\n<li><a href=\"https:\/\/news.google.com\/rss\/articles\/CBMiqwFBVV95cUxQa1FfeEVvQmM1R3NPVzJRNG8zd2gtZnhSeDdzQ0hMbTdqQmFZWkFvUWJ4dGpiWkVTajRlS19RemVqNG5SRHU5bEFWOGd3S0NnaXMtYmxSdUFTNlY0VlVoNm1KTHhFZnFaUHBGQ2xhY0ozRmFlMnN2d294TWpmVlNFbXU4ZGI0dHZPcW5jUEFKNXBzUEYzSEF2dGppUGJhNmRVVFM3d0xhLVA5NFE?oc=5\" target=\"_blank\" rel=\"nofollow noopener\">Dansk avis: Unders\u00f8ker om danske soldater avfyrte skudd mot Wider\u00f8e-fly<\/a>&nbsp;&nbsp;VG<\/li>\n<li><a href=\"https:\/\/news.google.com\/rss\/articles\/CBMidkFVX3lxTFBPQUxQTi1aQm5RVlBaa1Z5aWYyMXozaHhlU281UWZ5akJReE5WTU9NYzFHeFY4QzZVN0txcXRiTmRIMllzdEdhRE1HX0ZJS2d1MmlxRjlJRFRjZTBXcWJkbUR3dUx3ZUdSYUpCWXVxSVFvUUNNdXc?oc=5\" target=\"_blank\" rel=\"nofollow noopener\">Unders\u00f8ker mulig skuddhendelse<\/a>&nbsp;&nbsp;TV2.no<\/li>\n<li><a href=\"https:\/\/news.google.com\/rss\/articles\/CBMisgFBVV95cUxPdnpoNGM4UzVSWmtjNE03LW45T0E1QV9EWlFzSFdBRFozMGhQSXpMeDNvaDNSRi02SXpHQjlKZVJZTHJEaW1MbndhQTg0d3VDRUtzVDJnOHNUZ09YNEFGR29ZXzVnQ0xxREtRME1iMjROMVFNTldyQWduRDFhc2JIU3BFNFlQWW13UHlxdFdQc29HdmNQYmt2OF8xQ04tdGxjSEo0SXd6SzQ5NE44Y1k5WnpR?oc=5\" target=\"_blank\" rel=\"nofollow noopener\">Dansk radiokanal: Unders\u00f8ker om dansk soldat fyrte av skot mot Wider\u00f8e-fly fr\u00e5 Bergen<\/a>&nbsp;&nbsp;Bergens Tidende<\/li>\n<li><a href=\"https:\/\/news.google.com\/rss\/articles\/CBMiugFBVV95cUxPdy13SjVqQlhWeFMxU0lKY0MzTjQySUh1b09MaU9ScVIwX294S3U4ejJ6TzBWY1VIUU5pQ3BFMnBqbm1pTXpLTDJIQ2FyNnVuRlNEcG5ST0J3dXo5UHB6Z0pDcHgxaVhEbTIwbHJiSFlyMGhFYkZjckdZU05wZE51eFRkSGtiUTczaWh0Y0k0RlJBbmtXRXlxTElhb25IM01ITFAxeWZhWmVFOGM2cDFraUtzc3ZSLWxvckE?oc=5\" target=\"_blank\" rel=\"nofollow noopener\">Dialog mellom norske og danske myndigheter om mulig skyting n\u00e6r Wider\u00f8e-fly<\/a>&nbsp;&nbsp;ABC Nyheter<\/li>\n<\/ol>\n","protected":false},"excerpt":{"rendered":"Trafikk, Fly | Kan ha avfyrt skudd mot Wider\u00f8e-fly&nbsp;&nbsp;Avisa Nordland Dansk avis: Unders\u00f8ker om danske soldater avfyrte skudd&hellip;\n","protected":false},"author":2,"featured_media":139204,"comment_status":"","ping_status":"","sticky":false,"template":"","format":"standard","meta":{"footnotes":""},"categories":[10],"tags":[20,21,24,25,15,22,23,13,30,28,29,14,16,26,27],"class_list":{"0":"post-139203","1":"post","2":"type-post","3":"status-publish","4":"format-standard","5":"has-post-thumbnail","7":"category-norge","8":"tag-breaking-news","9":"tag-breakingnews","10":"tag-featured-news","11":"tag-featurednews","12":"tag-headlines","13":"tag-latest-news","14":"tag-latestnews","15":"tag-news","16":"tag-no","17":"tag-norge","18":"tag-norway","19":"tag-nyheter","20":"tag-overskrifter","21":"tag-top-stories","22":"tag-topstories"},"share_on_mastodon":{"url":"https:\/\/pubeurope.com\/@no\/115905087786772867","error":""},"_links":{"self":[{"href":"https:\/\/www.europesays.com\/no\/wp-json\/wp\/v2\/posts\/139203","targetHints":{"allow":["GET"]}}],"collection":[{"href":"https:\/\/www.europesays.com\/no\/wp-json\/wp\/v2\/posts"}],"about":[{"href":"https:\/\/www.europesays.com\/no\/wp-json\/wp\/v2\/types\/post"}],"author":[{"embeddable":true,"href":"https:\/\/www.europesays.com\/no\/wp-json\/wp\/v2\/users\/2"}],"replies":[{"embeddable":true,"href":"https:\/\/www.europesays.com\/no\/wp-json\/wp\/v2\/comments?post=139203"}],"version-history":[{"count":0,"href":"https:\/\/www.europesays.com\/no\/wp-json\/wp\/v2\/posts\/139203\/revisions"}],"wp:featuredmedia":[{"embeddable":true,"href":"https:\/\/www.europesays.com\/no\/wp-json\/wp\/v2\/media\/139204"}],"wp:attachment":[{"href":"https:\/\/www.europesays.com\/no\/wp-json\/wp\/v2\/media?parent=139203"}],"wp:term":[{"taxonomy":"category","embeddable":true,"href":"https:\/\/www.europesays.com\/no\/wp-json\/wp\/v2\/categories?post=139203"},{"taxonomy":"post_tag","embeddable":true,"href":"https:\/\/www.europesays.com\/no\/wp-json\/wp\/v2\/tags?post=139203"}],"curies":[{"name":"wp","href":"https:\/\/api.w.org\/{rel}","templated":true}]}}