{"id":139205,"date":"2026-01-16T13:47:18","date_gmt":"2026-01-16T13:47:18","guid":{"rendered":"https:\/\/www.europesays.com\/no\/139205\/"},"modified":"2026-01-16T13:47:18","modified_gmt":"2026-01-16T13:47:18","slug":"trafikk-vefsn-ekstra-asfaltmidler-til-fylkesveiene-disse-lokale-strekningene-prioriteres","status":"publish","type":"post","link":"https:\/\/www.europesays.com\/no\/139205\/","title":{"rendered":"Trafikk, Vefsn | Ekstra asfaltmidler til fylkesveiene: Disse lokale strekningene prioriteres"},"content":{"rendered":"\n<p>\u2013 Dette er et l\u00f8ft som vil merkes, sier fylkesr\u00e5d for samferdsel Richard Dagsvik (FrP) i en pressemelding.<\/p>\n<p>Vedlikeholdsetterslepet p\u00e5 fylkesveiene i Nordland har lenge v\u00e6rt en hodepine for b\u00e5de politikere og trafikanter. N\u00e5 tar fylkesr\u00e5det grep og foresl\u00e5r \u00e5 \u00f8ke asfaltbudsjettet med 30 millioner kroner \u00e5rlig de neste fire \u00e5rene. Dette er friske midler som kommer i tillegg til de ordin\u00e6re bevilgningene, som i 2025 l\u00e5 p\u00e5 250 millioner kroner.<\/p>\n<p>To lokale strekninger<\/p>\n<p>Samferdselsr\u00e5d Dagsvik peker spesielt p\u00e5 to veier p\u00e5 Helgeland som er kritiske for n\u00e6ringstransporten n\u00e5r det n\u00e5 skal inng\u00e5s asfaltkontrakter som skal g\u00e5 over flere \u00e5r:<\/p>\n<p>Ved \u00e5 inng\u00e5 kontrakter som strekker seg over flere \u00e5r, h\u00e5per fylkesr\u00e5den \u00e5 f\u00e5 mer asfalt ut av hver krone. Dette skal gi entrepren\u00f8rene st\u00f8rre forutsigbarhet, samtidig som trafikantene f\u00e5r vite n\u00f8yaktig hvilke veier som st\u00e5r for tur.<\/p>\n<p>\u2013 Vi ser et stort behov for bedre veistandard, og denne satsingen vil gi tryggere og mer framkommelige veier for alle, sier Dagsvik. Han legger s\u00e6rlig vekt p\u00e5 at n\u00e6ringstransporten er avhengig av gode og forutsigbare forhold for \u00e5 f\u00e5 varene trygt fram.<\/p>\n<p><b>Disse veiene f\u00e5r ogs\u00e5 asfalt:<\/b><\/p>\n<p>Avgj\u00f8res i februar<\/p>\n<p>Fylkesr\u00e5d for finans og organisasjon, Aina Nilsen (Sp), kaller satsingen \u00abhistorisk\u00bb og understreker at dette er en ren \u00f8kning av budsjettene, ikke en omprioritering fra andre samferdselsprosjekter.<\/p>\n<p>Selv om planene n\u00e5 er lagt fram, er det fylkestinget som skal ta den endelige beslutningen. Saken legges fram for politisk behandling allerede i februar. Dersom forslaget vedtas, vil arbeidet med \u00e5 tette hull og legge nytt dekke p\u00e5 de prioriterte strekningene p\u00e5 Helgeland starte opp som en del av de kommende \u00e5rs asfaltprogram.<\/p>\n<p>  <a href=\"https:\/\/www.helg.no\/5-24-1111783\" class=\"related-teaser has-image default-story-teaser article--c-eRUmMG article--c-eRUmMG-jKCPdD-design-default\" rel=\"nofollow noopener\" target=\"_blank\"><\/p>\n<p>    <img decoding=\"async\" loading=\"lazy\"  src=\"https:\/\/www.europesays.com\/no\/wp-content\/uploads\/2026\/01\/5_24_948736+IMG_8365.jpeg\" alt=\"\" class=\"brick-c-cFOWSL\" style=\"\"\/><\/p>\n<p>\n            Les ogs\u00e5<\/p>\n<p>              Lover historisk veil\u00f8ft i Nordland: \u2013 Vi har et enormt etterslep p\u00e5 fylkesveiene\n        <\/p>\n<p>  <\/a><\/p>\n","protected":false},"excerpt":{"rendered":"\u2013 Dette er et l\u00f8ft som vil merkes, sier fylkesr\u00e5d for samferdsel Richard Dagsvik (FrP) i en pressemelding.&hellip;\n","protected":false},"author":2,"featured_media":139206,"comment_status":"","ping_status":"","sticky":false,"template":"","format":"standard","meta":{"footnotes":""},"categories":[5],"tags":[465,36,20,21,24,25,15,19,22,23,17,18,62,13,30,28,29,14,16,41,223,1510,26,27,224,1203],"class_list":{"0":"post-139205","1":"post","2":"type-post","3":"status-publish","4":"format-standard","5":"has-post-thumbnail","7":"category-overskrifter","8":"tag-arbeidsliv","9":"tag-art","10":"tag-breaking-news","11":"tag-breakingnews","12":"tag-featured-news","13":"tag-featurednews","14":"tag-headlines","15":"tag-hovedoppslag","16":"tag-latest-news","17":"tag-latestnews","18":"tag-main-news","19":"tag-mainnews","20":"tag-naeringsliv","21":"tag-news","22":"tag-no","23":"tag-norge","24":"tag-norway","25":"tag-nyheter","26":"tag-overskrifter","27":"tag-politikk","28":"tag-samferdsel","29":"tag-story","30":"tag-top-stories","31":"tag-topstories","32":"tag-trafikk","33":"tag-vefsn"},"share_on_mastodon":{"url":"https:\/\/pubeurope.com\/@no\/115905091603181239","error":""},"_links":{"self":[{"href":"https:\/\/www.europesays.com\/no\/wp-json\/wp\/v2\/posts\/139205","targetHints":{"allow":["GET"]}}],"collection":[{"href":"https:\/\/www.europesays.com\/no\/wp-json\/wp\/v2\/posts"}],"about":[{"href":"https:\/\/www.europesays.com\/no\/wp-json\/wp\/v2\/types\/post"}],"author":[{"embeddable":true,"href":"https:\/\/www.europesays.com\/no\/wp-json\/wp\/v2\/users\/2"}],"replies":[{"embeddable":true,"href":"https:\/\/www.europesays.com\/no\/wp-json\/wp\/v2\/comments?post=139205"}],"version-history":[{"count":0,"href":"https:\/\/www.europesays.com\/no\/wp-json\/wp\/v2\/posts\/139205\/revisions"}],"wp:featuredmedia":[{"embeddable":true,"href":"https:\/\/www.europesays.com\/no\/wp-json\/wp\/v2\/media\/139206"}],"wp:attachment":[{"href":"https:\/\/www.europesays.com\/no\/wp-json\/wp\/v2\/media?parent=139205"}],"wp:term":[{"taxonomy":"category","embeddable":true,"href":"https:\/\/www.europesays.com\/no\/wp-json\/wp\/v2\/categories?post=139205"},{"taxonomy":"post_tag","embeddable":true,"href":"https:\/\/www.europesays.com\/no\/wp-json\/wp\/v2\/tags?post=139205"}],"curies":[{"name":"wp","href":"https:\/\/api.w.org\/{rel}","templated":true}]}}